{"id":990,"date":"2022-02-26T15:43:02","date_gmt":"2022-02-26T14:43:02","guid":{"rendered":"https:\/\/www.hlas-pravoslavi.cz\/?p=990"},"modified":"2022-03-26T15:43:13","modified_gmt":"2022-03-26T14:43:13","slug":"top-5-trendu-pronasledovani-krestanu-v-lonskem-roce","status":"publish","type":"post","link":"https:\/\/www.hlas-pravoslavi.cz\/index.php\/2022\/02\/26\/top-5-trendu-pronasledovani-krestanu-v-lonskem-roce\/","title":{"rendered":"Top 5 trend\u016f pron\u00e1sledov\u00e1n\u00ed k\u0159es\u0165an\u016f v\u00a0lo\u0148sk\u00e9m roce"},"content":{"rendered":"\n<p>Na za\u010d\u00e1tku roku byl zve\u0159ejn\u011bn World Watch List 2022, ro\u010dn\u00ed zpr\u00e1va o pades\u00e1ti zem\u00edch po cel\u00e9m sv\u011bt\u011b, kde b\u00fdt k\u0159es\u0165anem je nejnebezpe\u010dn\u011bj\u0161\u00ed. Zpr\u00e1va je pln\u00e1 \u00fadaj\u016f, statistik a p\u0159\u00edklad\u016f o nebezpe\u010d\u00ed, ve kter\u00e9m k\u0159es\u0165an\u00e9 ka\u017ed\u00fd den \u017eij\u00ed. Tyto informace jsou ohromuj\u00edc\u00ed. Auto\u0159i zpr\u00e1vy tak\u00e9 sestavili seznam p\u011bti hlavn\u00edch trend\u016f v&nbsp;pron\u00e1sledov\u00e1n\u00ed k\u0159es\u0165an\u016f. C\u00edlem je p\u0159ipomenout lidem \u017eij\u00edc\u00edm v&nbsp;bezpe\u010d\u00ed, \u017ee jej\u00edch brat\u0159i a sestry v&nbsp;Kristu denn\u011b bojuj\u00ed za sv\u00e9 pr\u00e1vo vyzn\u00e1vat Krista, a vyzvat je k&nbsp;modlitb\u011b za tyto ohro\u017een\u00e9 lidi.<\/p>\n\n\n\n<p><strong># 1. Nov\u00fd l\u00eddr v\u00a0pron\u00e1sledov\u00e1n\u00ed \u00a0<\/strong><\/p>\n\n\n\n<figure class=\"wp-block-image size-full\"><img loading=\"lazy\" decoding=\"async\" width=\"800\" height=\"450\" src=\"https:\/\/www.hlas-pravoslavi.cz\/wp-content\/uploads\/2022\/03\/1-Novy-lidr.jpg\" alt=\"\" class=\"wp-image-991\" srcset=\"https:\/\/www.hlas-pravoslavi.cz\/wp-content\/uploads\/2022\/03\/1-Novy-lidr.jpg 800w, https:\/\/www.hlas-pravoslavi.cz\/wp-content\/uploads\/2022\/03\/1-Novy-lidr-300x169.jpg 300w, https:\/\/www.hlas-pravoslavi.cz\/wp-content\/uploads\/2022\/03\/1-Novy-lidr-768x432.jpg 768w\" sizes=\"auto, (max-width: 800px) 100vw, 800px\" \/><\/figure>\n\n\n\n<p>Posledn\u00edch 20 let na prvn\u00edm m\u00edst\u011b mezi nejnebezpe\u010dn\u011bj\u0161\u00edmi zem\u011bmi byla Severn\u00ed Korea. Ta ov\u0161em sv\u00e9 prvenstv\u00ed letos ztratila ve prosp\u011bch Afgh\u00e1nist\u00e1nu. Aby bylo jasno, neznamen\u00e1 to, \u017ee se situace pro k\u0159es\u0165any v Severn\u00ed Koreji zlep\u0161uje. Ani n\u00e1hodou. Znamen\u00e1 to jenom, \u017ee se situace v Afgh\u00e1nist\u00e1nu zhor\u0161ila.<\/p>\n\n\n\n<p>Po p\u0159evzet\u00ed moci Talibanem v&nbsp;srpnu 2021 se Afgh\u00e1nist\u00e1n stal pro k\u0159es\u0165any past\u00ed. Neodva\u017euj\u00ed se vych\u00e1zet z domov\u016f, nesm\u011bj\u00ed na n\u00e1kup, k&nbsp;l\u00e9ka\u0159i ani samoz\u0159ejm\u011b na modlitebn\u00ed setk\u00e1n\u00ed. Byli zahn\u00e1ni do ilegality a bojuj\u00ed o p\u0159e\u017eit\u00ed. Taliban z\u00edskal seznamy k\u0159es\u0165an\u016f \u017eij\u00edc\u00edch v zemi a chod\u00ed od m\u011bsta k m\u011bstu ve snaze je definitivn\u011b zni\u010dit.<\/p>\n\n\n\n<p>Mnoz\u00ed k\u0159es\u0165an\u00e9 museli ze zem\u011b uprchnout, aby zachr\u00e1nili sv\u00e9 d\u011bti, ale n\u011bkte\u0159\u00ed z\u016fstali spol\u00e9haj\u00edce na milosrdenstv\u00ed Boha. K\u0159es\u0165an\u00e9 v&nbsp;Afgh\u00e1nist\u00e1nu jsou pova\u017eov\u00e1ni za zr\u00e1dce, nep\u0159\u00e1tel\u00e9 st\u00e1tu, sv\u00fdch kmen\u016f a rodin. Trestem je \u010dasto smrt.<\/p>\n\n\n\n<p><strong># 2. Nejnebezpe\u010dn\u011bj\u0161\u00ed m\u00edsta pro k\u0159es\u0165any jsou je\u0161t\u011b nebezpe\u010dn\u011bj\u0161\u00ed<\/strong><\/p>\n\n\n\n<p>V&nbsp;roce 2020 bylo podle nejoptimisti\u010dt\u011bj\u0161\u00edho odhadu organizace Open Doors USA pro svou v\u00edru zabito 4 761 k\u0159es\u0165an\u016f. V&nbsp;roce 2021 se toto \u010d\u00edslo zv\u00fd\u0161ilo o t\u00e9m\u011b\u0159 24 % na 5 898 (ve skute\u010dnosti je mnohem vy\u0161\u0161\u00ed). 4 650 z t\u011bchto zabit\u00ed se odehr\u00e1lo v&nbsp;Nig\u00e9rii. V&nbsp;t\u00e9to zemi bylo loni umu\u010deno pr\u016fm\u011brn\u011b 13 k\u0159es\u0165an\u016f denn\u011b.<\/p>\n\n\n\n<p>Ve velk\u00e9 \u010d\u00e1sti severn\u00ed Nig\u00e9rie k\u0159es\u0165an\u00e9 \u017eij\u00ed pod neust\u00e1lou hrozbou \u00fatok\u016f ze strany Boko Haram, odv\u011btv\u00ed Isl\u00e1msk\u00e9ho st\u00e1tu v z\u00e1padn\u00ed Africe, bojovn\u00edk\u016f Fulb\u016f, africk\u00e9ho etnika, prov\u00e1d\u011bj\u00edc\u00edho genocidu k\u0159es\u0165an\u016f, a zlo\u010dinc\u016f, kte\u0159\u00ed un\u00e1\u0161ej\u00ed a vra\u017ed\u00ed, ani\u017e by pak nesli jakoukoliv zodpov\u011bdnost. Boko Haram m\u00e1 za c\u00edl eliminovat p\u0159\u00edtomnost k\u0159es\u0165an\u016f v Nig\u00e9rii a muslim\u0161t\u00ed bojovn\u00edci Fulbov\u00e9 \u00fato\u010d\u00ed konkr\u00e9tn\u011b na k\u0159es\u0165ansk\u00e9 vesnice. Krom\u011b st\u00e1l\u00e9ho rizika n\u00e1sil\u00ed \u017eivot k\u0159es\u0165an\u016f v n\u011bkter\u00fdch severn\u00edch oblastech Nig\u00e9rie znesnad\u0148uje to, \u017ee mus\u00ed \u017e\u00edt podle pr\u00e1va \u0161ar\u00eda, v&nbsp;d\u016fsledku \u010deho\u017e \u010del\u00ed diskriminaci a jsou pova\u017eov\u00e1ni za ob\u010dany druh\u00e9 kategorie. K\u0159es\u0165an\u0161t\u00ed konvertit\u00e9 tak\u00e9 \u010del\u00ed vyhro\u017eov\u00e1n\u00ed ze strany sv\u00fdch rodin, kter\u00e9 na n\u011b tla\u010d\u00ed, aby se z\u0159ekli Krista a vr\u00e1tili se k&nbsp;muslimsk\u00e9 v\u00ed\u0159e.<\/p>\n\n\n\n<p>Na Nig\u00e9rii p\u0159ipad\u00e1 t\u00e9m\u011b\u0159 80 procent vra\u017ed k\u0159es\u0165an\u016f, ale n\u00e1sil\u00ed se nad\u00e1le rychle \u0161\u00ed\u0159\u00ed po cel\u00e9 subsaharsk\u00e9 Africe. V prvn\u00ed des\u00edtce nejnebezpe\u010dn\u011bj\u0161\u00edch zem\u00ed pro k\u0159es\u0165any si tato \u010d\u00e1st Afriky ponech\u00e1v\u00e1 sedm m\u00edst: Nig\u00e9rie, Mosambik, Burkina Faso, St\u0159edoafrick\u00e1 republika, Kamerun, Tanzanie a Demokratick\u00e1 republika Kongo.<\/p>\n\n\n\n<p><strong># 3. Pod neust\u00e1l\u00fdm dohledem<\/strong><\/p>\n\n\n\n<figure class=\"wp-block-image size-large\"><img loading=\"lazy\" decoding=\"async\" width=\"1024\" height=\"464\" src=\"https:\/\/www.hlas-pravoslavi.cz\/wp-content\/uploads\/2022\/03\/3-Pod-dohledem-1024x464.jpg\" alt=\"\" class=\"wp-image-992\" srcset=\"https:\/\/www.hlas-pravoslavi.cz\/wp-content\/uploads\/2022\/03\/3-Pod-dohledem-1024x464.jpg 1024w, https:\/\/www.hlas-pravoslavi.cz\/wp-content\/uploads\/2022\/03\/3-Pod-dohledem-300x136.jpg 300w, https:\/\/www.hlas-pravoslavi.cz\/wp-content\/uploads\/2022\/03\/3-Pod-dohledem-768x348.jpg 768w, https:\/\/www.hlas-pravoslavi.cz\/wp-content\/uploads\/2022\/03\/3-Pod-dohledem.jpg 1400w\" sizes=\"auto, (max-width: 1024px) 100vw, 1024px\" \/><\/figure>\n\n\n\n<p>\u010c\u00ednsk\u00fd syst\u00e9m sledov\u00e1n\u00ed po dlouhou dobu zasahoval do n\u00e1bo\u017eensk\u00fdch svobod k\u0159es\u0165an\u016f a dal\u0161\u00edch n\u00e1bo\u017eensk\u00fdch men\u0161in. Te\u010f je situace je\u0161t\u011b hor\u0161\u00ed. Existuj\u00ed zpr\u00e1vy, \u017ee kamery jsou p\u0159\u00edtomny ve v\u0161ech st\u00e1tem schv\u00e1len\u00fdch n\u00e1bo\u017eensk\u00fdch za\u0159\u00edzen\u00edch. V roce 2021 byly sta\u017eeny z internetov\u00fdch obchod\u016f n\u011bkter\u00e9 biblick\u00e9 aplikace, k\u0159es\u0165ansk\u00fd obsah byl vymaz\u00e1v\u00e1n ze soci\u00e1ln\u00edch s\u00edt\u00ed a omezen\u00ed online \u010dinnosti se zp\u0159\u00edsnila. \u010c\u00edna tak\u00e9 zavedla program, v jeho\u017e r\u00e1mci mohou ob\u010dan\u00e9 hl\u00e1sit v\u0161e \u201epodez\u0159el\u00e9\u201c policii.<\/p>\n\n\n\n<p>N\u00e1sledkem kamerov\u00e9ho sledov\u00e1n\u00ed a hl\u00e1\u0161en\u00ed ob\u010dan\u016f b\u00fdvaj\u00ed z\u00e1kazy bohoslu\u017eeb a zat\u00fdk\u00e1n\u00ed duchovn\u00edch. V&nbsp;d\u016fsledku toho, \u017ee se \u010d\u00ednsk\u00e1 technologie dohledu \u0161\u00ed\u0159\u00ed do zem\u00ed jako t\u0159eba Laos, P\u00e1kist\u00e1n, Sa\u00fadsk\u00e1 Ar\u00e1bie, a dokonce i do z\u00e1padn\u00edch zem\u00ed, mo\u017enost dal\u0161\u00edho pron\u00e1sledov\u00e1n\u00ed k\u0159es\u0165ansk\u00fdch c\u00edrkv\u00ed st\u00e1le roste.<\/p>\n\n\n\n<p><strong># 4. Extremist\u00e9 v\u00edt\u011bz\u00ed?<\/strong><\/p>\n\n\n\n<p>Kdy\u017e T\u00e1lib\u00e1n v&nbsp;srpnu minul\u00e9ho roku ovl\u00e1dl Afgh\u00e1nist\u00e1n, bylo to pro isl\u00e1msk\u00e9 extremisty velk\u00e9 v\u00edt\u011bzstv\u00ed. Po 20 letech americk\u00e9 okupace, zmatku a n\u00e1sil\u00ed se situace je\u0161t\u011b zhor\u0161ila, radik\u00e1lov\u00e9 byli nad\u0161eni, \u017ee znovu dobyli hlavn\u00ed m\u011bsto K\u00e1bul, vyv\u011bsili svou vlajku nad vl\u00e1dn\u00edmi budovami a za\u010dali potla\u010dovat pr\u00e1va \u017een a n\u00e1bo\u017eensk\u00fdch men\u0161in.<\/p>\n\n\n\n<p>Ale T\u00e1lib\u00e1n nebyl jedinou extremistickou skupinou, kter\u00e1 v roce 2021 ud\u011blala pokroky. Isl\u00e1msk\u00fd extremismus se nad\u00e1le p\u0159el\u00e9v\u00e1 z jedn\u00e9 zem\u011b do druh\u00e9. V Nig\u00e9rii a Kamerunu Boko Haram upevnilo sv\u00e9 postaven\u00ed, skupina Isl\u00e1msk\u00fd st\u00e1t je aktivn\u00ed v z\u00e1padn\u00ed Africe a Mosambiku a islamist\u00e9 z al Shabab ovl\u00e1daj\u00ed velkou \u010d\u00e1st Som\u00e1lska.<\/p>\n\n\n\n<p>Radik\u00e1ln\u00ed isl\u00e1msk\u00e1 ideologie je smrteln\u011b nebezpe\u010dn\u00e1 pro v\u011b\u0159\u00edc\u00ed v&nbsp;Je\u017e\u00ed\u0161e Krista. Uk\u00e1zalo se to v Ir\u00e1ku a S\u00fdrii. Kdy\u017e ISIS dobyl \u010d\u00e1st Bl\u00edzk\u00e9ho v\u00fdchodu, k\u0159es\u0165an\u00e9 byli popravov\u00e1ni, un\u00e1\u0161eni, sexu\u00e1ln\u011b zneu\u017e\u00edv\u00e1ni. Tam, kde jsou aktivn\u00ed skupiny jako Boko Haram a al Shabab, jsou podobn\u00e9 hrozby nevyhnuteln\u00e9. Kdy\u017e T\u00e1lib\u00e1n p\u0159evzal moc nad Afgh\u00e1nist\u00e1nem, sna\u017eili se p\u016fsobit um\u00edrn\u011bn\u011b, ale nic nenasv\u011bd\u010duje tomu, \u017ee by k\u0159es\u0165ansk\u00e1 v\u00edra v&nbsp;t\u00e9to \u010d\u00e1sti sv\u011bta mohla b\u00fdt n\u011b\u010d\u00edm jin\u00fdm ne\u017e rozsudkem smrti.<\/p>\n\n\n\n<p>I kdy\u017e extremist\u00e9 v\u00edt\u011bz\u00ed a zd\u00e1 se to v\u0161e docela beznad\u011bjn\u00e9, B\u016fh je i nad\u00e1le zdrojem nikdy nekon\u010d\u00edc\u00ed nad\u011bje. K\u0159es\u0165an\u00e9 povst\u00e1vaj\u00ed z popela a jejich v\u00edra roste. Bo\u017e\u00ed c\u00edrkev nem\u016f\u017ee b\u00fdt nikdy zni\u010dena, ani isl\u00e1msk\u00fdm extremismem. C\u00edrkev se m\u016f\u017ee dostat do katakomb, ale bude nad\u00e1le existovat a rozv\u00edjet se, proto\u017ee jej\u00edm hlavou je Je\u017e\u00ed\u0161 Kristus.<\/p>\n\n\n\n<p><strong># 5. Nespo\u010det lid\u00ed vyhnan\u00fdch ze sv\u00fdch domov\u016f pro Je\u017e\u00ed\u0161e<\/strong><\/p>\n\n\n\n<figure class=\"wp-block-image size-full\"><img loading=\"lazy\" decoding=\"async\" width=\"770\" height=\"569\" src=\"https:\/\/www.hlas-pravoslavi.cz\/wp-content\/uploads\/2022\/03\/5-Vyhnani-z-domovu.jpg\" alt=\"\" class=\"wp-image-993\" srcset=\"https:\/\/www.hlas-pravoslavi.cz\/wp-content\/uploads\/2022\/03\/5-Vyhnani-z-domovu.jpg 770w, https:\/\/www.hlas-pravoslavi.cz\/wp-content\/uploads\/2022\/03\/5-Vyhnani-z-domovu-300x222.jpg 300w, https:\/\/www.hlas-pravoslavi.cz\/wp-content\/uploads\/2022\/03\/5-Vyhnani-z-domovu-768x568.jpg 768w\" sizes=\"auto, (max-width: 770px) 100vw, 770px\" \/><\/figure>\n\n\n\n<p>V mnoha zem\u00edch sv\u011bta byli k\u0159es\u0165an\u00e9 vys\u00eddleni a stali se uprchl\u00edky, vyhn\u00e1ni ze sv\u00fdch domov\u016f pron\u00e1sledov\u00e1n\u00edm. V mnoha africk\u00fdch zem\u00edch, jako jsou Nig\u00e9rie a Mosambik, kde extremistick\u00e9 vojensk\u00e9 skupiny zvy\u0161uj\u00ed svou aktivitu, je pro v\u011b\u0159\u00edc\u00ed bezpe\u010dn\u011bj\u0161\u00ed uprchnout ne\u017e z\u016fstat. V Eritrei \u017eeny k\u0159es\u0165anky prchaj\u00ed, aby se vyhnuly povinn\u00e9 vojensk\u00e9 slu\u017eb\u011b, kde by mohly b\u00fdt ml\u00e1ceny, zn\u00e1siln\u011bny nebo i zabity.<\/p>\n\n\n\n<p>Po lo\u0148sk\u00e9m vojensk\u00e9m p\u0159evratu \u010del\u00ed k\u0159es\u0165an\u00e9 v Myanmaru zv\u00fd\u0161en\u00e9mu nebezpe\u010d\u00ed a st\u00e1le v\u00edce jich je nuceno prchat ve snaze zachr\u00e1nit sv\u016fj \u017eivot. Vzhledem k tomu, \u017ee boje prob\u00edhaj\u00ed v mnoha k\u0159es\u0165ansk\u00fdch provinci\u00edch, nemaj\u00ed v\u011b\u0159\u00edc\u00ed a jejich rodiny jinou mo\u017enost ne\u017e hledat bezpe\u010d\u00ed v t\u00e1borech pro vys\u00eddlen\u00e9; v t\u011bchto t\u00e1borech k\u0159es\u0165an\u016fm \u010dasto chyb\u00ed j\u00eddlo a zdravotn\u00ed p\u00e9\u010de.<\/p>\n\n\n\n<p>Mnoz\u00ed k\u0159es\u0165an\u00e9, kte\u0159\u00ed v\u011bd\u011bli, \u017ee jsou na seznamu T\u00e1lib\u00e1nu, uprchli z Afgh\u00e1nist\u00e1nu a zanechali v\u0161e, co vlastnili. V \u00cdr\u00e1nu je to v podstat\u011b stejn\u00e9: radik\u00e1ln\u00ed isl\u00e1msk\u00e1 vl\u00e1da prov\u00e1d\u00ed razie v domech k\u0159es\u0165an\u016f a pot\u00e9 je odsoud\u00ed do v\u011bzen\u00ed za \u201ezlo\u010diny proti n\u00e1rodn\u00ed bezpe\u010dnosti\u201c. V\u011b\u0159\u00edc\u00edm je ponech\u00e1na volba: z\u016fstat v \u00cdr\u00e1nu a ml\u010det o Je\u017e\u00ed\u0161i; b\u00fdt v\u011bzn\u011bni; nebo opustit zemi.<\/p>\n\n\n\n<p>V zem\u00edch, kde jsou tradice a kultura vysoce cen\u011bn\u00e9, jako t\u0159eba ve Vietnamu, jsou k\u0159es\u0165an\u00e9 nen\u00e1vid\u011bni proto, \u017ee jdou proti zvyk\u016fm sv\u00fdch p\u0159edk\u016f. Jsou pova\u017eov\u00e1ni za zr\u00e1dce. Pokud tito k\u0159es\u0165an\u00e9 neute\u010dou, jejich domy mohou b\u00fdt sp\u00e1leny a jejich rodiny uneseny nebo zabity.<\/p>\n\n\n\n<p>C\u00edrkev je pod \u00fatokem po cel\u00e9m sv\u011bt\u011b a k\u0159es\u0165an\u00e9 jsou pron\u00e1sledov\u00e1ni pouze proto, \u017ee n\u00e1sleduj\u00ed Je\u017e\u00ed\u0161e.<\/p>\n\n\n\n<p>Tyto smutn\u00e9 trendy by n\u00e1s v\u0161ak nem\u011bly odradit od Boha ani p\u0159im\u011bt k zoufalstv\u00ed. To, co se d\u011bje s Bo\u017e\u00edm lidem, by n\u00e1s m\u011blo nab\u00e1dat k modlitb\u011b a pos\u00edlen\u00ed na\u0161\u00ed v\u00edry. Na\u0161i brat\u0159i a sestry po cel\u00e9m sv\u011bt\u011b nehled\u011b na nebezpe\u010d\u00ed nad\u00e1le n\u00e1sleduj\u00ed Krista. T\u00edm sp\u00ed\u0161 se my \u017eij\u00edc\u00ed v&nbsp;pohodl\u00ed mus\u00edme neust\u00e1le modlit a \u017e\u00edt v&nbsp;Kristu.<\/p>\n\n\n\n<p>Tim Dustin<\/p>\n\n\n\n<p>Zdroj: <a href=\"http:\/\/www.opendoorsusa.org\">www.opendoorsusa.org<\/a><\/p>\n\n\n\n<p>Foto: Open Doors USA<\/p>\n","protected":false},"excerpt":{"rendered":"<p>Na za\u010d\u00e1tku roku byl zve\u0159ejn\u011bn World Watch List 2022, ro\u010dn\u00ed zpr\u00e1va o pades\u00e1ti zem\u00edch po cel\u00e9m sv\u011bt\u011b, kde b\u00fdt k\u0159es\u0165anem je nejnebezpe\u010dn\u011bj\u0161\u00ed. Zpr\u00e1va je pln\u00e1&hellip;<\/p>\n","protected":false},"author":1,"featured_media":0,"comment_status":"closed","ping_status":"open","sticky":false,"template":"","format":"standard","meta":{"footnotes":""},"categories":[13],"tags":[51],"class_list":["post-990","post","type-post","status-publish","format-standard","hentry","category-cirkev-a-spolecnost","tag-2022-02"],"_links":{"self":[{"href":"https:\/\/www.hlas-pravoslavi.cz\/index.php\/wp-json\/wp\/v2\/posts\/990","targetHints":{"allow":["GET"]}}],"collection":[{"href":"https:\/\/www.hlas-pravoslavi.cz\/index.php\/wp-json\/wp\/v2\/posts"}],"about":[{"href":"https:\/\/www.hlas-pravoslavi.cz\/index.php\/wp-json\/wp\/v2\/types\/post"}],"author":[{"embeddable":true,"href":"https:\/\/www.hlas-pravoslavi.cz\/index.php\/wp-json\/wp\/v2\/users\/1"}],"replies":[{"embeddable":true,"href":"https:\/\/www.hlas-pravoslavi.cz\/index.php\/wp-json\/wp\/v2\/comments?post=990"}],"version-history":[{"count":1,"href":"https:\/\/www.hlas-pravoslavi.cz\/index.php\/wp-json\/wp\/v2\/posts\/990\/revisions"}],"predecessor-version":[{"id":994,"href":"https:\/\/www.hlas-pravoslavi.cz\/index.php\/wp-json\/wp\/v2\/posts\/990\/revisions\/994"}],"wp:attachment":[{"href":"https:\/\/www.hlas-pravoslavi.cz\/index.php\/wp-json\/wp\/v2\/media?parent=990"}],"wp:term":[{"taxonomy":"category","embeddable":true,"href":"https:\/\/www.hlas-pravoslavi.cz\/index.php\/wp-json\/wp\/v2\/categories?post=990"},{"taxonomy":"post_tag","embeddable":true,"href":"https:\/\/www.hlas-pravoslavi.cz\/index.php\/wp-json\/wp\/v2\/tags?post=990"}],"curies":[{"name":"wp","href":"https:\/\/api.w.org\/{rel}","templated":true}]}}