{"id":919,"date":"2021-01-21T16:10:45","date_gmt":"2021-01-21T15:10:45","guid":{"rendered":"https:\/\/www.hlas-pravoslavi.cz\/?p=919"},"modified":"2022-02-21T16:10:59","modified_gmt":"2022-02-21T15:10:59","slug":"devitiletemu-chlapci-zachranil-zivot-krizek-na-krku","status":"publish","type":"post","link":"https:\/\/www.hlas-pravoslavi.cz\/index.php\/2021\/01\/21\/devitiletemu-chlapci-zachranil-zivot-krizek-na-krku\/","title":{"rendered":"Dev\u00edtilet\u00e9mu chlapci zachr\u00e1nil \u017eivot k\u0159\u00ed\u017eek na krku"},"content":{"rendered":"\n<p>O neuv\u011b\u0159iteln\u00e9m \u0161t\u011bst\u00ed m\u016f\u017ee hovo\u0159it dev\u00edtilet\u00fd chlapec z Argentiny. P\u0159ed zbloudilou kulkou ho b\u011bhem novoro\u010dn\u00edch oslav zachr\u00e1nil k\u0159\u00ed\u017eek na krku, kter\u00fd st\u0159elu zastavil. Kdo a pro\u010d st\u0159\u00edlel, zat\u00edm nen\u00ed jasn\u00e9.<\/p>\n\n\n\n<p>Mlad\u00fd Tiziano oslavoval p\u0159\u00edchod nov\u00e9ho roku v argentinsk\u00e9 provincii Tucum\u00e1n, kdy\u017e najednou p\u0159ed domem uc\u00edtil silnou bolest na hrudi. B\u011bhem \u010dek\u00e1n\u00ed na svoji sestru a sest\u0159enici jej toti\u017e zas\u00e1hla kulka, kterou jako z\u00e1zrakem zblokoval k\u0159\u00ed\u017eek na krku, kter\u00fd dostal od sv\u00e9ho otce jako d\u00e1rek.<\/p>\n\n\n\n<p>Dev\u00edtilet\u00fd chlapec byl p\u0159evezen do nemocnice, l\u00e9ka\u0159i v\u0161ak neodhalili \u017e\u00e1dn\u00e1 z\u00e1va\u017en\u011bj\u0161\u00ed zran\u011bn\u00ed, objevili pouze povrchovou r\u00e1nu, kterou Tizianovi o\u0161et\u0159ili. Po\u0161kozen\u00fd k\u0159\u00ed\u017eek, kter\u00fd kulku zastavil, objevila pozd\u011bji p\u0159\u00edbuzn\u00e1 rodiny na m\u00edst\u011b \u010dinu.<\/p>\n\n\n\n<p>Rodi\u010de chlapce rovn\u011b\u017e uv\u011bdomili policii, kter\u00e1 se za\u010dala zab\u00fdvat t\u00edm, kdo a pro\u010d st\u0159\u00edlel. D\u00e1 se ale p\u0159edpokl\u00e1dat, \u017ee mal\u00fd chlapec z\u0159ejm\u011b nebyl pl\u00e1novanou ob\u011bt\u00ed st\u0159elby.<\/p>\n\n\n\n<p><a href=\"http:\/\/www.novinky.cz\">www.novinky.cz<\/a><\/p>\n","protected":false},"excerpt":{"rendered":"<p>O neuv\u011b\u0159iteln\u00e9m \u0161t\u011bst\u00ed m\u016f\u017ee hovo\u0159it dev\u00edtilet\u00fd chlapec z Argentiny. P\u0159ed zbloudilou kulkou ho b\u011bhem novoro\u010dn\u00edch oslav zachr\u00e1nil k\u0159\u00ed\u017eek na krku, kter\u00fd st\u0159elu zastavil. Kdo a&hellip;<\/p>\n","protected":false},"author":1,"featured_media":920,"comment_status":"closed","ping_status":"open","sticky":false,"template":"","format":"standard","meta":{"footnotes":""},"categories":[10],"tags":[45],"class_list":["post-919","post","type-post","status-publish","format-standard","has-post-thumbnail","hentry","category-zpravy-ze-sveta","tag-2021-01","has-post-thumbnail-archive"],"_links":{"self":[{"href":"https:\/\/www.hlas-pravoslavi.cz\/index.php\/wp-json\/wp\/v2\/posts\/919","targetHints":{"allow":["GET"]}}],"collection":[{"href":"https:\/\/www.hlas-pravoslavi.cz\/index.php\/wp-json\/wp\/v2\/posts"}],"about":[{"href":"https:\/\/www.hlas-pravoslavi.cz\/index.php\/wp-json\/wp\/v2\/types\/post"}],"author":[{"embeddable":true,"href":"https:\/\/www.hlas-pravoslavi.cz\/index.php\/wp-json\/wp\/v2\/users\/1"}],"replies":[{"embeddable":true,"href":"https:\/\/www.hlas-pravoslavi.cz\/index.php\/wp-json\/wp\/v2\/comments?post=919"}],"version-history":[{"count":1,"href":"https:\/\/www.hlas-pravoslavi.cz\/index.php\/wp-json\/wp\/v2\/posts\/919\/revisions"}],"predecessor-version":[{"id":921,"href":"https:\/\/www.hlas-pravoslavi.cz\/index.php\/wp-json\/wp\/v2\/posts\/919\/revisions\/921"}],"wp:featuredmedia":[{"embeddable":true,"href":"https:\/\/www.hlas-pravoslavi.cz\/index.php\/wp-json\/wp\/v2\/media\/920"}],"wp:attachment":[{"href":"https:\/\/www.hlas-pravoslavi.cz\/index.php\/wp-json\/wp\/v2\/media?parent=919"}],"wp:term":[{"taxonomy":"category","embeddable":true,"href":"https:\/\/www.hlas-pravoslavi.cz\/index.php\/wp-json\/wp\/v2\/categories?post=919"},{"taxonomy":"post_tag","embeddable":true,"href":"https:\/\/www.hlas-pravoslavi.cz\/index.php\/wp-json\/wp\/v2\/tags?post=919"}],"curies":[{"name":"wp","href":"https:\/\/api.w.org\/{rel}","templated":true}]}}