{"id":907,"date":"2021-01-21T16:03:45","date_gmt":"2021-01-21T15:03:45","guid":{"rendered":"https:\/\/www.hlas-pravoslavi.cz\/?p=907"},"modified":"2022-02-21T16:04:07","modified_gmt":"2022-02-21T15:04:07","slug":"diakon-andrej-kurajev-muze-byt-zbaven-cirkevni-hodnosti","status":"publish","type":"post","link":"https:\/\/www.hlas-pravoslavi.cz\/index.php\/2021\/01\/21\/diakon-andrej-kurajev-muze-byt-zbaven-cirkevni-hodnosti\/","title":{"rendered":"Di\u00e1kon Andrej Kurajev m\u016f\u017ee b\u00fdt zbaven c\u00edrkevn\u00ed hodnosti"},"content":{"rendered":"\n<p>Eparchi\u00e1ln\u00ed c\u00edrkevn\u00ed soud v Moskv\u011b pro\u0161et\u0159il zpr\u00e1vy o c\u00edrkevn\u00edch p\u0159estupc\u00edch protodi\u00e1kona Andreje Kurajeva a rozhodl, \u017ee mus\u00ed b\u00fdt zbaven di\u00e1konsk\u00e9 hodnosti. Soud p\u0159edev\u0161\u00edm ohodnotil to, \u017ee 21. dubna 2020 klerik na sv\u00fdch webov\u00fdch str\u00e1nk\u00e1ch publikoval ur\u00e1\u017elivou charakteristiku protojereje Alexandra Agejkina, jen\u017e t\u00e9ho\u017e dne zem\u0159el na n\u00e1sledky koronavirov\u00e9 infekce.&nbsp;<\/p>\n\n\n\n<p>Ve v\u00fdroc\u00edch protodi\u00e1kona Kurajeva soud nalezl p\u0159\u00edznaky rouh\u00e1n\u00ed v\u016f\u010di c\u00edrkvi. Byla zm\u00edn\u011bna pomlouva\u010dn\u00e1 \u010dinnost klerika, jen\u017e obvi\u0148oval Ruskou pravoslavnou c\u00edrkev z&nbsp;organizace rozkolu.&nbsp;<\/p>\n\n\n\n<p>Protodi\u00e1kon byl p\u0159edvol\u00e1n k&nbsp;soudn\u00edmu jedn\u00e1n\u00ed \u010dty\u0159kr\u00e1t, ani jednou se ale nedostavil. Vzhledem k tomu pova\u017eoval c\u00edrkevn\u00ed soud za rozumn\u00e9 posoudit p\u0159\u00edpad v&nbsp;nep\u0159\u00edtomnosti ob\u017ealovan\u00e9ho.<\/p>\n\n\n\n<p>Rozhodnut\u00ed nabyde platnosti, bude-li schv\u00e1leno moskevsk\u00fdm patriarchou Kirillem. Do t\u00e9 doby se proti rozsudku lze ve stanoven\u00e9 lh\u016ft\u011b odvolat.<\/p>\n\n\n\n<p>S\u00e1m Kurajev vysv\u011btlil toto soudn\u00ed rozhodnut\u00ed sv\u00fdm odm\u00edtnut\u00edm \u201epokleknout\u201c. P\u0159iznal, \u017ee se s ozn\u00e1men\u00fdm rozsudkem setkal s pocitem p\u0159ipravenosti a nazval jej \u201ekanonickou vra\u017edou\u201c, nejtvrd\u0161\u00edm mo\u017en\u00fdm verdiktem c\u00edrkevn\u00edho soudu.<\/p>\n\n\n\n<p>Kurajev ale v\u011b\u0159\u00ed, \u017ee se v\u0161echno v jeho \u017eivot\u011b d\u011bje v\u010das, podle Bo\u017e\u00ed proz\u0159etelnosti. \u201eNyn\u00ed je m\u016fj zdravotn\u00ed stav takov\u00fd, \u017ee u\u017e to nen\u00ed na cestov\u00e1n\u00ed, na p\u0159edn\u00e1\u0161ky. Jsem introvert, peciv\u00e1l, tak\u017ee \u010d\u00edm v\u00edc se zav\u00edr\u00e1m do karant\u00e9ny, t\u00edm se c\u00edt\u00edm pohodln\u011bji. Knihy, blog, d\u011bti (synovci) \u2013 tomu budu v\u011bnovat ve\u0161ker\u00fd sv\u016fj \u010das,\u201c \u0159ekl protodi\u00e1kon.<\/p>\n\n\n\n<p><a href=\"http:\/\/www.interfax-religion.ru\">www.interfax-religion.ru<\/a><\/p>\n","protected":false},"excerpt":{"rendered":"<p>Eparchi\u00e1ln\u00ed c\u00edrkevn\u00ed soud v Moskv\u011b pro\u0161et\u0159il zpr\u00e1vy o c\u00edrkevn\u00edch p\u0159estupc\u00edch protodi\u00e1kona Andreje Kurajeva a rozhodl, \u017ee mus\u00ed b\u00fdt zbaven di\u00e1konsk\u00e9 hodnosti. Soud p\u0159edev\u0161\u00edm ohodnotil to,&hellip;<\/p>\n","protected":false},"author":1,"featured_media":908,"comment_status":"closed","ping_status":"open","sticky":false,"template":"","format":"standard","meta":{"footnotes":""},"categories":[10],"tags":[45],"class_list":["post-907","post","type-post","status-publish","format-standard","has-post-thumbnail","hentry","category-zpravy-ze-sveta","tag-2021-01","has-post-thumbnail-archive"],"_links":{"self":[{"href":"https:\/\/www.hlas-pravoslavi.cz\/index.php\/wp-json\/wp\/v2\/posts\/907","targetHints":{"allow":["GET"]}}],"collection":[{"href":"https:\/\/www.hlas-pravoslavi.cz\/index.php\/wp-json\/wp\/v2\/posts"}],"about":[{"href":"https:\/\/www.hlas-pravoslavi.cz\/index.php\/wp-json\/wp\/v2\/types\/post"}],"author":[{"embeddable":true,"href":"https:\/\/www.hlas-pravoslavi.cz\/index.php\/wp-json\/wp\/v2\/users\/1"}],"replies":[{"embeddable":true,"href":"https:\/\/www.hlas-pravoslavi.cz\/index.php\/wp-json\/wp\/v2\/comments?post=907"}],"version-history":[{"count":1,"href":"https:\/\/www.hlas-pravoslavi.cz\/index.php\/wp-json\/wp\/v2\/posts\/907\/revisions"}],"predecessor-version":[{"id":909,"href":"https:\/\/www.hlas-pravoslavi.cz\/index.php\/wp-json\/wp\/v2\/posts\/907\/revisions\/909"}],"wp:featuredmedia":[{"embeddable":true,"href":"https:\/\/www.hlas-pravoslavi.cz\/index.php\/wp-json\/wp\/v2\/media\/908"}],"wp:attachment":[{"href":"https:\/\/www.hlas-pravoslavi.cz\/index.php\/wp-json\/wp\/v2\/media?parent=907"}],"wp:term":[{"taxonomy":"category","embeddable":true,"href":"https:\/\/www.hlas-pravoslavi.cz\/index.php\/wp-json\/wp\/v2\/categories?post=907"},{"taxonomy":"post_tag","embeddable":true,"href":"https:\/\/www.hlas-pravoslavi.cz\/index.php\/wp-json\/wp\/v2\/tags?post=907"}],"curies":[{"name":"wp","href":"https:\/\/api.w.org\/{rel}","templated":true}]}}