{"id":849,"date":"2017-08-02T12:38:01","date_gmt":"2017-08-02T11:38:01","guid":{"rendered":"https:\/\/www.hlas-pravoslavi.cz\/?p=849"},"modified":"2022-02-02T12:38:18","modified_gmt":"2022-02-02T11:38:18","slug":"svaty-biskup-gorazd-1879-1942-prikazani-lasky","status":"publish","type":"post","link":"https:\/\/www.hlas-pravoslavi.cz\/index.php\/2017\/08\/02\/svaty-biskup-gorazd-1879-1942-prikazani-lasky\/","title":{"rendered":"Svat\u00fd biskup Gorazd (1879 \u2013 1942). P\u0159ik\u00e1z\u00e1n\u00ed l\u00e1sky"},"content":{"rendered":"\n<p><strong>Ned\u011ble 15. po Pades\u00e1tnice (Mt 22, 34 \u2013 66)<\/strong><\/p>\n\n\n\n<p>Kdy\u017e byl Spasitel t\u00e1z\u00e1n, kter\u00e9 je hlavn\u00ed p\u0159ik\u00e1z\u00e1n\u00ed v&nbsp;z\u00e1kon\u011b, pravil: \u201eMilovati bude\u0161 P\u00e1na Boha sv\u00e9ho z&nbsp;cel\u00e9ho srdce sv\u00e9ho a ze v\u0161\u00ed du\u0161e sv\u00e9 a ze v\u0161\u00ed mysli sv\u00e9!\u201c<\/p>\n\n\n\n<p>Co lid\u00e9 oby\u010dejn\u011b miluj\u00ed? To, co je kr\u00e1sn\u00e9. Je to pozorovat u\u017e na d\u011btech. Co je kr\u00e1sn\u00e9, po tom se \u017eenou. Tak b\u00fdv\u00e1 i u dosp\u011bl\u00fdch. Nu\u017ee, zdali m\u016f\u017ee b\u00fdt n\u011bco kr\u00e1sn\u011bj\u0161\u00edho, ne\u017eli je B\u016fh? Od n\u011bho poch\u00e1z\u00ed v\u0161echna kr\u00e1sa sv\u011bta, a kdy\u017e stvo\u0159il kr\u00e1su, mus\u00ed ji s\u00e1m m\u00edt, nebo\u0165 nikdo nem\u016f\u017ee nic vytvo\u0159it, kdyby to nem\u011bl v&nbsp;sob\u011b, ve sv\u00e9m nitru. A tak cel\u00fd sv\u011bt se v\u0161\u00ed svou kr\u00e1sou je jen nedokonal\u00fdm obrazem kr\u00e1sy Bo\u017e\u00ed. Boha nelze ov\u0161em vid\u011bt, ale je i kr\u00e1sa neviditeln\u00e1 a duchovn\u00ed a ta je trval\u00e1 a nepom\u00edj\u00ed, kde\u017eto t\u011blesn\u00e1 kr\u00e1sa uvad\u00e1 a pom\u00edj\u00ed. Proto jsme-li uchv\u00e1ceni kr\u00e1sou viditelnou, kr\u00e1sou nap\u0159\u00edklad hv\u011bzdnat\u00e9ho nebe nebo kr\u00e1sou krajiny, kr\u00e1sou kv\u011bt\u016f, kr\u00e1sou lid\u00ed \u2013 vzpome\u0148me si na Boha, kter\u00fd v\u0161echnu tu kr\u00e1su stvo\u0159il, kter\u00fd je nade v\u0161echno to kr\u00e1sn\u00fd a kter\u00fd m\u00e1 n\u00e1s napl\u0148ovat je\u0161t\u011b v\u011bt\u0161\u00edm nad\u0161en\u00edm. Zvl\u00e1\u0161t\u011b vy, kte\u0159\u00ed \u017eijete na venkov\u011b uprost\u0159ed Bo\u017e\u00ed p\u0159\u00edrody, m\u00e1te mo\u017enost p\u0159ipamatovat si kr\u00e1su Bo\u017e\u00ed a vzbuzovat v&nbsp;sob\u011b l\u00e1sku k&nbsp;n\u011bmu.<\/p>\n\n\n\n<p>A B\u016fh si na\u0161\u00ed l\u00e1sky plnou m\u011brou zasluhuje, nebo\u0165 je pln dobroty a s\u00e1m n\u00e1s miluje. U\u017e samo stvo\u0159en\u00ed sv\u011bta je skutkem l\u00e1sky. Cel\u00fd vesm\u00edr hovo\u0159\u00ed o l\u00e1sce a dobrot\u011b Bo\u017e\u00ed. Je na zemi m\u00edsto, kter\u00e9 by bylo z\u016fstalo nedot\u010deno l\u00e1skou Bo\u017e\u00ed, a je n\u011bkter\u00e9 srdce lidsk\u00e9, kter\u00e9mu by byl B\u016fh nedal okusit sv\u00e9 l\u00e1sky? \u2013 P\u0159ich\u00e1z\u00ed na n\u00e1s sice i utrpen\u00ed, ale v\u011bt\u0161inu z&nbsp;n\u011bho zavi\u0148ujeme si sami, pon\u011bvad\u017e nezachov\u00e1v\u00e1me l\u00e1sku Bo\u017e\u00ed. N\u011bkdy zase B\u016fh n\u00e1s zkou\u0161\u00ed a m\u00e1 p\u0159itom na mysli na\u0161e dobro, nebo\u0165 kdy\u017e se osv\u011bd\u010d\u00edme ve zkou\u0161ce, pak zahrnuje n\u00e1s svou milost\u00ed. Nepochybujeme o l\u00e1sce Bo\u017e\u00ed, i kdy\u017e se n\u00e1m vede zle, i kdy\u017e trp\u00edme. I kdybychom v\u0161echno ztratili a kdyby n\u00e1s v\u0161ichni opustili, B\u016fh mysl\u00ed na n\u00e1s a jeho l\u00e1ska nahrad\u00ed n\u00e1m nakonec v\u0161echno.<\/p>\n\n\n\n<p>V\u011b\u0159\u00edme v&nbsp;l\u00e1sku Bo\u017e\u00ed a tuto jeho l\u00e1sku spl\u00e1cejme l\u00e1skou. V\u011bzme, \u017ee bez l\u00e1sky k&nbsp;Bohu se neobejdeme. Bez l\u00e1sky k&nbsp;Bohu nem\u016f\u017ee se nikdo st\u00e1t dokonal\u00fdm. Zn\u00e1me p\u0159ece p\u0159\u00edkaz Spasitel\u016fv: \u201eBu\u010fte dokonal\u00ed, jako v\u00e1\u0161 Otec nebesk\u00fd dokonal\u00fd jest\u201c (Mt 5, 48). Kdo bude tou\u017eit po zdokonalen\u00ed? Ten, kter\u00fd Boha miluje, anebo ten, kter\u00fd k&nbsp;Bohu chov\u00e1 se lhostejn\u011b? Maj\u00ed-li se dva lid\u00e9 r\u00e1di, sna\u017e\u00ed se jeden druh\u00e9ho napodobit a jeden druh\u00e9mu ka\u017ed\u00e9 pomy\u0161len\u00ed splnit. A tak i ten, kdo Boha miluje, v\u017edycky sp\u00ed\u0161e bude se sna\u017eit jeho svatou v\u016fli plnit, ne\u017e ten, kdo na Boha nemysl\u00ed.<\/p>\n\n\n\n<p>A proto, brat\u0159i a sestry, u\u010dme se Boha milovat. Uva\u017eujme \u010dasto o jeho l\u00e1sce a dobrot\u011b a vzbuzujme v&nbsp;sob\u011b city l\u00e1sky k&nbsp;n\u011bmu.<\/p>\n\n\n\n<p>Vy, rodi\u010de, nab\u00e1dejte sv\u00e9 d\u011bti u\u017e od d\u011btstv\u00ed, aby Boha milovali. Ukazujte jim p\u0159\u00edrodu a upozor\u0148ujte, \u017ee to v\u0161e poch\u00e1z\u00ed od Boha, kter\u00fd n\u00e1s miluje. \u010casto jim opakujte slova: \u201eB\u016fh je nejv\u00fd\u0161 dobr\u00fd, mil\u00fd Otec tv\u016fj, proto mu sv\u00e9 srdce, d\u00edt\u011b, ob\u011btuj.\u201c Bu\u010fte p\u0159esv\u011bd\u010deni, \u017ee jestli va\u0161e d\u011bti budou Boha milovat, budou jist\u011b milovat tak\u00e9 v\u00e1s a budou v\u00e1m d\u011blat radost.<\/p>\n\n\n\n<p>Dnes jsem p\u0159ijel k&nbsp;v\u00e1m, abych n\u011bkter\u00fdm d\u011btem ud\u011blil sv. bi\u0159mov\u00e1n\u00ed \u010dili myropomaz\u00e1n\u00ed. Je to posv\u00e1tn\u00fd ob\u0159ad, kter\u00fd u\u017e apo\u0161tolov\u00e9 konali, jak lze se do\u010d\u00edst v&nbsp;P\u00edsm\u011b svat\u00e9m Nov\u00e9ho z\u00e1kona. T\u011bm, kte\u0159\u00ed byli u\u017e pok\u0159t\u011bni, vzkl\u00e1dali apo\u0161tolov\u00e9 ruce na hlavu a prosili Boha, aby seslal na n\u011b Ducha svat\u00e9ho. I v\u00e1m, mil\u00ed bi\u0159movanci, bude pot\u0159eb\u00ed Ducha svat\u00e9ho ve va\u0161em \u017eivot\u011b. Nev\u00edte, co v\u00e1s v&nbsp;\u017eivot\u011b \u010dek\u00e1, nev\u00edte, kde a v&nbsp;jak\u00fdch pom\u011brech se octnete. Bude v\u00e1m pot\u0159eb\u00ed rozumu i moudrosti, bude v\u00e1m pot\u0159eb\u00ed s\u00edly, bude v\u00e1m pot\u0159eb\u00ed zbo\u017enosti, bude v\u00e1m pot\u0159eb\u00ed b\u00e1zn\u011b Bo\u017e\u00ed, bude v\u00e1m pot\u0159eb\u00ed state\u010dnosti a vytrvalosti, abyste obst\u00e1li ve zkou\u0161k\u00e1ch \u017eivota. Nejsou jenom zkou\u0161ky ve \u0161kol\u00e1ch, ale jsou i zkou\u0161ky v&nbsp;\u017eivot\u011b. Jestli\u017ee z\u00e1le\u017e\u00ed mnoho na tom, abyste ve \u0161kole v\u0161echny zkou\u0161ky dob\u0159e ud\u011blali, t\u00edm v\u00edce bude z\u00e1le\u017eet i na tom, abyste i ty zkou\u0161ky \u017eivotn\u00ed dob\u0159e absolvovali. Bude-li Duch svat\u00fd s\u00eddlit ve va\u0161ich du\u0161\u00edch, nemus\u00edte se b\u00e1t ni\u010deho, co v\u00e1m \u017eivot p\u0159inese. Proto p\u0159istupte k&nbsp;t\u00e9to sv\u00e1tosti bi\u0159mov\u00e1n\u00ed se srdci \u010dist\u00fdmi a zbo\u017en\u00fdmi.<\/p>\n\n\n\n<p>J\u00e1 chci se vroucn\u011b modlit a pros\u00edm v\u0161echny p\u0159\u00edtomn\u00e9, aby se modlili se mnou, aby spole\u010dn\u00e1 modlitba na\u0161e byla vysly\u0161ena a aby s\u00edla Ducha svat\u00e9ho vstoupila do du\u0161\u00ed t\u011bchto dne\u0161n\u00edch bi\u0159movanc\u016f a prov\u00e1zela je po cel\u00fd jejich \u017eivot.<\/p>\n\n\n\n<p>Kdy\u017e po ukon\u010den\u00ed svat\u00e9 liturgie budu ud\u011blovat svat\u00e9 bi\u0159mov\u00e1n\u00ed \u010dili myropomaz\u00e1n\u00ed, ud\u011bl\u00e1m ka\u017ed\u00e9mu bi\u0159movanci posv\u011bcen\u00fdm k\u0159i\u017emem znamen\u00ed k\u0159\u00ed\u017ee na \u010dele a \u0159eknu: \u201ePe\u010de\u0165 daru Ducha svat\u00e9ho.\u201c Je to pe\u010de\u0165 neviditeln\u00e1 a duchovn\u00ed, ale pe\u010de\u0165 skute\u010dn\u00e1. O, mil\u00ed bi\u0159movanci, zachovejte si tuto pe\u010de\u0165 neporu\u0161enou po cel\u00fd \u017eivot. P\u0159ijde-li jak\u00e9koliv poku\u0161en\u00ed na v\u00e1s, vzpome\u0148te si na dne\u0161n\u00ed den a \u0159ekn\u011bte si v\u017edy: \u201eNe, j\u00e1 Boha nezrad\u00edm a neporu\u0161\u00edm tu svatou pe\u010de\u0165.\u201c<\/p>\n\n\n\n<p>V\u00e1s pak, kmot\u0159i, pros\u00edm, pro l\u00e1sku Bo\u017e\u00ed, abyste bd\u011bli nad sv\u00fdmi bi\u0159movanci. Nedomn\u00edvejte se, \u017ee jste svou povinnost vykonali, kdy\u017e jste sv\u00fdm bi\u0159movanc\u016fm st\u00e1li dnes za sv\u011bdky a kdy\u017e jste jim t\u0159ebas n\u011bjak\u00fd d\u00e1rek podali. Ne, to by naprosto nesta\u010dilo. Vy berete na sebe povinnost bd\u00edt nad bi\u0159movanci, aby se od spr\u00e1vn\u00e9 cesty neodvr\u00e1tili a aby se Bohu nezpronev\u011b\u0159ili. A kdybyste zpozorovali, \u017ee jsou v&nbsp;nebezpe\u010d\u00ed, je va\u0161\u00ed povinnost\u00ed, abyste je ve v\u0161\u00ed l\u00e1sce napomenuli.<\/p>\n\n\n\n<p>A tak, brat\u0159i a sestry, v\u0161ichni, jak jsme zde shrom\u00e1\u017ed\u011bni, spojme se vespolek v&nbsp;modlitb\u011b a v&nbsp;l\u00e1sce k&nbsp;Bohu. Mo\u017en\u00e1, \u017ee jsme dosud Boha nemilovali tak, jak jsme m\u011bli. O, prosme o dar l\u00e1sky. A ta l\u00e1ska nech\u0165 n\u00e1s doprov\u00e1z\u00ed po v\u0161echny dny \u017eivota na\u0161eho a nech\u0165 jednou t\u00e9\u017e jsme tak shrom\u00e1\u017ed\u011bni v&nbsp;l\u00e1sce i p\u0159ed tr\u016fnem Bo\u017e\u00edm na v\u011b\u010dnosti. Amen.<\/p>\n\n\n\n<p>Vil\u00e9mov 1925<\/p>\n","protected":false},"excerpt":{"rendered":"<p>Ned\u011ble 15. po Pades\u00e1tnice (Mt 22, 34 \u2013 66) Kdy\u017e byl Spasitel t\u00e1z\u00e1n, kter\u00e9 je hlavn\u00ed p\u0159ik\u00e1z\u00e1n\u00ed v&nbsp;z\u00e1kon\u011b, pravil: \u201eMilovati bude\u0161 P\u00e1na Boha sv\u00e9ho z&nbsp;cel\u00e9ho&hellip;<\/p>\n","protected":false},"author":1,"featured_media":851,"comment_status":"closed","ping_status":"open","sticky":false,"template":"","format":"standard","meta":{"footnotes":""},"categories":[26],"tags":[41],"class_list":["post-849","post","type-post","status-publish","format-standard","has-post-thumbnail","hentry","category-dejiny-nasi-cirkve","tag-2017-08","has-post-thumbnail-archive"],"_links":{"self":[{"href":"https:\/\/www.hlas-pravoslavi.cz\/index.php\/wp-json\/wp\/v2\/posts\/849","targetHints":{"allow":["GET"]}}],"collection":[{"href":"https:\/\/www.hlas-pravoslavi.cz\/index.php\/wp-json\/wp\/v2\/posts"}],"about":[{"href":"https:\/\/www.hlas-pravoslavi.cz\/index.php\/wp-json\/wp\/v2\/types\/post"}],"author":[{"embeddable":true,"href":"https:\/\/www.hlas-pravoslavi.cz\/index.php\/wp-json\/wp\/v2\/users\/1"}],"replies":[{"embeddable":true,"href":"https:\/\/www.hlas-pravoslavi.cz\/index.php\/wp-json\/wp\/v2\/comments?post=849"}],"version-history":[{"count":1,"href":"https:\/\/www.hlas-pravoslavi.cz\/index.php\/wp-json\/wp\/v2\/posts\/849\/revisions"}],"predecessor-version":[{"id":852,"href":"https:\/\/www.hlas-pravoslavi.cz\/index.php\/wp-json\/wp\/v2\/posts\/849\/revisions\/852"}],"wp:featuredmedia":[{"embeddable":true,"href":"https:\/\/www.hlas-pravoslavi.cz\/index.php\/wp-json\/wp\/v2\/media\/851"}],"wp:attachment":[{"href":"https:\/\/www.hlas-pravoslavi.cz\/index.php\/wp-json\/wp\/v2\/media?parent=849"}],"wp:term":[{"taxonomy":"category","embeddable":true,"href":"https:\/\/www.hlas-pravoslavi.cz\/index.php\/wp-json\/wp\/v2\/categories?post=849"},{"taxonomy":"post_tag","embeddable":true,"href":"https:\/\/www.hlas-pravoslavi.cz\/index.php\/wp-json\/wp\/v2\/tags?post=849"}],"curies":[{"name":"wp","href":"https:\/\/api.w.org\/{rel}","templated":true}]}}