{"id":803,"date":"2019-01-17T17:20:52","date_gmt":"2019-01-17T16:20:52","guid":{"rendered":"https:\/\/www.hlas-pravoslavi.cz\/?p=803"},"modified":"2022-01-17T17:21:03","modified_gmt":"2022-01-17T16:21:03","slug":"vanocni-koledovani-v-horni-lipove","status":"publish","type":"post","link":"https:\/\/www.hlas-pravoslavi.cz\/index.php\/2019\/01\/17\/vanocni-koledovani-v-horni-lipove\/","title":{"rendered":"V\u00e1no\u010dn\u00ed koledov\u00e1n\u00ed v Horn\u00ed Lipov\u00e9"},"content":{"rendered":"\n<p>Ji\u017e pop\u00e1t\u00e9 po\u0159\u00e1d\u00e1me ke konci roku spole\u010dn\u00e9 zp\u00edv\u00e1n\u00ed v\u00e1no\u010dn\u00edch koled a p\u00edsn\u00ed. V\u017edy nadvakr\u00e1t na \u0160t\u011bdr\u00fd den dopoledne a na Silvestra ve\u010der se zapln\u00ed n\u00e1\u0161 chr\u00e1m m\u00edstn\u00edmi ob\u010dany, kte\u0159\u00ed cht\u011bj\u00ed ochutnat sv\u00e1te\u010dn\u00ed atmosf\u00e9ru. Tak\u0159ka v\u0161e n\u00e1m oba dny p\u0159\u00e1lo. V\u0161ude kolem mno\u017estv\u00ed sn\u011bhu, teplota pod bodem mrazu, p\u0159ipraven\u00e9 zp\u011bvn\u00edky a lehce nachlazen\u00ed \u00fa\u010dastn\u00edci, kte\u0159\u00ed ka\u017ed\u00fd sv\u00fdm zp\u016fsobem v\u00edtaj\u00ed narozen\u00e9 D\u00edt\u011b. Bylo p\u0159ezp\u00edv\u00e1no 27 koled ze v\u0161ech kout\u016f Evropy a nejv\u00edce pochopiteln\u011b z r\u016fzn\u00fdch region\u016f na\u0161\u00ed tak rozmanit\u00e9 vlasti. U p\u00edsn\u011b My t\u0159i kr\u00e1lov\u00e9 jdeme k v\u00e1m jsme tradi\u010dn\u011b zvl\u00e1dli v\u0161ech 32 slok. Mezi jednotliv\u00fdmi koledami jsme \u010detli uk\u00e1zky z p\u016fvabn\u00e9 kn\u00ed\u017eky D\u011bti p\u00ed\u0161\u00ed Bohu, kde se d\u011btsk\u00e9 tu\u017eby odzbrojuj\u00edc\u00edm zp\u016fsobem dot\u00fdkaly sv\u00e1te\u010dn\u00edch mysl\u00ed p\u0159\u00edtomn\u00fdch. Na ka\u017edou d\u011btskou ot\u00e1zku jsme se tak\u00e9 sna\u017eili naj\u00edt odpov\u011b\u010f. Dvouhodinov\u00e9 setk\u00e1n\u00ed p\u0159ineslo n\u011bco zamy\u0161len\u00ed, n\u011bco muziky a p\u0159edev\u0161\u00edm alespo\u0148 chvilkov\u00e9 spole\u010denstv\u00ed tak rozd\u00edln\u00fdch p\u0159\u00edchoz\u00edch.<\/p>\n\n\n\n<p>Na v\u00e1no\u010dn\u00ed zp\u00edvan\u00e9 koledov\u00e1n\u00ed bezprost\u0159edn\u011b navazuje tak\u00e9 koledov\u00e1n\u00ed tentokr\u00e1te p\u011b\u0161\u00ed a opravdov\u00e9. Des\u00e1t\u00fdm rokem chod\u00ed n\u011bkte\u0159\u00ed \u010dlenov\u00e9 na\u0161\u00ed c\u00edrkevn\u00ed obce pom\u00e1hat s T\u0159\u00edkr\u00e1lovou sb\u00edrkou. Je to velk\u00e1 zku\u0161enost, zvl\u00e1\u0161t\u011b pro ty mlad\u0161\u00ed, j\u00edt d\u016fm od domu, zazp\u00edvat, pot\u011b\u0161it vesni\u010dany a samoz\u0159ejm\u011b n\u011bco vybrat do pokladni\u010dky. Po\u010das\u00ed bylo tentokr\u00e1te p\u0159\u00edzniv\u00e9, byli jsme p\u0159ij\u00edm\u00e1ni jako v\u00edtan\u00e1 sou\u010d\u00e1st nov\u00e9ho roku a mnoz\u00ed m\u00edstn\u00ed obyvatel\u00e9 n\u00e1s ji\u017e netrp\u011bliv\u011b o\u010dek\u00e1vali. Loni se na\u0161im koledn\u00edk\u016fm poda\u0159ila za t\u0159i hodiny vybrat rekordn\u00ed \u010d\u00e1stka okolo 15.000 korun, kter\u00e1 byla pou\u017eita na rozvoj dom\u00e1c\u00ed hospicov\u00e9 p\u00e9\u010de na Jesenicku. Pen\u00edze v\u0161ak v tomto p\u0159\u00edpad\u011b nebyly na prvn\u00edm m\u00edst\u011b, to podstatn\u00e9 bylo, \u017ee o n\u00e1s m\u00edstn\u00ed v\u011bd\u00ed a jsou ochotn\u00ed p\u0159isp\u011bt na dobrou v\u011bc.<\/p>\n\n\n\n<p>P.S.<\/p>\n\n\n\n<p><strong>Z knihy \u201eD\u011bti p\u00ed\u0161\u00ed Bohu\u201c<\/strong> :<\/p>\n\n\n\n<p><em>Mil\u00fd Bo\u017ee j\u00e1 jsem \u010cech a co ty?<\/em> Franti\u0161ek<\/p>\n\n\n\n<p><em>Mil\u00fd Bo\u017ee! Kdy\u017e nech\u00e1v\u00e1\u0161 um\u00edrat lidi a mus\u00ed\u0161 pak d\u011blat nov\u00e9, pro\u010d si rad\u011bji nenech\u00e1\u0161 ty, co jsi u\u017e ud\u011blal? <\/em>Blanka<\/p>\n\n\n\n<p><em>Mil\u00fd Bo\u017ee, kdybych j\u00e1 byl Bohem, mn\u011b by to tak dob\u0159e ne\u0161lo. Dr\u017e se! <\/em>Filip<\/p>\n\n\n\n<p><em>Mil\u00fd Bo\u017ee, je pan far\u00e1\u0159 tv\u016fj kamar\u00e1d a nebo se zn\u00e1te jenom pracovn\u011b? <\/em>David<\/p>\n\n\n\n<p><em>Mil\u00fd Bo\u017ee, cht\u011bla bych b\u00fdt jako ty, a\u017e mi bude tolik, co tob\u011b. Dob\u0159e? <\/em>Petra<\/p>\n\n\n\n<p><\/p>\n\n\n\n<p>PCO Jesen\u00edk a spolek Kostel\u00edk v\u00a0hor\u00e1ch<\/p>\n\n\n\n<figure class=\"wp-block-gallery columns-3 is-cropped wp-block-gallery-1 is-layout-flex wp-block-gallery-is-layout-flex\"><ul class=\"blocks-gallery-grid\"><li class=\"blocks-gallery-item\"><figure><a href=\"https:\/\/www.hlas-pravoslavi.cz\/wp-content\/uploads\/2022\/01\/2019-01-kratochvil-3kral-IMG_2874.jpg\" data-lbwps-width=\"1300\" data-lbwps-height=\"1733\" data-lbwps-srcsmall=\"http:\/\/www.hlas-pravoslavi.cz\/wp-content\/uploads\/2022\/01\/2019-01-kratochvil-3kral-IMG_2874-225x300.jpg\"><img loading=\"lazy\" decoding=\"async\" width=\"768\" height=\"1024\" src=\"https:\/\/www.hlas-pravoslavi.cz\/wp-content\/uploads\/2022\/01\/2019-01-kratochvil-3kral-IMG_2874-768x1024.jpg\" alt=\"\" data-id=\"804\" data-link=\"https:\/\/www.hlas-pravoslavi.cz\/?attachment_id=804#main\" class=\"wp-image-804\" srcset=\"https:\/\/www.hlas-pravoslavi.cz\/wp-content\/uploads\/2022\/01\/2019-01-kratochvil-3kral-IMG_2874-768x1024.jpg 768w, https:\/\/www.hlas-pravoslavi.cz\/wp-content\/uploads\/2022\/01\/2019-01-kratochvil-3kral-IMG_2874-225x300.jpg 225w, https:\/\/www.hlas-pravoslavi.cz\/wp-content\/uploads\/2022\/01\/2019-01-kratochvil-3kral-IMG_2874-1152x1536.jpg 1152w, https:\/\/www.hlas-pravoslavi.cz\/wp-content\/uploads\/2022\/01\/2019-01-kratochvil-3kral-IMG_2874.jpg 1300w\" sizes=\"auto, (max-width: 768px) 100vw, 768px\" \/><\/a><\/figure><\/li><li class=\"blocks-gallery-item\"><figure><a href=\"https:\/\/www.hlas-pravoslavi.cz\/wp-content\/uploads\/2022\/01\/DSCN4513_1.jpg\" data-lbwps-width=\"1280\" data-lbwps-height=\"720\" data-lbwps-srcsmall=\"http:\/\/www.hlas-pravoslavi.cz\/wp-content\/uploads\/2022\/01\/DSCN4513_1-300x169.jpg\"><img loading=\"lazy\" decoding=\"async\" width=\"1024\" height=\"576\" src=\"https:\/\/www.hlas-pravoslavi.cz\/wp-content\/uploads\/2022\/01\/DSCN4513_1-1024x576.jpg\" alt=\"\" data-id=\"805\" data-link=\"https:\/\/www.hlas-pravoslavi.cz\/?attachment_id=805#main\" class=\"wp-image-805\" srcset=\"https:\/\/www.hlas-pravoslavi.cz\/wp-content\/uploads\/2022\/01\/DSCN4513_1-1024x576.jpg 1024w, https:\/\/www.hlas-pravoslavi.cz\/wp-content\/uploads\/2022\/01\/DSCN4513_1-300x169.jpg 300w, https:\/\/www.hlas-pravoslavi.cz\/wp-content\/uploads\/2022\/01\/DSCN4513_1-768x432.jpg 768w, https:\/\/www.hlas-pravoslavi.cz\/wp-content\/uploads\/2022\/01\/DSCN4513_1.jpg 1280w\" sizes=\"auto, (max-width: 1024px) 100vw, 1024px\" \/><\/a><\/figure><\/li><li class=\"blocks-gallery-item\"><figure><a href=\"https:\/\/www.hlas-pravoslavi.cz\/wp-content\/uploads\/2022\/01\/DSCN4529_1.jpg\" data-lbwps-width=\"1280\" data-lbwps-height=\"720\" data-lbwps-srcsmall=\"http:\/\/www.hlas-pravoslavi.cz\/wp-content\/uploads\/2022\/01\/DSCN4529_1-300x169.jpg\"><img loading=\"lazy\" decoding=\"async\" width=\"1024\" height=\"576\" src=\"https:\/\/www.hlas-pravoslavi.cz\/wp-content\/uploads\/2022\/01\/DSCN4529_1-1024x576.jpg\" alt=\"\" data-id=\"806\" data-full-url=\"https:\/\/www.hlas-pravoslavi.cz\/wp-content\/uploads\/2022\/01\/DSCN4529_1.jpg\" data-link=\"https:\/\/www.hlas-pravoslavi.cz\/?attachment_id=806#main\" class=\"wp-image-806\" srcset=\"https:\/\/www.hlas-pravoslavi.cz\/wp-content\/uploads\/2022\/01\/DSCN4529_1-1024x576.jpg 1024w, https:\/\/www.hlas-pravoslavi.cz\/wp-content\/uploads\/2022\/01\/DSCN4529_1-300x169.jpg 300w, https:\/\/www.hlas-pravoslavi.cz\/wp-content\/uploads\/2022\/01\/DSCN4529_1-768x432.jpg 768w, https:\/\/www.hlas-pravoslavi.cz\/wp-content\/uploads\/2022\/01\/DSCN4529_1.jpg 1280w\" sizes=\"auto, (max-width: 1024px) 100vw, 1024px\" \/><\/a><\/figure><\/li><\/ul><\/figure>\n","protected":false},"excerpt":{"rendered":"<p>Ji\u017e pop\u00e1t\u00e9 po\u0159\u00e1d\u00e1me ke konci roku spole\u010dn\u00e9 zp\u00edv\u00e1n\u00ed v\u00e1no\u010dn\u00edch koled a p\u00edsn\u00ed. V\u017edy nadvakr\u00e1t na \u0160t\u011bdr\u00fd den dopoledne a na Silvestra ve\u010der se zapln\u00ed n\u00e1\u0161&hellip;<\/p>\n","protected":false},"author":1,"featured_media":0,"comment_status":"closed","ping_status":"open","sticky":false,"template":"","format":"standard","meta":{"footnotes":""},"categories":[9],"tags":[44],"class_list":["post-803","post","type-post","status-publish","format-standard","hentry","category-zpravy-z-eparchii","tag-2019-01"],"_links":{"self":[{"href":"https:\/\/www.hlas-pravoslavi.cz\/index.php\/wp-json\/wp\/v2\/posts\/803","targetHints":{"allow":["GET"]}}],"collection":[{"href":"https:\/\/www.hlas-pravoslavi.cz\/index.php\/wp-json\/wp\/v2\/posts"}],"about":[{"href":"https:\/\/www.hlas-pravoslavi.cz\/index.php\/wp-json\/wp\/v2\/types\/post"}],"author":[{"embeddable":true,"href":"https:\/\/www.hlas-pravoslavi.cz\/index.php\/wp-json\/wp\/v2\/users\/1"}],"replies":[{"embeddable":true,"href":"https:\/\/www.hlas-pravoslavi.cz\/index.php\/wp-json\/wp\/v2\/comments?post=803"}],"version-history":[{"count":1,"href":"https:\/\/www.hlas-pravoslavi.cz\/index.php\/wp-json\/wp\/v2\/posts\/803\/revisions"}],"predecessor-version":[{"id":807,"href":"https:\/\/www.hlas-pravoslavi.cz\/index.php\/wp-json\/wp\/v2\/posts\/803\/revisions\/807"}],"wp:attachment":[{"href":"https:\/\/www.hlas-pravoslavi.cz\/index.php\/wp-json\/wp\/v2\/media?parent=803"}],"wp:term":[{"taxonomy":"category","embeddable":true,"href":"https:\/\/www.hlas-pravoslavi.cz\/index.php\/wp-json\/wp\/v2\/categories?post=803"},{"taxonomy":"post_tag","embeddable":true,"href":"https:\/\/www.hlas-pravoslavi.cz\/index.php\/wp-json\/wp\/v2\/tags?post=803"}],"curies":[{"name":"wp","href":"https:\/\/api.w.org\/{rel}","templated":true}]}}