{"id":777,"date":"2019-01-17T17:13:23","date_gmt":"2019-01-17T16:13:23","guid":{"rendered":"https:\/\/www.hlas-pravoslavi.cz\/?p=777"},"modified":"2022-01-17T17:13:36","modified_gmt":"2022-01-17T16:13:36","slug":"z-programu-bohosluzeb-a-dalsich-aktivit-arcibiskupa-michala-v-prosinci-2018","status":"publish","type":"post","link":"https:\/\/www.hlas-pravoslavi.cz\/index.php\/2019\/01\/17\/z-programu-bohosluzeb-a-dalsich-aktivit-arcibiskupa-michala-v-prosinci-2018\/","title":{"rendered":"Z programu bohoslu\u017eeb a dal\u0161\u00edch aktivit arcibiskupa Michala v prosinci 2018"},"content":{"rendered":"\n<p><strong>2. 12. 2018<\/strong> Arcibiskup pra\u017esk\u00fd a \u010desk\u00fdch zem\u00ed Michal slou\u017eil sv. liturgii v PCO Lan\u0161kroun a znovu vysv\u011btil chr\u00e1m po oprav\u011b.<\/p>\n\n\n\n<p><strong>4. 12. 2018<\/strong> Na sv\u00e1tek Uveden\u00ed p\u0159esvat\u00e9 Bohorodice do chr\u00e1mu vladyka Michal slou\u017eil sv. liturgii v&nbsp;chr\u00e1mu Zesnut\u00ed p\u0159esvat\u00e9 Bohorodice na Ol\u0161anech v&nbsp;Praze 3.<\/p>\n\n\n\n<p><strong>7. 12. 2018<\/strong> Na sv\u00e1tek sv. mu\u010dednice Kate\u0159iny Alexandrijsk\u00e9 arcibiskup Michal slou\u017eil sv. liturgii v&nbsp;chr\u00e1mu zasv\u011bcen\u00e9m t\u00e9to sv\u011btici v&nbsp;Praze 2.<\/p>\n\n\n\n<p><strong>9. 12. 2018<\/strong> Arcibiskup pra\u017esk\u00fd a \u010desk\u00fdch zem\u00ed Michal slou\u017eil sv. liturgii v&nbsp;chr\u00e1mu Zv\u011bstov\u00e1n\u00ed p\u0159esvat\u00e9 Bohorodice Na Slupi v&nbsp;Praze 2.<\/p>\n\n\n\n<p><strong>11.\u201312. 12. 2018<\/strong> Arcibiskup pra\u017esk\u00fd a \u010desk\u00fdch zem\u00ed Michal se z\u00fa\u010dastnil zased\u00e1n\u00ed komise pro novelizaci c\u00edrkevn\u00ed \u00dastavy, kter\u00e9 se konalo v&nbsp;s\u00eddle \u00da\u0159adu metropolitn\u00ed rady v&nbsp;\u0160\u00e1reck\u00e9 ulici v&nbsp;Praze 6.<\/p>\n\n\n\n<p><strong>15. 12. 2018<\/strong> Vladyka Michal slou\u017eil sv. liturgii v&nbsp;chr\u00e1mu sv. mu\u010dednice Kate\u0159iny Alexandrijsk\u00e9 v&nbsp;Praze 2 pro gruz\u00ednskou komunitu.<\/p>\n\n\n\n<p><strong>16. 12. 2018<\/strong> Arcibiskup Michal slou\u017eil sv. liturgii v&nbsp;chr\u00e1mu Zv\u011bstov\u00e1n\u00ed p\u0159esvat\u00e9 Bohorodice Na Slupi v&nbsp;Praze 2.<\/p>\n\n\n\n<p>V&nbsp;odpoledn\u00edch hodin\u00e1ch se vladyka Michal z\u00fa\u010dastnil slavnostn\u00edho shrom\u00e1\u017ed\u011bn\u00ed v&nbsp;Obecn\u00edm dom\u011b v&nbsp;Praze 1 na po\u010dest 100. v\u00fdro\u010d\u00ed zalo\u017een\u00ed \u010ceskobratrsk\u00e9 c\u00edrkve evangelick\u00e9.<\/p>\n\n\n\n<p><strong>19. 12. 2018<\/strong> Na sv\u00e1tek sv. Mikul\u00e1\u0161e arcibiskup Michal slou\u017eil sv. liturgii v&nbsp;chr\u00e1mu sv. Mikul\u00e1\u0161e v&nbsp;Rooseveltov\u011b ulici v&nbsp;Praze 6.<\/p>\n\n\n\n<p><strong>21. 12. 2018 <\/strong>V&nbsp;p\u0159edve\u010der oslav 5. v\u00fdro\u010d\u00ed vybudov\u00e1n\u00ed \u017eensk\u00e9ho monast\u00fdru sv. V\u00e1clava a Ludmily na nov\u00e9m m\u00edst\u011b v&nbsp;Lod\u011bnici u Berouna arcibiskup pra\u017esk\u00fd a \u010desk\u00fdch zem\u00ed Michal spolu s&nbsp;metropolitou mogilevsko-podolsk\u00fdm a \u0161argorodsk\u00fdm Agapitem slou\u017eil v\u0161eno\u010dn\u00ed bd\u011bn\u00ed v&nbsp;chr\u00e1mu tohoto monast\u00fdru.&nbsp;&nbsp;<\/p>\n\n\n\n<p><strong>22. 12. 2018<\/strong> Arcibiskup pra\u017esk\u00fd a \u010desk\u00fdch zem\u00ed Michal spolu s&nbsp;metropolitou mogilevsko-podolsk\u00fdm a \u0161argorodsk\u00fdm Agapitem, archimandritou Gavriilem (Rybal\u010denkem) a archimandritou Andronikem (Christoforem) z&nbsp;ukrajinsk\u00e9 pravoslavn\u00e9 c\u00edrkve, mitr. prot. Danielem Andrejukem, z\u00e1stupcem Americk\u00e9 pravoslavn\u00e9 c\u00edrkve p\u0159i Moskevsk\u00e9m patriarch\u00e1tu, a duchovn\u00edmi Pra\u017esk\u00e9 pravoslavn\u00e9 eparchie slou\u017eil archijerejskou sv. liturgii v&nbsp;\u017eensk\u00e9m monast\u00fdru sv. V\u00e1clava a Ludmily v&nbsp;Lod\u011bnici u Berouna u p\u0159\u00edle\u017eitosti 5. v\u00fdro\u010d\u00ed vybudov\u00e1n\u00ed tohoto monast\u00fdru na nov\u00e9m m\u00edst\u011b. Vladykov\u00e9 vykonali velk\u00e9 sv\u011bcen\u00ed prestolu a chr\u00e1mu a b\u011bhem sv. liturgie vysv\u011btili na kn\u011bze di\u00e1kona Jana Tolokonnikova. Po liturgii se konal pr\u016fvod kolem monast\u00fdru.&nbsp;<\/p>\n\n\n\n<p><strong>23. 12. 2018<\/strong> Arcibiskup pra\u017esk\u00fd a \u010desk\u00fdch zem\u00ed Michal a&nbsp;metropolita mogilevsko-podolsk\u00fd a \u0161argorodsk\u00fd Agapit v&nbsp;doprovodu dal\u0161\u00edch duchovn\u00edch slou\u017eili archijerejskou sv. liturgii v&nbsp;chr\u00e1mu sv. Kate\u0159iny Alexandrijsk\u00e9 v&nbsp;Praze 2.<\/p>\n\n\n\n<p><strong>25. 12. 2018<\/strong> Na sv\u00e1tek Narozen\u00ed P\u00e1n\u011b podle nov\u00e9ho kalend\u00e1\u0159e arcibiskup pra\u017esk\u00fd a \u010desk\u00fdch zem\u00ed Michal,&nbsp;metropolita mogilevsko-podolsk\u00fd a \u0161argorodsk\u00fd Agapit a arcibiskup olomoucko-brn\u011bnsk\u00fd Simeon spolu s&nbsp;duchovn\u00edmi ze zahrani\u010d\u00ed a z Pra\u017esk\u00e9 pravoslavn\u00e9 eparchie slou\u017eili archijerejskou sv. liturgii v&nbsp;katedr\u00e1le sv. Cyrila a Metod\u011bje v&nbsp;Praze 2. Vladykov\u00e9 Michal a Agapit srde\u010dn\u011b poblahop\u0159\u00e1li vladykovi Simeonovi k&nbsp;60. v\u00fdro\u010d\u00ed jeho kn\u011b\u017esk\u00e9ho sv\u011bcen\u00ed.&nbsp;<\/p>\n\n\n\n<p><strong>26. 12. 2018<\/strong> Vladyka Michal spolu s metropolitou mogilevsko-podolsk\u00fdm a \u0161argorodsk\u00fdm Agapitem slou\u017eil sv. liturgii v&nbsp;chr\u00e1mu sv. archand\u011bla Michaela v&nbsp;Kinsk\u00e9ho zahrad\u011b v&nbsp;Praze 5 pro rumunskou komunitu.<\/p>\n\n\n\n<p><strong>30. 12. 2018<\/strong> V den zesnut\u00ed metropolity Doroteje vladyka Michal slou\u017eil sv. liturgii v chr\u00e1mu Zesnut\u00ed p\u0159esvat\u00e9 Bohorodice na Ol\u0161anech v Praze 3 spolu s\u00a0duchovn\u00edm spr\u00e1vcem chr\u00e1mu prot. Romanem Hajdama\u010denkem a dal\u0161\u00edmi duchovn\u00edmi. Po liturgii se konala panychida, po n\u00ed\u017e vladyka a kn\u011b\u017e\u00ed odslou\u017eili litii na hrob\u011b zesnul\u00e9ho metropolity Doroteje. V\u011b\u010dn\u00e1 pam\u011b\u0165 vladykovi Dorotejovi!\u00a0<\/p>\n\n\n\n<figure class=\"wp-block-gallery columns-3 is-cropped wp-block-gallery-1 is-layout-flex wp-block-gallery-is-layout-flex\"><ul class=\"blocks-gallery-grid\"><li class=\"blocks-gallery-item\"><figure><a href=\"https:\/\/www.hlas-pravoslavi.cz\/wp-content\/uploads\/2022\/01\/02.12-1.jpg\" data-lbwps-width=\"1182\" data-lbwps-height=\"1773\" data-lbwps-srcsmall=\"http:\/\/www.hlas-pravoslavi.cz\/wp-content\/uploads\/2022\/01\/02.12-1.jpg\"><img loading=\"lazy\" decoding=\"async\" width=\"683\" height=\"1024\" src=\"https:\/\/www.hlas-pravoslavi.cz\/wp-content\/uploads\/2022\/01\/02.12-1-683x1024.jpg\" alt=\"\" data-id=\"779\" data-link=\"https:\/\/www.hlas-pravoslavi.cz\/?attachment_id=779#main\" class=\"wp-image-779\" srcset=\"https:\/\/www.hlas-pravoslavi.cz\/wp-content\/uploads\/2022\/01\/02.12-1-683x1024.jpg 683w, https:\/\/www.hlas-pravoslavi.cz\/wp-content\/uploads\/2022\/01\/02.12-1-200x300.jpg 200w, https:\/\/www.hlas-pravoslavi.cz\/wp-content\/uploads\/2022\/01\/02.12-1-768x1152.jpg 768w, https:\/\/www.hlas-pravoslavi.cz\/wp-content\/uploads\/2022\/01\/02.12-1-1024x1536.jpg 1024w, https:\/\/www.hlas-pravoslavi.cz\/wp-content\/uploads\/2022\/01\/02.12-1-rotated.jpg 1182w\" sizes=\"auto, (max-width: 683px) 100vw, 683px\" \/><\/a><figcaption class=\"blocks-gallery-item__caption\">2.12.2018<\/figcaption><\/figure><\/li><li class=\"blocks-gallery-item\"><figure><a href=\"https:\/\/www.hlas-pravoslavi.cz\/wp-content\/uploads\/2022\/01\/02.12-2.jpg\" data-lbwps-width=\"1773\" data-lbwps-height=\"1182\" data-lbwps-srcsmall=\"http:\/\/www.hlas-pravoslavi.cz\/wp-content\/uploads\/2022\/01\/02.12-2-300x200.jpg\"><img loading=\"lazy\" decoding=\"async\" width=\"1024\" height=\"683\" src=\"https:\/\/www.hlas-pravoslavi.cz\/wp-content\/uploads\/2022\/01\/02.12-2-1024x683.jpg\" alt=\"\" data-id=\"780\" data-link=\"https:\/\/www.hlas-pravoslavi.cz\/?attachment_id=780#main\" class=\"wp-image-780\" srcset=\"https:\/\/www.hlas-pravoslavi.cz\/wp-content\/uploads\/2022\/01\/02.12-2-1024x683.jpg 1024w, https:\/\/www.hlas-pravoslavi.cz\/wp-content\/uploads\/2022\/01\/02.12-2-300x200.jpg 300w, https:\/\/www.hlas-pravoslavi.cz\/wp-content\/uploads\/2022\/01\/02.12-2-768x512.jpg 768w, https:\/\/www.hlas-pravoslavi.cz\/wp-content\/uploads\/2022\/01\/02.12-2-1536x1024.jpg 1536w, https:\/\/www.hlas-pravoslavi.cz\/wp-content\/uploads\/2022\/01\/02.12-2.jpg 1773w\" sizes=\"auto, (max-width: 1024px) 100vw, 1024px\" \/><\/a><figcaption class=\"blocks-gallery-item__caption\"> 2.12.2018 <\/figcaption><\/figure><\/li><li class=\"blocks-gallery-item\"><figure><a href=\"https:\/\/www.hlas-pravoslavi.cz\/wp-content\/uploads\/2022\/01\/04.12.jpg\" data-lbwps-width=\"1280\" data-lbwps-height=\"720\" data-lbwps-srcsmall=\"http:\/\/www.hlas-pravoslavi.cz\/wp-content\/uploads\/2022\/01\/04.12-300x169.jpg\"><img loading=\"lazy\" decoding=\"async\" width=\"1024\" height=\"576\" src=\"https:\/\/www.hlas-pravoslavi.cz\/wp-content\/uploads\/2022\/01\/04.12-1024x576.jpg\" alt=\"\" data-id=\"781\" data-link=\"https:\/\/www.hlas-pravoslavi.cz\/?attachment_id=781#main\" class=\"wp-image-781\" srcset=\"https:\/\/www.hlas-pravoslavi.cz\/wp-content\/uploads\/2022\/01\/04.12-1024x576.jpg 1024w, https:\/\/www.hlas-pravoslavi.cz\/wp-content\/uploads\/2022\/01\/04.12-300x169.jpg 300w, https:\/\/www.hlas-pravoslavi.cz\/wp-content\/uploads\/2022\/01\/04.12-768x432.jpg 768w, https:\/\/www.hlas-pravoslavi.cz\/wp-content\/uploads\/2022\/01\/04.12.jpg 1280w\" sizes=\"auto, (max-width: 1024px) 100vw, 1024px\" \/><\/a><figcaption class=\"blocks-gallery-item__caption\">4.12.2018<\/figcaption><\/figure><\/li><li class=\"blocks-gallery-item\"><figure><a href=\"https:\/\/www.hlas-pravoslavi.cz\/wp-content\/uploads\/2022\/01\/07.12.jpg\" data-lbwps-width=\"1773\" data-lbwps-height=\"1182\" data-lbwps-srcsmall=\"http:\/\/www.hlas-pravoslavi.cz\/wp-content\/uploads\/2022\/01\/07.12-300x200.jpg\"><img loading=\"lazy\" decoding=\"async\" width=\"1024\" height=\"683\" src=\"https:\/\/www.hlas-pravoslavi.cz\/wp-content\/uploads\/2022\/01\/07.12-1024x683.jpg\" alt=\"\" data-id=\"782\" data-link=\"https:\/\/www.hlas-pravoslavi.cz\/?attachment_id=782#main\" class=\"wp-image-782\" srcset=\"https:\/\/www.hlas-pravoslavi.cz\/wp-content\/uploads\/2022\/01\/07.12-1024x683.jpg 1024w, https:\/\/www.hlas-pravoslavi.cz\/wp-content\/uploads\/2022\/01\/07.12-300x200.jpg 300w, https:\/\/www.hlas-pravoslavi.cz\/wp-content\/uploads\/2022\/01\/07.12-768x512.jpg 768w, https:\/\/www.hlas-pravoslavi.cz\/wp-content\/uploads\/2022\/01\/07.12-1536x1024.jpg 1536w, https:\/\/www.hlas-pravoslavi.cz\/wp-content\/uploads\/2022\/01\/07.12.jpg 1773w\" sizes=\"auto, (max-width: 1024px) 100vw, 1024px\" \/><\/a><figcaption class=\"blocks-gallery-item__caption\">7.12.2018<\/figcaption><\/figure><\/li><li class=\"blocks-gallery-item\"><figure><a href=\"https:\/\/www.hlas-pravoslavi.cz\/wp-content\/uploads\/2022\/01\/09.12.jpg\" data-lbwps-width=\"1773\" data-lbwps-height=\"1182\" data-lbwps-srcsmall=\"http:\/\/www.hlas-pravoslavi.cz\/wp-content\/uploads\/2022\/01\/09.12-300x200.jpg\"><img loading=\"lazy\" decoding=\"async\" width=\"1024\" height=\"683\" src=\"https:\/\/www.hlas-pravoslavi.cz\/wp-content\/uploads\/2022\/01\/09.12-1024x683.jpg\" alt=\"\" data-id=\"783\" data-link=\"https:\/\/www.hlas-pravoslavi.cz\/?attachment_id=783#main\" class=\"wp-image-783\" srcset=\"https:\/\/www.hlas-pravoslavi.cz\/wp-content\/uploads\/2022\/01\/09.12-1024x683.jpg 1024w, https:\/\/www.hlas-pravoslavi.cz\/wp-content\/uploads\/2022\/01\/09.12-300x200.jpg 300w, https:\/\/www.hlas-pravoslavi.cz\/wp-content\/uploads\/2022\/01\/09.12-768x512.jpg 768w, https:\/\/www.hlas-pravoslavi.cz\/wp-content\/uploads\/2022\/01\/09.12-1536x1024.jpg 1536w, https:\/\/www.hlas-pravoslavi.cz\/wp-content\/uploads\/2022\/01\/09.12.jpg 1773w\" sizes=\"auto, (max-width: 1024px) 100vw, 1024px\" \/><\/a><figcaption class=\"blocks-gallery-item__caption\">9.12.2018<\/figcaption><\/figure><\/li><li class=\"blocks-gallery-item\"><figure><a href=\"https:\/\/www.hlas-pravoslavi.cz\/wp-content\/uploads\/2022\/01\/15.12.jpg\" data-lbwps-width=\"1773\" data-lbwps-height=\"1182\" data-lbwps-srcsmall=\"http:\/\/www.hlas-pravoslavi.cz\/wp-content\/uploads\/2022\/01\/15.12-300x200.jpg\"><img loading=\"lazy\" decoding=\"async\" width=\"1024\" height=\"683\" src=\"https:\/\/www.hlas-pravoslavi.cz\/wp-content\/uploads\/2022\/01\/15.12-1024x683.jpg\" alt=\"\" data-id=\"784\" data-link=\"https:\/\/www.hlas-pravoslavi.cz\/?attachment_id=784#main\" class=\"wp-image-784\" srcset=\"https:\/\/www.hlas-pravoslavi.cz\/wp-content\/uploads\/2022\/01\/15.12-1024x683.jpg 1024w, https:\/\/www.hlas-pravoslavi.cz\/wp-content\/uploads\/2022\/01\/15.12-300x200.jpg 300w, https:\/\/www.hlas-pravoslavi.cz\/wp-content\/uploads\/2022\/01\/15.12-768x512.jpg 768w, https:\/\/www.hlas-pravoslavi.cz\/wp-content\/uploads\/2022\/01\/15.12-1536x1024.jpg 1536w, https:\/\/www.hlas-pravoslavi.cz\/wp-content\/uploads\/2022\/01\/15.12.jpg 1773w\" sizes=\"auto, (max-width: 1024px) 100vw, 1024px\" \/><\/a><figcaption class=\"blocks-gallery-item__caption\">15.12.2018<\/figcaption><\/figure><\/li><li class=\"blocks-gallery-item\"><figure><a href=\"https:\/\/www.hlas-pravoslavi.cz\/wp-content\/uploads\/2022\/01\/16.12.jpg\" data-lbwps-width=\"1773\" data-lbwps-height=\"1182\" data-lbwps-srcsmall=\"http:\/\/www.hlas-pravoslavi.cz\/wp-content\/uploads\/2022\/01\/16.12-300x200.jpg\"><img loading=\"lazy\" decoding=\"async\" width=\"1024\" height=\"683\" src=\"https:\/\/www.hlas-pravoslavi.cz\/wp-content\/uploads\/2022\/01\/16.12-1024x683.jpg\" alt=\"\" data-id=\"785\" data-link=\"https:\/\/www.hlas-pravoslavi.cz\/?attachment_id=785#main\" class=\"wp-image-785\" srcset=\"https:\/\/www.hlas-pravoslavi.cz\/wp-content\/uploads\/2022\/01\/16.12-1024x683.jpg 1024w, https:\/\/www.hlas-pravoslavi.cz\/wp-content\/uploads\/2022\/01\/16.12-300x200.jpg 300w, https:\/\/www.hlas-pravoslavi.cz\/wp-content\/uploads\/2022\/01\/16.12-768x512.jpg 768w, https:\/\/www.hlas-pravoslavi.cz\/wp-content\/uploads\/2022\/01\/16.12-1536x1024.jpg 1536w, https:\/\/www.hlas-pravoslavi.cz\/wp-content\/uploads\/2022\/01\/16.12.jpg 1773w\" sizes=\"auto, (max-width: 1024px) 100vw, 1024px\" \/><\/a><figcaption class=\"blocks-gallery-item__caption\">16.12.2018<\/figcaption><\/figure><\/li><li class=\"blocks-gallery-item\"><figure><a href=\"https:\/\/www.hlas-pravoslavi.cz\/wp-content\/uploads\/2022\/01\/19.12-1.jpg\" data-lbwps-width=\"1773\" data-lbwps-height=\"1182\" data-lbwps-srcsmall=\"http:\/\/www.hlas-pravoslavi.cz\/wp-content\/uploads\/2022\/01\/19.12-1-300x200.jpg\"><img loading=\"lazy\" decoding=\"async\" width=\"1024\" height=\"683\" src=\"https:\/\/www.hlas-pravoslavi.cz\/wp-content\/uploads\/2022\/01\/19.12-1-1024x683.jpg\" alt=\"\" data-id=\"786\" data-link=\"https:\/\/www.hlas-pravoslavi.cz\/?attachment_id=786#main\" class=\"wp-image-786\" srcset=\"https:\/\/www.hlas-pravoslavi.cz\/wp-content\/uploads\/2022\/01\/19.12-1-1024x683.jpg 1024w, https:\/\/www.hlas-pravoslavi.cz\/wp-content\/uploads\/2022\/01\/19.12-1-300x200.jpg 300w, https:\/\/www.hlas-pravoslavi.cz\/wp-content\/uploads\/2022\/01\/19.12-1-768x512.jpg 768w, https:\/\/www.hlas-pravoslavi.cz\/wp-content\/uploads\/2022\/01\/19.12-1-1536x1024.jpg 1536w, https:\/\/www.hlas-pravoslavi.cz\/wp-content\/uploads\/2022\/01\/19.12-1.jpg 1773w\" sizes=\"auto, (max-width: 1024px) 100vw, 1024px\" \/><\/a><figcaption class=\"blocks-gallery-item__caption\">19.12.2018<\/figcaption><\/figure><\/li><li class=\"blocks-gallery-item\"><figure><a href=\"https:\/\/www.hlas-pravoslavi.cz\/wp-content\/uploads\/2022\/01\/19.12-2.jpg\" data-lbwps-width=\"1773\" data-lbwps-height=\"1182\" data-lbwps-srcsmall=\"http:\/\/www.hlas-pravoslavi.cz\/wp-content\/uploads\/2022\/01\/19.12-2-300x200.jpg\"><img loading=\"lazy\" decoding=\"async\" width=\"1024\" height=\"683\" src=\"https:\/\/www.hlas-pravoslavi.cz\/wp-content\/uploads\/2022\/01\/19.12-2-1024x683.jpg\" alt=\"\" data-id=\"787\" data-link=\"https:\/\/www.hlas-pravoslavi.cz\/?attachment_id=787#main\" class=\"wp-image-787\" srcset=\"https:\/\/www.hlas-pravoslavi.cz\/wp-content\/uploads\/2022\/01\/19.12-2-1024x683.jpg 1024w, https:\/\/www.hlas-pravoslavi.cz\/wp-content\/uploads\/2022\/01\/19.12-2-300x200.jpg 300w, https:\/\/www.hlas-pravoslavi.cz\/wp-content\/uploads\/2022\/01\/19.12-2-768x512.jpg 768w, https:\/\/www.hlas-pravoslavi.cz\/wp-content\/uploads\/2022\/01\/19.12-2-1536x1024.jpg 1536w, https:\/\/www.hlas-pravoslavi.cz\/wp-content\/uploads\/2022\/01\/19.12-2.jpg 1773w\" sizes=\"auto, (max-width: 1024px) 100vw, 1024px\" \/><\/a><figcaption class=\"blocks-gallery-item__caption\"> 19.12.2018 <\/figcaption><\/figure><\/li><li class=\"blocks-gallery-item\"><figure><a href=\"https:\/\/www.hlas-pravoslavi.cz\/wp-content\/uploads\/2022\/01\/21.12.jpg\" data-lbwps-width=\"1773\" data-lbwps-height=\"1182\" data-lbwps-srcsmall=\"http:\/\/www.hlas-pravoslavi.cz\/wp-content\/uploads\/2022\/01\/21.12-300x200.jpg\"><img loading=\"lazy\" decoding=\"async\" width=\"1024\" height=\"683\" src=\"https:\/\/www.hlas-pravoslavi.cz\/wp-content\/uploads\/2022\/01\/21.12-1024x683.jpg\" alt=\"\" data-id=\"788\" data-link=\"https:\/\/www.hlas-pravoslavi.cz\/?attachment_id=788#main\" class=\"wp-image-788\" srcset=\"https:\/\/www.hlas-pravoslavi.cz\/wp-content\/uploads\/2022\/01\/21.12-1024x683.jpg 1024w, https:\/\/www.hlas-pravoslavi.cz\/wp-content\/uploads\/2022\/01\/21.12-300x200.jpg 300w, https:\/\/www.hlas-pravoslavi.cz\/wp-content\/uploads\/2022\/01\/21.12-768x512.jpg 768w, https:\/\/www.hlas-pravoslavi.cz\/wp-content\/uploads\/2022\/01\/21.12-1536x1024.jpg 1536w, https:\/\/www.hlas-pravoslavi.cz\/wp-content\/uploads\/2022\/01\/21.12.jpg 1773w\" sizes=\"auto, (max-width: 1024px) 100vw, 1024px\" \/><\/a><figcaption class=\"blocks-gallery-item__caption\">21.12.2018<\/figcaption><\/figure><\/li><li class=\"blocks-gallery-item\"><figure><a href=\"https:\/\/www.hlas-pravoslavi.cz\/wp-content\/uploads\/2022\/01\/22.12-1.jpg\" data-lbwps-width=\"1773\" data-lbwps-height=\"1182\" data-lbwps-srcsmall=\"http:\/\/www.hlas-pravoslavi.cz\/wp-content\/uploads\/2022\/01\/22.12-1-300x200.jpg\"><img loading=\"lazy\" decoding=\"async\" width=\"1024\" height=\"683\" src=\"https:\/\/www.hlas-pravoslavi.cz\/wp-content\/uploads\/2022\/01\/22.12-1-1024x683.jpg\" alt=\"\" data-id=\"789\" data-link=\"https:\/\/www.hlas-pravoslavi.cz\/?attachment_id=789#main\" class=\"wp-image-789\" srcset=\"https:\/\/www.hlas-pravoslavi.cz\/wp-content\/uploads\/2022\/01\/22.12-1-1024x683.jpg 1024w, https:\/\/www.hlas-pravoslavi.cz\/wp-content\/uploads\/2022\/01\/22.12-1-300x200.jpg 300w, https:\/\/www.hlas-pravoslavi.cz\/wp-content\/uploads\/2022\/01\/22.12-1-768x512.jpg 768w, https:\/\/www.hlas-pravoslavi.cz\/wp-content\/uploads\/2022\/01\/22.12-1-1536x1024.jpg 1536w, https:\/\/www.hlas-pravoslavi.cz\/wp-content\/uploads\/2022\/01\/22.12-1.jpg 1773w\" sizes=\"auto, (max-width: 1024px) 100vw, 1024px\" \/><\/a><figcaption class=\"blocks-gallery-item__caption\">22.12.2018<\/figcaption><\/figure><\/li><li class=\"blocks-gallery-item\"><figure><a href=\"https:\/\/www.hlas-pravoslavi.cz\/wp-content\/uploads\/2022\/01\/22.12-2.jpg\" data-lbwps-width=\"1182\" data-lbwps-height=\"1773\" data-lbwps-srcsmall=\"http:\/\/www.hlas-pravoslavi.cz\/wp-content\/uploads\/2022\/01\/22.12-2.jpg\"><img loading=\"lazy\" decoding=\"async\" width=\"683\" height=\"1024\" src=\"https:\/\/www.hlas-pravoslavi.cz\/wp-content\/uploads\/2022\/01\/22.12-2-683x1024.jpg\" alt=\"\" data-id=\"790\" data-link=\"https:\/\/www.hlas-pravoslavi.cz\/?attachment_id=790#main\" class=\"wp-image-790\" srcset=\"https:\/\/www.hlas-pravoslavi.cz\/wp-content\/uploads\/2022\/01\/22.12-2-683x1024.jpg 683w, https:\/\/www.hlas-pravoslavi.cz\/wp-content\/uploads\/2022\/01\/22.12-2-200x300.jpg 200w, https:\/\/www.hlas-pravoslavi.cz\/wp-content\/uploads\/2022\/01\/22.12-2-768x1152.jpg 768w, https:\/\/www.hlas-pravoslavi.cz\/wp-content\/uploads\/2022\/01\/22.12-2-1024x1536.jpg 1024w, https:\/\/www.hlas-pravoslavi.cz\/wp-content\/uploads\/2022\/01\/22.12-2-rotated.jpg 1182w\" sizes=\"auto, (max-width: 683px) 100vw, 683px\" \/><\/a><figcaption class=\"blocks-gallery-item__caption\"> 22.12.2018 <\/figcaption><\/figure><\/li><li class=\"blocks-gallery-item\"><figure><a href=\"https:\/\/www.hlas-pravoslavi.cz\/wp-content\/uploads\/2022\/01\/22.12-3.jpg\" data-lbwps-width=\"1773\" data-lbwps-height=\"1182\" data-lbwps-srcsmall=\"http:\/\/www.hlas-pravoslavi.cz\/wp-content\/uploads\/2022\/01\/22.12-3-300x200.jpg\"><img loading=\"lazy\" decoding=\"async\" width=\"1024\" height=\"683\" src=\"https:\/\/www.hlas-pravoslavi.cz\/wp-content\/uploads\/2022\/01\/22.12-3-1024x683.jpg\" alt=\"\" data-id=\"791\" data-link=\"https:\/\/www.hlas-pravoslavi.cz\/?attachment_id=791#main\" class=\"wp-image-791\" srcset=\"https:\/\/www.hlas-pravoslavi.cz\/wp-content\/uploads\/2022\/01\/22.12-3-1024x683.jpg 1024w, https:\/\/www.hlas-pravoslavi.cz\/wp-content\/uploads\/2022\/01\/22.12-3-300x200.jpg 300w, https:\/\/www.hlas-pravoslavi.cz\/wp-content\/uploads\/2022\/01\/22.12-3-768x512.jpg 768w, https:\/\/www.hlas-pravoslavi.cz\/wp-content\/uploads\/2022\/01\/22.12-3-1536x1024.jpg 1536w, https:\/\/www.hlas-pravoslavi.cz\/wp-content\/uploads\/2022\/01\/22.12-3.jpg 1773w\" sizes=\"auto, (max-width: 1024px) 100vw, 1024px\" \/><\/a><figcaption class=\"blocks-gallery-item__caption\"> 22.12.2018 <\/figcaption><\/figure><\/li><li class=\"blocks-gallery-item\"><figure><a href=\"https:\/\/www.hlas-pravoslavi.cz\/wp-content\/uploads\/2022\/01\/22.12-4.jpg\" data-lbwps-width=\"1773\" data-lbwps-height=\"1182\" data-lbwps-srcsmall=\"http:\/\/www.hlas-pravoslavi.cz\/wp-content\/uploads\/2022\/01\/22.12-4-300x200.jpg\"><img loading=\"lazy\" decoding=\"async\" width=\"1024\" height=\"683\" src=\"https:\/\/www.hlas-pravoslavi.cz\/wp-content\/uploads\/2022\/01\/22.12-4-1024x683.jpg\" alt=\"\" data-id=\"792\" data-link=\"https:\/\/www.hlas-pravoslavi.cz\/?attachment_id=792#main\" class=\"wp-image-792\" srcset=\"https:\/\/www.hlas-pravoslavi.cz\/wp-content\/uploads\/2022\/01\/22.12-4-1024x683.jpg 1024w, https:\/\/www.hlas-pravoslavi.cz\/wp-content\/uploads\/2022\/01\/22.12-4-300x200.jpg 300w, https:\/\/www.hlas-pravoslavi.cz\/wp-content\/uploads\/2022\/01\/22.12-4-768x512.jpg 768w, https:\/\/www.hlas-pravoslavi.cz\/wp-content\/uploads\/2022\/01\/22.12-4-1536x1024.jpg 1536w, https:\/\/www.hlas-pravoslavi.cz\/wp-content\/uploads\/2022\/01\/22.12-4.jpg 1773w\" sizes=\"auto, (max-width: 1024px) 100vw, 1024px\" \/><\/a><figcaption class=\"blocks-gallery-item__caption\"> 22.12.2018 <\/figcaption><\/figure><\/li><li class=\"blocks-gallery-item\"><figure><a href=\"https:\/\/www.hlas-pravoslavi.cz\/wp-content\/uploads\/2022\/01\/25.12-1.jpg\" data-lbwps-width=\"1773\" data-lbwps-height=\"1182\" data-lbwps-srcsmall=\"http:\/\/www.hlas-pravoslavi.cz\/wp-content\/uploads\/2022\/01\/25.12-1-300x200.jpg\"><img loading=\"lazy\" decoding=\"async\" width=\"1024\" height=\"683\" src=\"https:\/\/www.hlas-pravoslavi.cz\/wp-content\/uploads\/2022\/01\/25.12-1-1024x683.jpg\" alt=\"\" data-id=\"793\" data-link=\"https:\/\/www.hlas-pravoslavi.cz\/?attachment_id=793#main\" class=\"wp-image-793\" srcset=\"https:\/\/www.hlas-pravoslavi.cz\/wp-content\/uploads\/2022\/01\/25.12-1-1024x683.jpg 1024w, https:\/\/www.hlas-pravoslavi.cz\/wp-content\/uploads\/2022\/01\/25.12-1-300x200.jpg 300w, https:\/\/www.hlas-pravoslavi.cz\/wp-content\/uploads\/2022\/01\/25.12-1-768x512.jpg 768w, https:\/\/www.hlas-pravoslavi.cz\/wp-content\/uploads\/2022\/01\/25.12-1-1536x1024.jpg 1536w, https:\/\/www.hlas-pravoslavi.cz\/wp-content\/uploads\/2022\/01\/25.12-1.jpg 1773w\" sizes=\"auto, (max-width: 1024px) 100vw, 1024px\" \/><\/a><figcaption class=\"blocks-gallery-item__caption\">25.12.2018<\/figcaption><\/figure><\/li><li class=\"blocks-gallery-item\"><figure><a href=\"https:\/\/www.hlas-pravoslavi.cz\/wp-content\/uploads\/2022\/01\/25.12-2.jpg\" data-lbwps-width=\"1773\" data-lbwps-height=\"1182\" data-lbwps-srcsmall=\"http:\/\/www.hlas-pravoslavi.cz\/wp-content\/uploads\/2022\/01\/25.12-2-300x200.jpg\"><img loading=\"lazy\" decoding=\"async\" width=\"1024\" height=\"683\" src=\"https:\/\/www.hlas-pravoslavi.cz\/wp-content\/uploads\/2022\/01\/25.12-2-1024x683.jpg\" alt=\"\" data-id=\"794\" data-link=\"https:\/\/www.hlas-pravoslavi.cz\/?attachment_id=794#main\" class=\"wp-image-794\" srcset=\"https:\/\/www.hlas-pravoslavi.cz\/wp-content\/uploads\/2022\/01\/25.12-2-1024x683.jpg 1024w, https:\/\/www.hlas-pravoslavi.cz\/wp-content\/uploads\/2022\/01\/25.12-2-300x200.jpg 300w, https:\/\/www.hlas-pravoslavi.cz\/wp-content\/uploads\/2022\/01\/25.12-2-768x512.jpg 768w, https:\/\/www.hlas-pravoslavi.cz\/wp-content\/uploads\/2022\/01\/25.12-2-1536x1024.jpg 1536w, https:\/\/www.hlas-pravoslavi.cz\/wp-content\/uploads\/2022\/01\/25.12-2.jpg 1773w\" sizes=\"auto, (max-width: 1024px) 100vw, 1024px\" \/><\/a><figcaption class=\"blocks-gallery-item__caption\">25.12.2018<\/figcaption><\/figure><\/li><li class=\"blocks-gallery-item\"><figure><a href=\"https:\/\/www.hlas-pravoslavi.cz\/wp-content\/uploads\/2022\/01\/30.12-1.jpg\" data-lbwps-width=\"1672\" data-lbwps-height=\"1254\" data-lbwps-srcsmall=\"http:\/\/www.hlas-pravoslavi.cz\/wp-content\/uploads\/2022\/01\/30.12-1-300x225.jpg\"><img loading=\"lazy\" decoding=\"async\" width=\"1024\" height=\"768\" src=\"https:\/\/www.hlas-pravoslavi.cz\/wp-content\/uploads\/2022\/01\/30.12-1-1024x768.jpg\" alt=\"\" data-id=\"795\" data-link=\"https:\/\/www.hlas-pravoslavi.cz\/?attachment_id=795#main\" class=\"wp-image-795\" srcset=\"https:\/\/www.hlas-pravoslavi.cz\/wp-content\/uploads\/2022\/01\/30.12-1-1024x768.jpg 1024w, https:\/\/www.hlas-pravoslavi.cz\/wp-content\/uploads\/2022\/01\/30.12-1-300x225.jpg 300w, https:\/\/www.hlas-pravoslavi.cz\/wp-content\/uploads\/2022\/01\/30.12-1-768x576.jpg 768w, https:\/\/www.hlas-pravoslavi.cz\/wp-content\/uploads\/2022\/01\/30.12-1-1536x1152.jpg 1536w, https:\/\/www.hlas-pravoslavi.cz\/wp-content\/uploads\/2022\/01\/30.12-1-rotated.jpg 1672w\" sizes=\"auto, (max-width: 1024px) 100vw, 1024px\" \/><\/a><figcaption class=\"blocks-gallery-item__caption\">30.12.2018<\/figcaption><\/figure><\/li><li class=\"blocks-gallery-item\"><figure><a href=\"https:\/\/www.hlas-pravoslavi.cz\/wp-content\/uploads\/2022\/01\/30.12-2.jpg\" data-lbwps-width=\"1280\" data-lbwps-height=\"960\" data-lbwps-srcsmall=\"http:\/\/www.hlas-pravoslavi.cz\/wp-content\/uploads\/2022\/01\/30.12-2-300x225.jpg\"><img loading=\"lazy\" decoding=\"async\" width=\"1024\" height=\"768\" src=\"https:\/\/www.hlas-pravoslavi.cz\/wp-content\/uploads\/2022\/01\/30.12-2-1024x768.jpg\" alt=\"\" data-id=\"796\" data-full-url=\"https:\/\/www.hlas-pravoslavi.cz\/wp-content\/uploads\/2022\/01\/30.12-2.jpg\" data-link=\"https:\/\/www.hlas-pravoslavi.cz\/?attachment_id=796#main\" class=\"wp-image-796\" srcset=\"https:\/\/www.hlas-pravoslavi.cz\/wp-content\/uploads\/2022\/01\/30.12-2-1024x768.jpg 1024w, https:\/\/www.hlas-pravoslavi.cz\/wp-content\/uploads\/2022\/01\/30.12-2-300x225.jpg 300w, https:\/\/www.hlas-pravoslavi.cz\/wp-content\/uploads\/2022\/01\/30.12-2-768x576.jpg 768w, https:\/\/www.hlas-pravoslavi.cz\/wp-content\/uploads\/2022\/01\/30.12-2.jpg 1280w\" sizes=\"auto, (max-width: 1024px) 100vw, 1024px\" \/><\/a><figcaption class=\"blocks-gallery-item__caption\">30.12.2018<\/figcaption><\/figure><\/li><\/ul><\/figure>\n","protected":false},"excerpt":{"rendered":"<p>2. 12. 2018 Arcibiskup pra\u017esk\u00fd a \u010desk\u00fdch zem\u00ed Michal slou\u017eil sv. liturgii v PCO Lan\u0161kroun a znovu vysv\u011btil chr\u00e1m po oprav\u011b. 4. 12. 2018 Na&hellip;<\/p>\n","protected":false},"author":1,"featured_media":0,"comment_status":"closed","ping_status":"open","sticky":false,"template":"","format":"standard","meta":{"footnotes":""},"categories":[36],"tags":[44],"class_list":["post-777","post","type-post","status-publish","format-standard","hentry","category-aktivity-arcibiskupa-michala","tag-2019-01"],"_links":{"self":[{"href":"https:\/\/www.hlas-pravoslavi.cz\/index.php\/wp-json\/wp\/v2\/posts\/777","targetHints":{"allow":["GET"]}}],"collection":[{"href":"https:\/\/www.hlas-pravoslavi.cz\/index.php\/wp-json\/wp\/v2\/posts"}],"about":[{"href":"https:\/\/www.hlas-pravoslavi.cz\/index.php\/wp-json\/wp\/v2\/types\/post"}],"author":[{"embeddable":true,"href":"https:\/\/www.hlas-pravoslavi.cz\/index.php\/wp-json\/wp\/v2\/users\/1"}],"replies":[{"embeddable":true,"href":"https:\/\/www.hlas-pravoslavi.cz\/index.php\/wp-json\/wp\/v2\/comments?post=777"}],"version-history":[{"count":1,"href":"https:\/\/www.hlas-pravoslavi.cz\/index.php\/wp-json\/wp\/v2\/posts\/777\/revisions"}],"predecessor-version":[{"id":797,"href":"https:\/\/www.hlas-pravoslavi.cz\/index.php\/wp-json\/wp\/v2\/posts\/777\/revisions\/797"}],"wp:attachment":[{"href":"https:\/\/www.hlas-pravoslavi.cz\/index.php\/wp-json\/wp\/v2\/media?parent=777"}],"wp:term":[{"taxonomy":"category","embeddable":true,"href":"https:\/\/www.hlas-pravoslavi.cz\/index.php\/wp-json\/wp\/v2\/categories?post=777"},{"taxonomy":"post_tag","embeddable":true,"href":"https:\/\/www.hlas-pravoslavi.cz\/index.php\/wp-json\/wp\/v2\/tags?post=777"}],"curies":[{"name":"wp","href":"https:\/\/api.w.org\/{rel}","templated":true}]}}