{"id":734,"date":"2021-07-19T11:39:23","date_gmt":"2021-07-19T10:39:23","guid":{"rendered":"https:\/\/www.hlas-pravoslavi.cz\/?p=734"},"modified":"2021-12-19T11:39:34","modified_gmt":"2021-12-19T10:39:34","slug":"knez-v-recku-zautocil-na-biskupy-kyselinou-deset-lidi-skoncilo-v-nemocnici","status":"publish","type":"post","link":"https:\/\/www.hlas-pravoslavi.cz\/index.php\/2021\/07\/19\/knez-v-recku-zautocil-na-biskupy-kyselinou-deset-lidi-skoncilo-v-nemocnici\/","title":{"rendered":"Kn\u011bz v \u0158ecku za\u00fato\u010dil na biskupy kyselinou, deset lid\u00ed skon\u010dilo v nemocnici"},"content":{"rendered":"\n<p>Sedm vysoce postaven\u00fdch \u010dlen\u016f \u0159eck\u00e9 pravoslavn\u00e9 c\u00edrkve, jeden policista a dva pr\u00e1vn\u00edci byli ve st\u0159edu ve\u010der hospitalizov\u00e1ni s pop\u00e1leninami po napaden\u00ed \u017e\u00edravinou. K \u00fatoku do\u0161lo bezprost\u0159edn\u011b po disciplin\u00e1rn\u00edm \u0159\u00edzen\u00ed s kn\u011bzem, kter\u00fd je mo\u017en\u00fdm \u00fato\u010dn\u00edkem. O napaden\u00ed s odvol\u00e1n\u00edm na m\u00edstn\u00ed policii informovaly agentury AFP a AP.<\/p>\n\n\n\n<p>P\u0159edpokl\u00e1dan\u00fdm pachatelem je 37let\u00fd kn\u011bz, kter\u00e9mu hrozilo vylou\u010den\u00ed z c\u00edrkve kv\u016fli \u00fadajn\u00e9 trestn\u00e9 \u010dinnost\u00ed souvisej\u00edc\u00ed s drogami. Policie ho na m\u00edst\u011b zatkla a bude ho vysl\u00fdchat. Motiv \u00fatoku zat\u00edm nen\u00ed jasn\u00fd.<\/p>\n\n\n\n<p>\u00datok odsoudila \u0159eck\u00e1 prezidentka Katerina Sakellaropulos. At\u00e9nskou nemocnici, kde byli biskupov\u00e9 zpo\u010d\u00e1tku o\u0161et\u0159ov\u00e1ni, nav\u0161t\u00edvil tak\u00e9 ministr zdravotnictv\u00ed Vasilis Kikilias a nejvy\u0161\u0161\u00ed p\u0159edstavitel \u0159eck\u00e9 c\u00edrkve at\u00e9nsk\u00fd arcibiskup Ieronymos.<\/p>\n\n\n\n<p>Ten novin\u00e1\u0159\u016fm \u0159ekl, \u017ee byl \u00fatokem hluboce zarmoucen, ale ulevilo se mu, \u017ee \u017e\u00e1dn\u00e9 ze zran\u011bn\u00ed l\u00e9ka\u0159i nepova\u017eovali za ohro\u017euj\u00edc\u00ed \u017eivot.<\/p>\n\n\n\n<p>I tak v noci na \u010dtvrtek t\u0159i \u010dlenov\u00e9 c\u00edrkve a jeden policista z\u016fstali v p\u00e9\u010di l\u00e9ka\u0159\u016f.<\/p>\n\n\n\n<p>Ministr zdravotnictv\u00ed Kikilias uvedl, \u017ee \u010dty\u0159i z biskup\u016f byli zran\u011bni lehce, zat\u00edmco jeden byl p\u0159evezen na odd\u011blen\u00ed plastick\u00e9 chirurgie jin\u00e9 nemocnice a dal\u0161\u00ed dva zran\u011bn\u00ed budou nejsp\u00ed\u0161 tak\u00e9 p\u0159evezeni na specializovan\u00e9 jednotky. Jednoho z nich \u010dek\u00e1 operace na o\u010dn\u00ed klinice, p\u00ed\u0161e agentura AP.<\/p>\n\n\n\n<p><a href=\"http:\/\/www.novinky.cz\">www.novinky.cz<\/a><\/p>\n","protected":false},"excerpt":{"rendered":"<p>Sedm vysoce postaven\u00fdch \u010dlen\u016f \u0159eck\u00e9 pravoslavn\u00e9 c\u00edrkve, jeden policista a dva pr\u00e1vn\u00edci byli ve st\u0159edu ve\u010der hospitalizov\u00e1ni s pop\u00e1leninami po napaden\u00ed \u017e\u00edravinou. K \u00fatoku do\u0161lo&hellip;<\/p>\n","protected":false},"author":1,"featured_media":0,"comment_status":"closed","ping_status":"open","sticky":false,"template":"","format":"standard","meta":{"footnotes":""},"categories":[10],"tags":[37],"class_list":["post-734","post","type-post","status-publish","format-standard","hentry","category-zpravy-ze-sveta","tag-2021-07"],"_links":{"self":[{"href":"https:\/\/www.hlas-pravoslavi.cz\/index.php\/wp-json\/wp\/v2\/posts\/734","targetHints":{"allow":["GET"]}}],"collection":[{"href":"https:\/\/www.hlas-pravoslavi.cz\/index.php\/wp-json\/wp\/v2\/posts"}],"about":[{"href":"https:\/\/www.hlas-pravoslavi.cz\/index.php\/wp-json\/wp\/v2\/types\/post"}],"author":[{"embeddable":true,"href":"https:\/\/www.hlas-pravoslavi.cz\/index.php\/wp-json\/wp\/v2\/users\/1"}],"replies":[{"embeddable":true,"href":"https:\/\/www.hlas-pravoslavi.cz\/index.php\/wp-json\/wp\/v2\/comments?post=734"}],"version-history":[{"count":1,"href":"https:\/\/www.hlas-pravoslavi.cz\/index.php\/wp-json\/wp\/v2\/posts\/734\/revisions"}],"predecessor-version":[{"id":735,"href":"https:\/\/www.hlas-pravoslavi.cz\/index.php\/wp-json\/wp\/v2\/posts\/734\/revisions\/735"}],"wp:attachment":[{"href":"https:\/\/www.hlas-pravoslavi.cz\/index.php\/wp-json\/wp\/v2\/media?parent=734"}],"wp:term":[{"taxonomy":"category","embeddable":true,"href":"https:\/\/www.hlas-pravoslavi.cz\/index.php\/wp-json\/wp\/v2\/categories?post=734"},{"taxonomy":"post_tag","embeddable":true,"href":"https:\/\/www.hlas-pravoslavi.cz\/index.php\/wp-json\/wp\/v2\/tags?post=734"}],"curies":[{"name":"wp","href":"https:\/\/api.w.org\/{rel}","templated":true}]}}