{"id":721,"date":"2021-07-19T11:32:43","date_gmt":"2021-07-19T10:32:43","guid":{"rendered":"https:\/\/www.hlas-pravoslavi.cz\/?p=721"},"modified":"2021-12-19T11:32:54","modified_gmt":"2021-12-19T10:32:54","slug":"zvony-washingtonske-katedraly-zaznely-600krat-na-pamatku-zemrelych-na-koronavirus","status":"publish","type":"post","link":"https:\/\/www.hlas-pravoslavi.cz\/index.php\/2021\/07\/19\/zvony-washingtonske-katedraly-zaznely-600krat-na-pamatku-zemrelych-na-koronavirus\/","title":{"rendered":"Zvony washingtonsk\u00e9 katedr\u00e1ly zazn\u011bly 600kr\u00e1t na pam\u00e1tku zem\u0159el\u00fdch na koronavirus"},"content":{"rendered":"\n<p>V&nbsp;p\u00e1tek 25. \u010dervna 600kr\u00e1t zazvonily zvony washingtonsk\u00e9 katedr\u00e1ly \u2013 jednou na pam\u00e1tku ka\u017ed\u00e9ho tis\u00edce lid\u00ed, kte\u0159\u00ed ve Spojen\u00fdch st\u00e1tech zem\u0159eli na nemoci souvisej\u00edc\u00ed s&nbsp;koronavirovou infekc\u00ed.<\/p>\n\n\n\n<p>V USA se po\u010det ob\u011bt\u00ed viru podle r\u016fzn\u00fdch zdroj\u016f bl\u00ed\u017e\u00ed nebo ji\u017e p\u0159ekro\u010dil 600 tis\u00edc. Centra pro kontrolu a prevenci nemoc\u00ed (CDC) k 10. \u010dervnu odhadovala celkov\u00fd po\u010det ob\u011bt\u00ed COVID-19 na 596 059 lid\u00ed, Univerzita Johna Hopkinse p\u00ed\u0161e o 598&nbsp;726 zem\u0159el\u00fdch, a port\u00e1l Worldometr, kter\u00fd sleduje statistiky nejd\u016fle\u017eit\u011bj\u0161\u00edch sv\u011btov\u00fdch ud\u00e1lost\u00ed, hl\u00e1s\u00ed 613 898 \u00famrt\u00ed.<\/p>\n\n\n\n<p>Naposledy katedr\u00e1ln\u00ed zvony zazvonily na pam\u00e1tku ob\u011bt\u00ed viru 15. prosince lo\u0148sk\u00e9ho roku, kdy jejich po\u010det dos\u00e1hl 300 tis\u00edc.<\/p>\n\n\n\n<p>T\u00e9m\u011b\u0159 52 % v\u0161ech Ameri\u010dan\u016f ji\u017e dostalo alespo\u0148 jednu d\u00e1vku vakc\u00edny proti koronaviru a 42,6 % je podle CDC pln\u011b o\u010dkov\u00e1no.<\/p>\n\n\n\n<p>Celkov\u011b bylo b\u011bhem pandemie ve Spojen\u00fdch st\u00e1tech podle Univerzity Johna Hopkinse zji\u0161t\u011bno 33 427 121 p\u0159\u00edpad\u016f onemocn\u011bn\u00ed infekc\u00ed COVID-19, co\u017e je dodnes smutn\u00fd sv\u011btov\u00fd rekord.<\/p>\n\n\n\n<p><a href=\"http:\/\/www.interfax-religion.ru\">www.interfax-religion.ru<\/a><\/p>\n","protected":false},"excerpt":{"rendered":"<p>V&nbsp;p\u00e1tek 25. \u010dervna 600kr\u00e1t zazvonily zvony washingtonsk\u00e9 katedr\u00e1ly \u2013 jednou na pam\u00e1tku ka\u017ed\u00e9ho tis\u00edce lid\u00ed, kte\u0159\u00ed ve Spojen\u00fdch st\u00e1tech zem\u0159eli na nemoci souvisej\u00edc\u00ed s&nbsp;koronavirovou infekc\u00ed.&hellip;<\/p>\n","protected":false},"author":1,"featured_media":0,"comment_status":"closed","ping_status":"open","sticky":false,"template":"","format":"standard","meta":{"footnotes":""},"categories":[10],"tags":[37],"class_list":["post-721","post","type-post","status-publish","format-standard","hentry","category-zpravy-ze-sveta","tag-2021-07"],"_links":{"self":[{"href":"https:\/\/www.hlas-pravoslavi.cz\/index.php\/wp-json\/wp\/v2\/posts\/721","targetHints":{"allow":["GET"]}}],"collection":[{"href":"https:\/\/www.hlas-pravoslavi.cz\/index.php\/wp-json\/wp\/v2\/posts"}],"about":[{"href":"https:\/\/www.hlas-pravoslavi.cz\/index.php\/wp-json\/wp\/v2\/types\/post"}],"author":[{"embeddable":true,"href":"https:\/\/www.hlas-pravoslavi.cz\/index.php\/wp-json\/wp\/v2\/users\/1"}],"replies":[{"embeddable":true,"href":"https:\/\/www.hlas-pravoslavi.cz\/index.php\/wp-json\/wp\/v2\/comments?post=721"}],"version-history":[{"count":1,"href":"https:\/\/www.hlas-pravoslavi.cz\/index.php\/wp-json\/wp\/v2\/posts\/721\/revisions"}],"predecessor-version":[{"id":722,"href":"https:\/\/www.hlas-pravoslavi.cz\/index.php\/wp-json\/wp\/v2\/posts\/721\/revisions\/722"}],"wp:attachment":[{"href":"https:\/\/www.hlas-pravoslavi.cz\/index.php\/wp-json\/wp\/v2\/media?parent=721"}],"wp:term":[{"taxonomy":"category","embeddable":true,"href":"https:\/\/www.hlas-pravoslavi.cz\/index.php\/wp-json\/wp\/v2\/categories?post=721"},{"taxonomy":"post_tag","embeddable":true,"href":"https:\/\/www.hlas-pravoslavi.cz\/index.php\/wp-json\/wp\/v2\/tags?post=721"}],"curies":[{"name":"wp","href":"https:\/\/api.w.org\/{rel}","templated":true}]}}