{"id":718,"date":"2021-07-19T11:31:28","date_gmt":"2021-07-19T10:31:28","guid":{"rendered":"https:\/\/www.hlas-pravoslavi.cz\/?p=718"},"modified":"2021-12-19T11:31:43","modified_gmt":"2021-12-19T10:31:43","slug":"vatikan-predal-jeden-z-rimskych-kostelu-gruzinske-farnosti-na-70-let","status":"publish","type":"post","link":"https:\/\/www.hlas-pravoslavi.cz\/index.php\/2021\/07\/19\/vatikan-predal-jeden-z-rimskych-kostelu-gruzinske-farnosti-na-70-let\/","title":{"rendered":"Vatik\u00e1n p\u0159edal jeden z \u0159\u00edmsk\u00fdch kostel\u016f gruz\u00ednsk\u00e9 farnosti na 70 let"},"content":{"rendered":"\n<p>Svat\u00fd stolec p\u0159edal gruz\u00ednsk\u00e9 farnosti v \u0158\u00edm\u011b k dlouhodob\u00e9mu u\u017e\u00edv\u00e1n\u00ed kostel San Salvatore al Monte, kde se ji\u017e n\u011bkolik let slou\u017e\u00ed bohoslu\u017eby v gruz\u00ednsk\u00e9m jazyce.<\/p>\n\n\n\n<p>Podle spr\u00e1vy gruz\u00ednsk\u00e9 prezidentsk\u00e9 administrace tato ot\u00e1zka byla vy\u0159e\u0161ena b\u011bhem cesty prezidentky Salome Zurabi\u0161vili do Vatik\u00e1nu.<\/p>\n\n\n\n<p>Uv\u00e1d\u00ed se, \u017ee Zurabi\u0161vili projednala tuto ot\u00e1zku s kardin\u00e1lem vik\u00e1\u0159em Angelem de Donatisem a po setk\u00e1n\u00ed nav\u0161t\u00edvila tento kostel spole\u010dn\u011b s rektorem Tbilisk\u00e9 duchovn\u00ed akademie protopresbyterem Giorgiem Zviadadzem.<\/p>\n\n\n\n<p>\u201eVelmi dob\u0159e si uv\u011bdomuji, jak je tento chr\u00e1m d\u016fle\u017eit\u00fd, proto\u017ee jsem ji\u017e pro\u0161la touto cestou, gruz\u00ednsk\u00fd chr\u00e1m v Pa\u0159\u00ed\u017ei zalo\u017eil m\u016fj otec. Chci poblahop\u0159\u00e1t farn\u00edk\u016fm k t\u00e9to v\u00fdznamn\u00e9 ud\u00e1losti,\u201c \u0159ekla Zurabi\u0161vili.<\/p>\n\n\n\n<p>V bl\u00edzk\u00e9 budoucnosti bude podeps\u00e1n ofici\u00e1ln\u00ed dokument o p\u0159ed\u00e1n\u00ed kostela San Salvatore al Monti gruz\u00ednsk\u00e9 farnosti pro dlouhodob\u00e9 pou\u017e\u00edv\u00e1n\u00ed.<\/p>\n\n\n\n<p>Gruz\u00ednsk\u00fd patriarch\u00e1t tak\u00e9 informoval, \u017ee na z\u00e1klad\u011b rozhodnut\u00ed Svat\u00e9ho stolce byl kostel San Salvatore al Monti v \u0158\u00edm\u011b do\u010dasn\u011b p\u0159ed\u00e1n eparchii z\u00e1padn\u00ed Evropy Gruz\u00ednsk\u00e9 pravoslavn\u00e9 c\u00edrkve.<\/p>\n\n\n\n<p><a href=\"http:\/\/www.interfax-religion.ru\">www.interfax-religion.ru<\/a><\/p>\n","protected":false},"excerpt":{"rendered":"<p>Svat\u00fd stolec p\u0159edal gruz\u00ednsk\u00e9 farnosti v \u0158\u00edm\u011b k dlouhodob\u00e9mu u\u017e\u00edv\u00e1n\u00ed kostel San Salvatore al Monte, kde se ji\u017e n\u011bkolik let slou\u017e\u00ed bohoslu\u017eby v gruz\u00ednsk\u00e9m jazyce.&hellip;<\/p>\n","protected":false},"author":1,"featured_media":719,"comment_status":"closed","ping_status":"open","sticky":false,"template":"","format":"standard","meta":{"footnotes":""},"categories":[10],"tags":[37],"class_list":["post-718","post","type-post","status-publish","format-standard","has-post-thumbnail","hentry","category-zpravy-ze-sveta","tag-2021-07","has-post-thumbnail-archive"],"_links":{"self":[{"href":"https:\/\/www.hlas-pravoslavi.cz\/index.php\/wp-json\/wp\/v2\/posts\/718","targetHints":{"allow":["GET"]}}],"collection":[{"href":"https:\/\/www.hlas-pravoslavi.cz\/index.php\/wp-json\/wp\/v2\/posts"}],"about":[{"href":"https:\/\/www.hlas-pravoslavi.cz\/index.php\/wp-json\/wp\/v2\/types\/post"}],"author":[{"embeddable":true,"href":"https:\/\/www.hlas-pravoslavi.cz\/index.php\/wp-json\/wp\/v2\/users\/1"}],"replies":[{"embeddable":true,"href":"https:\/\/www.hlas-pravoslavi.cz\/index.php\/wp-json\/wp\/v2\/comments?post=718"}],"version-history":[{"count":1,"href":"https:\/\/www.hlas-pravoslavi.cz\/index.php\/wp-json\/wp\/v2\/posts\/718\/revisions"}],"predecessor-version":[{"id":720,"href":"https:\/\/www.hlas-pravoslavi.cz\/index.php\/wp-json\/wp\/v2\/posts\/718\/revisions\/720"}],"wp:featuredmedia":[{"embeddable":true,"href":"https:\/\/www.hlas-pravoslavi.cz\/index.php\/wp-json\/wp\/v2\/media\/719"}],"wp:attachment":[{"href":"https:\/\/www.hlas-pravoslavi.cz\/index.php\/wp-json\/wp\/v2\/media?parent=718"}],"wp:term":[{"taxonomy":"category","embeddable":true,"href":"https:\/\/www.hlas-pravoslavi.cz\/index.php\/wp-json\/wp\/v2\/categories?post=718"},{"taxonomy":"post_tag","embeddable":true,"href":"https:\/\/www.hlas-pravoslavi.cz\/index.php\/wp-json\/wp\/v2\/tags?post=718"}],"curies":[{"name":"wp","href":"https:\/\/api.w.org\/{rel}","templated":true}]}}