{"id":716,"date":"2021-07-19T11:30:01","date_gmt":"2021-07-19T10:30:01","guid":{"rendered":"https:\/\/www.hlas-pravoslavi.cz\/?p=716"},"modified":"2021-12-19T11:30:14","modified_gmt":"2021-12-19T10:30:14","slug":"neockovani-mnisi-budou-vylouceni-z-valamskeho-monastyru","status":"publish","type":"post","link":"https:\/\/www.hlas-pravoslavi.cz\/index.php\/2021\/07\/19\/neockovani-mnisi-budou-vylouceni-z-valamskeho-monastyru\/","title":{"rendered":"Neo\u010dkovan\u00ed mni\u0161i budou vylou\u010deni z Val\u00e1msk\u00e9ho monast\u00fdru"},"content":{"rendered":"\n<p>V\u0161ichni poutn\u00edci a dobrovoln\u00edci, kte\u0159\u00ed se chystaj\u00ed jet do Val\u00e1msk\u00e9ho monast\u00fdru, budou muset uk\u00e1zat potvrzen\u00ed o o\u010dkov\u00e1n\u00ed nebo v\u00fdsledek PCR testu.<\/p>\n\n\n\n<p>P\u0159edstaven\u00fd Val\u00e1msk\u00e9ho stavropigi\u00e1ln\u00edho mu\u017esk\u00e9ho monast\u00fdru RPC, biskup trojick\u00fd Pankratij (\u017derd\u011bv), \u0159ekl, \u017ee ka\u017ed\u00fd, kdo \u017eije ve Val\u00e1msk\u00e9m monast\u00fdru Prom\u011bn\u011bn\u00ed P\u00e1n\u011b, mus\u00ed b\u00fdt o\u010dkov\u00e1n proti koronaviru a ti, kte\u0159\u00ed odm\u00edtnou, budou z kl\u00e1\u0161tera vylou\u010deni.<\/p>\n\n\n\n<p>Podle n\u011bj bude o\u010dkov\u00e1n\u00ed nezbytn\u00e9 pro poutn\u00edky zdr\u017euj\u00edc\u00ed se v monast\u00fdru, bratry, duchovenstvo a n\u00e1jemn\u00e9 pracovn\u00edky.<\/p>\n\n\n\n<p>\u201eZ\u00e1kladn\u00edm principem ka\u017ed\u00e9ho monast\u00fdru je poslu\u0161nost igumenovi, hierarchie. Pokud se tento princip dodr\u017euje, monast\u00fdr norm\u00e1ln\u011b existuje a rozv\u00edj\u00ed se, pokud ne, v\u0161echno se hrout\u00ed. Proto jsem nemohl ponechat tak v\u00e1\u017enou ot\u00e1zku svobodn\u00e9mu rozhodnut\u00ed \u2013 je po\u017eehn\u00e1n\u00ed,\u201c \u0159ekl biskup.<\/p>\n\n\n\n<p>Ti, co o\u010dkov\u00e1n\u00ed odm\u00edtnou, budou vylou\u010deni z&nbsp;monast\u00fdru bez jak\u00e9hokoliv p\u0159\u00edsp\u011bvku.<\/p>\n\n\n\n<p>\u201eJsou i takov\u00ed, bohu\u017eel, nen\u00ed jich moc, ale jsou,\u201c dodal p\u0159edstaven\u00fd.<\/p>\n\n\n\n<p>Biskup Pankratij byl nao\u010dkov\u00e1n ruskou vakc\u00ednou Sputnik V&nbsp;je\u0161t\u011b v z\u00e1\u0159\u00ed 2020 a p\u0159ipravoval se na revakcinaci, ale dostal nejprve akutn\u00ed respira\u010dn\u00ed infekce a pot\u00e9 indickou variantu koronaviru.<\/p>\n\n\n\n<p>\u201eJsem pro absolutn\u011b \u00fapln\u00e9, stoprocentn\u00ed o\u010dkov\u00e1n\u00ed cel\u00e9 populace Rusk\u00e9 federace. Toto je moje pozice: Byl jsem s\u00e1m v \u010derven\u00e9 z\u00f3n\u011b, um\u00edral jsem, vid\u011bl jsem lidi p\u0159ipojen\u00e9 na ventilaci, kte\u0159\u00ed \u010dekaj\u00ed na smrt, ot\u00e1zkou bylo jen, kdy zem\u0159ou. Vid\u011bl jsem velmi mlad\u00e9 lidi v t\u011b\u017ek\u00e9m stavu. Proto ka\u017ed\u00e1 polemika je naprosto nevhodn\u00e1,\u201c poznamenal biskup Pankratij.<\/p>\n\n\n\n<p><a href=\"http:\/\/www.spzh.news\">www.spzh.news<\/a><\/p>\n","protected":false},"excerpt":{"rendered":"<p>V\u0161ichni poutn\u00edci a dobrovoln\u00edci, kte\u0159\u00ed se chystaj\u00ed jet do Val\u00e1msk\u00e9ho monast\u00fdru, budou muset uk\u00e1zat potvrzen\u00ed o o\u010dkov\u00e1n\u00ed nebo v\u00fdsledek PCR testu. P\u0159edstaven\u00fd Val\u00e1msk\u00e9ho stavropigi\u00e1ln\u00edho mu\u017esk\u00e9ho&hellip;<\/p>\n","protected":false},"author":1,"featured_media":0,"comment_status":"closed","ping_status":"open","sticky":false,"template":"","format":"standard","meta":{"footnotes":""},"categories":[10],"tags":[37],"class_list":["post-716","post","type-post","status-publish","format-standard","hentry","category-zpravy-ze-sveta","tag-2021-07"],"_links":{"self":[{"href":"https:\/\/www.hlas-pravoslavi.cz\/index.php\/wp-json\/wp\/v2\/posts\/716","targetHints":{"allow":["GET"]}}],"collection":[{"href":"https:\/\/www.hlas-pravoslavi.cz\/index.php\/wp-json\/wp\/v2\/posts"}],"about":[{"href":"https:\/\/www.hlas-pravoslavi.cz\/index.php\/wp-json\/wp\/v2\/types\/post"}],"author":[{"embeddable":true,"href":"https:\/\/www.hlas-pravoslavi.cz\/index.php\/wp-json\/wp\/v2\/users\/1"}],"replies":[{"embeddable":true,"href":"https:\/\/www.hlas-pravoslavi.cz\/index.php\/wp-json\/wp\/v2\/comments?post=716"}],"version-history":[{"count":1,"href":"https:\/\/www.hlas-pravoslavi.cz\/index.php\/wp-json\/wp\/v2\/posts\/716\/revisions"}],"predecessor-version":[{"id":717,"href":"https:\/\/www.hlas-pravoslavi.cz\/index.php\/wp-json\/wp\/v2\/posts\/716\/revisions\/717"}],"wp:attachment":[{"href":"https:\/\/www.hlas-pravoslavi.cz\/index.php\/wp-json\/wp\/v2\/media?parent=716"}],"wp:term":[{"taxonomy":"category","embeddable":true,"href":"https:\/\/www.hlas-pravoslavi.cz\/index.php\/wp-json\/wp\/v2\/categories?post=716"},{"taxonomy":"post_tag","embeddable":true,"href":"https:\/\/www.hlas-pravoslavi.cz\/index.php\/wp-json\/wp\/v2\/tags?post=716"}],"curies":[{"name":"wp","href":"https:\/\/api.w.org\/{rel}","templated":true}]}}