{"id":699,"date":"2021-07-19T11:20:51","date_gmt":"2021-07-19T10:20:51","guid":{"rendered":"https:\/\/www.hlas-pravoslavi.cz\/?p=699"},"modified":"2021-12-19T11:21:03","modified_gmt":"2021-12-19T10:21:03","slug":"pout-ke-svatemu-ivanovi","status":"publish","type":"post","link":"https:\/\/www.hlas-pravoslavi.cz\/index.php\/2021\/07\/19\/pout-ke-svatemu-ivanovi\/","title":{"rendered":"Pou\u0165 ke svat\u00e9mu Ivanovi"},"content":{"rendered":"\n<p>V&nbsp;sobotu 3. \u010dervence se konala tradi\u010dn\u00ed pou\u0165 k&nbsp;svat\u00e9mu Ivanovi \u010cesk\u00e9mu \u2013 prvn\u00edmu k\u0159es\u0165ansk\u00e9mu poustevn\u00edkovi na na\u0161em \u00fazem\u00ed. Pou\u0165 vyvrcholila archijerejskou sv. liturgii, kterou slou\u017eil arcibiskup pra\u017esk\u00fd a \u010desk\u00fdch zem\u00ed Michal spolu s&nbsp;arcibiskupem berounsk\u00fdm J\u00e1chymem a hostem z&nbsp;Ukrajinsk\u00e9 pravoslavn\u00e9 c\u00edrkve \u2013 biskupem uho\u013esk\u00fdm Simeonem, vik\u00e1\u0159em chustsk\u00e9 eparchie.<\/p>\n\n\n\n<p>Bohoslu\u017eby se z\u00fa\u010dastnilo po\u010detn\u00e9 duchovenstvo Pra\u017esk\u00e9 pravoslavn\u00e9 eparchie a mno\u017estv\u00ed v\u011b\u0159\u00edc\u00edch ze v\u0161ech kout\u016f na\u0161\u00ed zem\u011b. Liturgie se tradi\u010dn\u011b slou\u017eila v&nbsp;jeskyni, v&nbsp;n\u00ed\u017e svat\u00fd Ivan str\u00e1vil v\u00edce ne\u017e 40 let sv\u00e9ho \u017eivota. Pot\u00e9 n\u00e1sledovala hostina pro poutn\u00edky.<\/p>\n\n\n\n<p>Sv. Ivan \u010desk\u00fd poch\u00e1zel ze slovansk\u00e9ho kmene Chorvat\u016f. Rozhodl se zasv\u011btit sv\u016fj \u017eivot Bohu a odebral se do hlubok\u00e9ho lesa nedaleko hradu Tet\u00edn, kter\u00fd v&nbsp;t\u00e9 dob\u011b byl kn\u00ed\u017eec\u00edm s\u00eddlem. D\u00edky takov\u00e9mu sousedstv\u00ed se sv. Jan sezn\u00e1mil se sv. kn\u011b\u017enou Ludmilou a jej\u00edm man\u017eelem kn\u00ed\u017eetem Bo\u0159ivojem. Poustevnick\u00fd \u017eivot nebyl jednoduch\u00fd stejn\u011b jako i duchovn\u00ed z\u00e1pas, kter\u00fd sv\u011btec neust\u00e1le vedl proti zl\u00fdm duch\u016fm a poku\u0161en\u00edm. To v\u0161e ale p\u0159ekonal s&nbsp;Bo\u017e\u00ed pomoc\u00ed a d\u00edky sv. Janu K\u0159titeli, jen\u017e se svat\u00e9mu Ivanovi zjevil a daroval mu d\u0159ev\u011bn\u00fd k\u0159\u00ed\u017e jako zbra\u0148 proti napaden\u00ed d\u00e9mon\u016f.&nbsp;<\/p>\n\n\n\n<p>Pou\u0165 k&nbsp;jeskyni svat\u00e9ho Ivana je jednou z&nbsp;nejkr\u00e1sn\u011bj\u0161\u00edch duchovn\u00edch tradic na\u0161\u00ed c\u00edrkve, kter\u00e1 ji\u017e \u0159adu let t\u011b\u0161\u00ed srdce v\u0161ech pravoslavn\u00fdch v\u011b\u0159\u00edc\u00edch.<\/p>\n\n\n\n<p>Redakce<\/p>\n\n\n\n<p>Foto: Elena Slava<\/p>\n\n\n\n<figure class=\"wp-block-gallery columns-3 is-cropped wp-block-gallery-1 is-layout-flex wp-block-gallery-is-layout-flex\"><ul class=\"blocks-gallery-grid\"><li class=\"blocks-gallery-item\"><figure><a href=\"https:\/\/www.hlas-pravoslavi.cz\/wp-content\/uploads\/2021\/12\/04_.jpg\" data-lbwps-width=\"2508\" data-lbwps-height=\"1672\" data-lbwps-srcsmall=\"http:\/\/www.hlas-pravoslavi.cz\/wp-content\/uploads\/2021\/12\/04_-300x200.jpg\"><img loading=\"lazy\" decoding=\"async\" width=\"1024\" height=\"683\" src=\"https:\/\/www.hlas-pravoslavi.cz\/wp-content\/uploads\/2021\/12\/04_-1024x683.jpg\" alt=\"\" data-id=\"700\" data-link=\"https:\/\/www.hlas-pravoslavi.cz\/?attachment_id=700#main\" class=\"wp-image-700\" srcset=\"https:\/\/www.hlas-pravoslavi.cz\/wp-content\/uploads\/2021\/12\/04_-1024x683.jpg 1024w, https:\/\/www.hlas-pravoslavi.cz\/wp-content\/uploads\/2021\/12\/04_-300x200.jpg 300w, https:\/\/www.hlas-pravoslavi.cz\/wp-content\/uploads\/2021\/12\/04_-768x512.jpg 768w, https:\/\/www.hlas-pravoslavi.cz\/wp-content\/uploads\/2021\/12\/04_-1536x1024.jpg 1536w, https:\/\/www.hlas-pravoslavi.cz\/wp-content\/uploads\/2021\/12\/04_-2048x1365.jpg 2048w, https:\/\/www.hlas-pravoslavi.cz\/wp-content\/uploads\/2021\/12\/04_-1920x1280.jpg 1920w\" sizes=\"auto, (max-width: 1024px) 100vw, 1024px\" \/><\/a><\/figure><\/li><li class=\"blocks-gallery-item\"><figure><a href=\"https:\/\/www.hlas-pravoslavi.cz\/wp-content\/uploads\/2021\/12\/07_.jpg\" data-lbwps-width=\"1773\" data-lbwps-height=\"1182\" data-lbwps-srcsmall=\"http:\/\/www.hlas-pravoslavi.cz\/wp-content\/uploads\/2021\/12\/07_-300x200.jpg\"><img loading=\"lazy\" decoding=\"async\" width=\"1024\" height=\"683\" src=\"https:\/\/www.hlas-pravoslavi.cz\/wp-content\/uploads\/2021\/12\/07_-1024x683.jpg\" alt=\"\" data-id=\"701\" data-link=\"https:\/\/www.hlas-pravoslavi.cz\/?attachment_id=701#main\" class=\"wp-image-701\" srcset=\"https:\/\/www.hlas-pravoslavi.cz\/wp-content\/uploads\/2021\/12\/07_-1024x683.jpg 1024w, https:\/\/www.hlas-pravoslavi.cz\/wp-content\/uploads\/2021\/12\/07_-300x200.jpg 300w, https:\/\/www.hlas-pravoslavi.cz\/wp-content\/uploads\/2021\/12\/07_-768x512.jpg 768w, https:\/\/www.hlas-pravoslavi.cz\/wp-content\/uploads\/2021\/12\/07_-1536x1024.jpg 1536w, https:\/\/www.hlas-pravoslavi.cz\/wp-content\/uploads\/2021\/12\/07_.jpg 1773w\" sizes=\"auto, (max-width: 1024px) 100vw, 1024px\" \/><\/a><\/figure><\/li><li class=\"blocks-gallery-item\"><figure><a href=\"https:\/\/www.hlas-pravoslavi.cz\/wp-content\/uploads\/2021\/12\/09_.jpg\" data-lbwps-width=\"1773\" data-lbwps-height=\"1182\" data-lbwps-srcsmall=\"http:\/\/www.hlas-pravoslavi.cz\/wp-content\/uploads\/2021\/12\/09_-300x200.jpg\"><img loading=\"lazy\" decoding=\"async\" width=\"1024\" height=\"683\" src=\"https:\/\/www.hlas-pravoslavi.cz\/wp-content\/uploads\/2021\/12\/09_-1024x683.jpg\" alt=\"\" data-id=\"702\" data-link=\"https:\/\/www.hlas-pravoslavi.cz\/?attachment_id=702#main\" class=\"wp-image-702\" srcset=\"https:\/\/www.hlas-pravoslavi.cz\/wp-content\/uploads\/2021\/12\/09_-1024x683.jpg 1024w, https:\/\/www.hlas-pravoslavi.cz\/wp-content\/uploads\/2021\/12\/09_-300x200.jpg 300w, https:\/\/www.hlas-pravoslavi.cz\/wp-content\/uploads\/2021\/12\/09_-768x512.jpg 768w, https:\/\/www.hlas-pravoslavi.cz\/wp-content\/uploads\/2021\/12\/09_-1536x1024.jpg 1536w, https:\/\/www.hlas-pravoslavi.cz\/wp-content\/uploads\/2021\/12\/09_.jpg 1773w\" sizes=\"auto, (max-width: 1024px) 100vw, 1024px\" \/><\/a><\/figure><\/li><li class=\"blocks-gallery-item\"><figure><a href=\"https:\/\/www.hlas-pravoslavi.cz\/wp-content\/uploads\/2021\/12\/11_.jpg\" data-lbwps-width=\"1773\" data-lbwps-height=\"1182\" data-lbwps-srcsmall=\"http:\/\/www.hlas-pravoslavi.cz\/wp-content\/uploads\/2021\/12\/11_-300x200.jpg\"><img loading=\"lazy\" decoding=\"async\" width=\"1024\" height=\"683\" src=\"https:\/\/www.hlas-pravoslavi.cz\/wp-content\/uploads\/2021\/12\/11_-1024x683.jpg\" alt=\"\" data-id=\"703\" data-link=\"https:\/\/www.hlas-pravoslavi.cz\/?attachment_id=703#main\" class=\"wp-image-703\" srcset=\"https:\/\/www.hlas-pravoslavi.cz\/wp-content\/uploads\/2021\/12\/11_-1024x683.jpg 1024w, https:\/\/www.hlas-pravoslavi.cz\/wp-content\/uploads\/2021\/12\/11_-300x200.jpg 300w, https:\/\/www.hlas-pravoslavi.cz\/wp-content\/uploads\/2021\/12\/11_-768x512.jpg 768w, https:\/\/www.hlas-pravoslavi.cz\/wp-content\/uploads\/2021\/12\/11_-1536x1024.jpg 1536w, https:\/\/www.hlas-pravoslavi.cz\/wp-content\/uploads\/2021\/12\/11_.jpg 1773w\" sizes=\"auto, (max-width: 1024px) 100vw, 1024px\" \/><\/a><\/figure><\/li><li class=\"blocks-gallery-item\"><figure><a href=\"https:\/\/www.hlas-pravoslavi.cz\/wp-content\/uploads\/2021\/12\/21_.jpg\" data-lbwps-width=\"1773\" data-lbwps-height=\"1182\" data-lbwps-srcsmall=\"http:\/\/www.hlas-pravoslavi.cz\/wp-content\/uploads\/2021\/12\/21_-300x200.jpg\"><img loading=\"lazy\" decoding=\"async\" width=\"1024\" height=\"683\" src=\"https:\/\/www.hlas-pravoslavi.cz\/wp-content\/uploads\/2021\/12\/21_-1024x683.jpg\" alt=\"\" data-id=\"704\" data-full-url=\"https:\/\/www.hlas-pravoslavi.cz\/wp-content\/uploads\/2021\/12\/21_.jpg\" data-link=\"https:\/\/www.hlas-pravoslavi.cz\/?attachment_id=704#main\" class=\"wp-image-704\" srcset=\"https:\/\/www.hlas-pravoslavi.cz\/wp-content\/uploads\/2021\/12\/21_-1024x683.jpg 1024w, https:\/\/www.hlas-pravoslavi.cz\/wp-content\/uploads\/2021\/12\/21_-300x200.jpg 300w, https:\/\/www.hlas-pravoslavi.cz\/wp-content\/uploads\/2021\/12\/21_-768x512.jpg 768w, https:\/\/www.hlas-pravoslavi.cz\/wp-content\/uploads\/2021\/12\/21_-1536x1024.jpg 1536w, https:\/\/www.hlas-pravoslavi.cz\/wp-content\/uploads\/2021\/12\/21_.jpg 1773w\" sizes=\"auto, (max-width: 1024px) 100vw, 1024px\" \/><\/a><\/figure><\/li><\/ul><\/figure>\n","protected":false},"excerpt":{"rendered":"<p>V&nbsp;sobotu 3. \u010dervence se konala tradi\u010dn\u00ed pou\u0165 k&nbsp;svat\u00e9mu Ivanovi \u010cesk\u00e9mu \u2013 prvn\u00edmu k\u0159es\u0165ansk\u00e9mu poustevn\u00edkovi na na\u0161em \u00fazem\u00ed. Pou\u0165 vyvrcholila archijerejskou sv. liturgii, kterou slou\u017eil arcibiskup&hellip;<\/p>\n","protected":false},"author":1,"featured_media":0,"comment_status":"closed","ping_status":"open","sticky":false,"template":"","format":"standard","meta":{"footnotes":""},"categories":[9],"tags":[37],"class_list":["post-699","post","type-post","status-publish","format-standard","hentry","category-zpravy-z-eparchii","tag-2021-07"],"_links":{"self":[{"href":"https:\/\/www.hlas-pravoslavi.cz\/index.php\/wp-json\/wp\/v2\/posts\/699","targetHints":{"allow":["GET"]}}],"collection":[{"href":"https:\/\/www.hlas-pravoslavi.cz\/index.php\/wp-json\/wp\/v2\/posts"}],"about":[{"href":"https:\/\/www.hlas-pravoslavi.cz\/index.php\/wp-json\/wp\/v2\/types\/post"}],"author":[{"embeddable":true,"href":"https:\/\/www.hlas-pravoslavi.cz\/index.php\/wp-json\/wp\/v2\/users\/1"}],"replies":[{"embeddable":true,"href":"https:\/\/www.hlas-pravoslavi.cz\/index.php\/wp-json\/wp\/v2\/comments?post=699"}],"version-history":[{"count":1,"href":"https:\/\/www.hlas-pravoslavi.cz\/index.php\/wp-json\/wp\/v2\/posts\/699\/revisions"}],"predecessor-version":[{"id":705,"href":"https:\/\/www.hlas-pravoslavi.cz\/index.php\/wp-json\/wp\/v2\/posts\/699\/revisions\/705"}],"wp:attachment":[{"href":"https:\/\/www.hlas-pravoslavi.cz\/index.php\/wp-json\/wp\/v2\/media?parent=699"}],"wp:term":[{"taxonomy":"category","embeddable":true,"href":"https:\/\/www.hlas-pravoslavi.cz\/index.php\/wp-json\/wp\/v2\/categories?post=699"},{"taxonomy":"post_tag","embeddable":true,"href":"https:\/\/www.hlas-pravoslavi.cz\/index.php\/wp-json\/wp\/v2\/tags?post=699"}],"curies":[{"name":"wp","href":"https:\/\/api.w.org\/{rel}","templated":true}]}}