{"id":615,"date":"2017-06-10T15:02:11","date_gmt":"2017-06-10T14:02:11","guid":{"rendered":"https:\/\/www.hlas-pravoslavi.cz\/?p=615"},"modified":"2021-12-10T15:02:37","modified_gmt":"2021-12-10T14:02:37","slug":"pokuseni","status":"publish","type":"post","link":"https:\/\/www.hlas-pravoslavi.cz\/index.php\/2017\/06\/10\/pokuseni\/","title":{"rendered":"Poku\u0161en\u00ed"},"content":{"rendered":"\n<p>Poku\u0161en\u00ed je l\u00e1kadlo, podn\u011bt poru\u0161it to \u010di ono Bo\u017e\u00ed p\u0159ik\u00e1z\u00e1n\u00ed. Nap\u0159\u00edklad jsi ud\u011blal n\u011bco \u0161patn\u00e9ho a napadla t\u011b my\u0161lenka sv\u00e9st to na jin\u00e9ho \u010dlov\u011bka. Poku\u0161en\u00ed je v\u017edy volbou. Pokud svedeme svou vinu na jin\u00e9, staneme se lh\u00e1\u0159i a poru\u0161\u00edme Bo\u017e\u00ed p\u0159ik\u00e1z\u00e1n\u00ed. Ale pokud se p\u0159izn\u00e1me, budeme potrest\u00e1ni. Tak vyjde najevo, co je pro n\u00e1s d\u016fle\u017eit\u011bj\u0161\u00ed \u2013 B\u016fh, nebo strach trestu. Anebo n\u00e1s n\u011bkdo p\u0159emlouv\u00e1 pustit se do n\u011bjak\u00e9 \u0161patn\u00e9 \u010dinnosti, a kdy\u017e to odm\u00edtneme, budou se n\u00e1m vysm\u00edvat. Zase jsme p\u0159ed volbou \u2013 B\u016fh, nebo m\u00edn\u011bn\u00ed lid\u00ed.<\/p>\n\n\n\n<p>Nad ka\u017ed\u00fdm poku\u0161en\u00edm lze zv\u00edt\u011bzit \u010di prohr\u00e1t. Pokud ses nepodrobil h\u0159\u00edchu a zachoval v\u011brnost Bohu, zv\u00edt\u011bzil jsi. Ale pokud jsi zh\u0159e\u0161il, prohr\u00e1l jsi. Ale po prvn\u00ed por\u00e1\u017ece se d\u00e1 vyhr\u00e1t zp\u011bt. Pokud si \u010dlov\u011bk uv\u011bdom\u00ed, \u017ee zh\u0159e\u0161il, za\u010dne \u010dinit pok\u00e1n\u00ed a z\u00e1pasit s&nbsp;h\u0159\u00edchem. D\u016fle\u017eit\u00e9 je tak\u00e9 to, \u017ee d\u00edky t\u011bmto uv\u011bdom\u011bn\u00edm sv\u00e9 h\u0159\u00ed\u0161nosti se \u010dlov\u011bk dozv\u00ed, jak\u00e9 m\u00e1 ve sv\u00e9m srdci v\u00e1\u0161n\u011b, za\u010dne proti nim bojovat a uzdravovat svou du\u0161i.&nbsp;&nbsp;&nbsp;<\/p>\n\n\n\n<p>Ale kdy\u017e \u010dlov\u011bk nejenom, \u017ee upadl do h\u0159\u00edchu, ale ani ne\u010din\u00ed pok\u00e1n\u00ed, nebo se dokonce sna\u017e\u00ed ospravedlnit sv\u016fj h\u0159\u00edch, znamen\u00e1 to, \u017ee definitivn\u011b prohr\u00e1l.<\/p>\n\n\n\n<p>Poku\u0161en\u00ed je zkou\u0161kou v\u00edry. Mnoz\u00ed \u0159\u00edkaj\u00ed, \u017ee v\u011b\u0159\u00ed v&nbsp;Boha, ale ve skute\u010dnosti nekonaj\u00ed skutky, kter\u00e9 by sv\u011bd\u010dily o jejich v\u00ed\u0159e. O takov\u00fdch lidech je naps\u00e1no v&nbsp;P\u00edsmu svat\u00e9m: <em>\u201eLid tento ct\u00ed m\u011b rty, ale srdce jejich je daleko ode mne.\u201c<\/em> A pr\u00e1v\u011b poku\u0161en\u00ed odkr\u00fdvaj\u00ed, co \u010dlov\u011bk m\u00e1 ve sv\u00e9m srdci. Kdo skute\u010dn\u011b v\u011b\u0159\u00ed v&nbsp;Boha, pln\u00ed jeho p\u0159ik\u00e1z\u00e1n\u00ed a nepodl\u00e9h\u00e1 poku\u0161en\u00edm. Ale ten, kdo h\u0159e\u0161\u00ed, ukazuje, \u017ee jeho v\u00edra nen\u00ed dokonal\u00e1.<\/p>\n\n\n\n<p>K&nbsp;poku\u0161en\u00edm pat\u0159\u00ed r\u016fzn\u00e1 ne\u0161t\u011bst\u00ed, kter\u00e1 se \u010das od \u010dasu st\u00e1vaj\u00ed v&nbsp;na\u0161em \u017eivot\u011b. \u010casto n\u00e1m za takov\u00fdch neblah\u00fdch okolnost\u00ed \u010f\u00e1bel na\u0161ept\u00e1v\u00e1, \u017ee se mus\u00edme urazit, p\u0159estat d\u016fv\u011b\u0159ovat Bohu a jin\u00fdm lidem a neust\u00e1le si st\u011b\u017eovat. Poku\u0161itel se n\u00e1s sna\u017e\u00ed p\u0159esv\u011bd\u010dit, \u017ee B\u016fh n\u00e1s p\u0159estal milovat a ned\u00e1v\u00e1 n\u00e1m to, co jsme si zaslou\u017eili. Pokud tomu podlehneme, na\u0161e ne\u0161t\u011bst\u00ed n\u00e1s neopust\u00ed, situace se nezlep\u0161\u00ed, ale my sami se staneme zl\u00edmi a prohrajeme tuto bitvu dobra se zlem. P\u0159\u00ed\u010dinou na\u0161ich ne\u0161t\u011bst\u00ed jsme my sami. Kdybychom neh\u0159e\u0161ili, neupadli bychom do tak uboh\u00e9ho stavu.<\/p>\n\n\n\n<p>B\u016fh p\u016fsob\u00ed jako l\u00e9ka\u0159. Ne\u0161t\u011bst\u00ed jsou ho\u0159k\u00fdmi l\u00e9ky proti nemocem na\u0161\u00ed du\u0161e. Pro uzdraven\u00ed od t\u011blesn\u00fdch nemoc\u00ed n\u011bkdy mus\u00edme podstoupit bolestnou operaci. Stejn\u011b tak n\u00e1m B\u016fh pos\u00edl\u00e1 ne\u0161t\u011bst\u00ed, aby t\u00edm vy\u0159\u00edznul z&nbsp;na\u0161eho srdce stopy h\u0159\u00edchu, p\u00fdchu a dal\u0161\u00ed v\u00e1\u0161n\u011b.<\/p>\n\n\n\n<p>Ale pamatuj, \u017ee B\u016fh nikdy nepos\u00edl\u00e1 tak velk\u00e1 poku\u0161en\u00ed, kter\u00e1 \u010dlov\u011bk nedok\u00e1\u017ee p\u0159ekonat. Hospodin p\u0159esn\u011b v\u00ed, co m\u016f\u017ee\u0161 vydr\u017eet. Po p\u0159ekon\u00e1n\u00ed poku\u0161en\u00ed v\u017edy p\u0159ich\u00e1z\u00ed duchovn\u00ed radost.&nbsp;&nbsp;<\/p>\n\n\n\n<p><strong>Jak p\u016fsob\u00ed h\u0159\u00edch?<\/strong><\/p>\n\n\n\n<p>H\u0159\u00edch je poru\u0161en\u00ed Bohem stanoven\u00e9ho duchovn\u00edho z\u00e1kona, poru\u0161en\u00ed jeho v\u016fle. Zh\u0159e\u0161it lze skutkem, slovem, my\u0161lenkou, touhou a \u00famyslem. H\u0159\u00edchy jsou mal\u00e9 a velk\u00e9. N\u011bkte\u0159\u00ed lid\u00e9 si mysl\u00ed, \u017ee sta\u010d\u00ed nep\u00e1chat velk\u00e9 z\u00e1va\u017en\u00e9 h\u0159\u00edchy a \u017ee mal\u00e9 h\u0159\u00edchy se v\u016fbec nepo\u010d\u00edtaj\u00ed. Ale je to obrovsk\u00fd omyl.&nbsp;&nbsp;&nbsp;<\/p>\n\n\n\n<p>Jednou za svat\u00fdm Anton\u00ednem Muromsk\u00fdm p\u0159i\u0161ly dv\u011b \u017eeny. Jedna se tr\u00e1pila t\u00edm, \u017ee sp\u00e1chala velk\u00fd h\u0159\u00edch. Druh\u00e1 se ale chlubila, \u017ee neud\u011blala nic z\u00e1va\u017en\u00e9ho, jenom mal\u00e9 bezv\u00fdznamn\u00e9 h\u0159\u00edchy. Starec na\u0159\u00eddil prvn\u00ed \u017een\u011b, aby mu p\u0159inesla jeden velk\u00fd k\u00e1men, a druh\u00e9, aby p\u0159inesla hodn\u011b mal\u00fdch kam\u00ednk\u016f. Kdy\u017e to \u017eeny splnily, rozk\u00e1zal, aby vr\u00e1tily v\u0161echny kameny na sv\u00e1 m\u00edsta. Prvn\u00ed \u017eena snadno na\u0161la m\u00edsto, kde le\u017eel jej\u00ed k\u00e1men. Ale druh\u00e1 marn\u011b hledala d\u0159\u00edv\u011bj\u0161\u00ed m\u00edsta sv\u00fdch mal\u00fdch kam\u00ednk\u016f a vr\u00e1tila se ke starci s&nbsp;pln\u00fdmi kapsami kamen\u016f. Svat\u00fd Anton\u00edn vysv\u011btlil \u017een\u011b, \u017ee kameny symbolizuj\u00ed jej\u00ed po\u010detn\u00e9 h\u0159\u00edchy, kter\u00e9 ona sama pova\u017eovala za bezv\u00fdznamn\u00e9 a nikdy o nich nemluvila u zpov\u011bdi. Tyto h\u0159\u00edchy zat\u011b\u017eovaly jej\u00ed du\u0161i. Prvn\u00ed \u017eena, kter\u00e1 pamatovala na sv\u016fj velk\u00fd h\u0159\u00edch, se ho snadno zbavila skrze pok\u00e1n\u00ed a zpov\u011b\u010f a o\u010distila svou du\u0161i.&nbsp;<\/p>\n\n\n\n<p>Ka\u017ed\u00fd h\u0159\u00edch zanech\u00e1v\u00e1 tmavou stopu v&nbsp;lidsk\u00e9 du\u0161i. Kdy\u017e \u010dlov\u011bk opakuje h\u0159\u00edch op\u011bt a op\u011bt, h\u0159\u00edch se st\u00e1v\u00e1 zvykem a v&nbsp;du\u0161i se rozv\u00edj\u00ed h\u0159\u00ed\u0161n\u00e1 v\u00e1\u0161e\u0148. Tato v\u00e1\u0161e\u0148 za\u010d\u00edn\u00e1 panovat nad \u010dlov\u011bkem a nut\u00ed ho h\u0159e\u0161it, i kdy\u017e to s\u00e1m \u010dlov\u011bk nechce d\u011blat.<\/p>\n\n\n\n<p>V\u00e1\u0161e\u0148 je ko\u0159enem plevelu. Dokud ho nevytrhneme, bude vyr\u016fstat znovu. Mnoz\u00ed z&nbsp;n\u00e1s se zpov\u00eddaj\u00ed ze sv\u00fdch h\u0159\u00edch\u016f u zpov\u011bdi, ale pak konaj\u00ed tyto zl\u00e9 skutky znovu. St\u00e1v\u00e1 se to tak proto, \u017ee v\u00e1\u0161e\u0148 \u017eije v&nbsp;srdci \u010dlov\u011bka. Vytrh\u00e1vat ko\u0159eny h\u0159\u00edch\u016f n\u00e1s nau\u010dil P\u00e1n Je\u017e\u00ed\u0161 Kristus, jen\u017e n\u00e1m odkryl, \u017ee boj proti h\u0159\u00edchu je t\u0159eba za\u010d\u00ednat o\u010di\u0161t\u011bn\u00edm srdce od v\u00e1\u0161n\u00ed.&nbsp;&nbsp;&nbsp;<\/p>\n\n\n\n<p>T\u011bchto v\u00e1\u0161n\u00ed je sedm: p\u00fdcha, chamtivost, smilstvo, marnivost, po\u017eiva\u010dnost, hn\u011bv a skl\u00ed\u010denost. V\u00e1\u0161n\u011b lze p\u0159emoct ctnostmi: pokorou, milosrdenstv\u00edm, cudnost\u00ed, l\u00e1skou, zdr\u017eenlivost\u00ed, trp\u011blivost\u00ed a vytrvalost\u00ed.<\/p>\n\n\n\n<p>Je t\u0159eba pamatovat, \u017ee dobr\u00e9 skutky kon\u00e1me ne pro pochvalu, ale pro l\u00e1sku k&nbsp;Bohu a k&nbsp;lidem. B\u016fh je na\u0161\u00edm stvo\u0159itelem, proto mu mus\u00edme neust\u00e1le vzd\u00e1vat chv\u00e1lu, d\u011bkovat a plnit jeho p\u0159ik\u00e1zan\u00ed. Lid\u00e9 jsou Bo\u017e\u00edm stvo\u0159en\u00edm. My v\u0161ichni poch\u00e1z\u00edme od jednoho \u010dlov\u011bka \u2013 Adama, tzn. jsme v\u0161ichni brat\u0159i a sestry.<\/p>\n\n\n\n<p>Zpracoval jer. Vasyl \u010cerepko<\/p>\n","protected":false},"excerpt":{"rendered":"<p>Poku\u0161en\u00ed je l\u00e1kadlo, podn\u011bt poru\u0161it to \u010di ono Bo\u017e\u00ed p\u0159ik\u00e1z\u00e1n\u00ed. Nap\u0159\u00edklad jsi ud\u011blal n\u011bco \u0161patn\u00e9ho a napadla t\u011b my\u0161lenka sv\u00e9st to na jin\u00e9ho \u010dlov\u011bka. Poku\u0161en\u00ed&hellip;<\/p>\n","protected":false},"author":1,"featured_media":616,"comment_status":"closed","ping_status":"open","sticky":false,"template":"","format":"standard","meta":{"footnotes":""},"categories":[12],"tags":[34],"class_list":["post-615","post","type-post","status-publish","format-standard","has-post-thumbnail","hentry","category-pro-deti","tag-2017-06","has-post-thumbnail-archive"],"_links":{"self":[{"href":"https:\/\/www.hlas-pravoslavi.cz\/index.php\/wp-json\/wp\/v2\/posts\/615","targetHints":{"allow":["GET"]}}],"collection":[{"href":"https:\/\/www.hlas-pravoslavi.cz\/index.php\/wp-json\/wp\/v2\/posts"}],"about":[{"href":"https:\/\/www.hlas-pravoslavi.cz\/index.php\/wp-json\/wp\/v2\/types\/post"}],"author":[{"embeddable":true,"href":"https:\/\/www.hlas-pravoslavi.cz\/index.php\/wp-json\/wp\/v2\/users\/1"}],"replies":[{"embeddable":true,"href":"https:\/\/www.hlas-pravoslavi.cz\/index.php\/wp-json\/wp\/v2\/comments?post=615"}],"version-history":[{"count":1,"href":"https:\/\/www.hlas-pravoslavi.cz\/index.php\/wp-json\/wp\/v2\/posts\/615\/revisions"}],"predecessor-version":[{"id":617,"href":"https:\/\/www.hlas-pravoslavi.cz\/index.php\/wp-json\/wp\/v2\/posts\/615\/revisions\/617"}],"wp:featuredmedia":[{"embeddable":true,"href":"https:\/\/www.hlas-pravoslavi.cz\/index.php\/wp-json\/wp\/v2\/media\/616"}],"wp:attachment":[{"href":"https:\/\/www.hlas-pravoslavi.cz\/index.php\/wp-json\/wp\/v2\/media?parent=615"}],"wp:term":[{"taxonomy":"category","embeddable":true,"href":"https:\/\/www.hlas-pravoslavi.cz\/index.php\/wp-json\/wp\/v2\/categories?post=615"},{"taxonomy":"post_tag","embeddable":true,"href":"https:\/\/www.hlas-pravoslavi.cz\/index.php\/wp-json\/wp\/v2\/tags?post=615"}],"curies":[{"name":"wp","href":"https:\/\/api.w.org\/{rel}","templated":true}]}}