{"id":596,"date":"2017-06-10T14:51:06","date_gmt":"2017-06-10T13:51:06","guid":{"rendered":"https:\/\/www.hlas-pravoslavi.cz\/?p=596"},"modified":"2021-12-10T14:51:21","modified_gmt":"2021-12-10T13:51:21","slug":"pout-do-svate-zeme","status":"publish","type":"post","link":"https:\/\/www.hlas-pravoslavi.cz\/index.php\/2017\/06\/10\/pout-do-svate-zeme\/","title":{"rendered":"Pou\u0165 do Svat\u00e9 zem\u011b"},"content":{"rendered":"\n<p>Dne 17. 5. se s po\u017eehn\u00e1n\u00edm Jeho Vysokop\u0159eosv\u00edcenosti Michala, arcibiskupa pra\u017esk\u00e9ho a \u010desk\u00fdch zem\u00ed, \u017e\u00e1ci na\u0161\u00ed ned\u011bln\u00ed \u0161koly a jejich rodi\u010de vydali na pou\u0165 do Svat\u00e9 zem\u011b.<\/p>\n\n\n\n<p>Kdy\u017e jsme dorazili, hned jsme poc\u00edtili, \u017ee se nach\u00e1z\u00edme v tepl\u00fdch kraj\u00edch. Rozd\u00edl byl kolem 20 stup\u0148\u016f. Na leti\u0161ti v Tel-Avivu jsme za\u017eili obrovsk\u00e9 fronty a p\u0159\u00edsnou kontrolu od izraelsk\u00e9 policie. Setkali jsme se z na\u0161imi hostiteli a vyjeli jsme k m\u00edstu na\u0161eho pobytu do monast\u00fdru sv. Gerasima Jord\u00e1nsk\u00e9ho. Po cest\u011b jsme zajeli do Jeruzal\u00e9ma a z\u00edskali jsme prvn\u00ed duchovn\u00ed z\u00e1\u017eitky z kr\u00e1sy no\u010dn\u00edho Svat\u00e9ho m\u011bsta. Za p\u016fl hodiny jsme p\u0159ijeli do monast\u00fdru, kde na n\u00e1s \u010dekal &#8222;abuna&#8220; (arabsky starec monast\u00fdru) a dobr\u00e1 ve\u010de\u0159e. \u0160li jsme hned sp\u00e1t, proto\u017ee jsme cestovali cel\u00fd den a byli jsme hodn\u011b unaven\u00ed. V\u011bd\u011bli jsme, \u017ee jsme p\u0159ijeli do pou\u0161t\u011b, ale zat\u00edm jsme kv\u016fli noci nic kolem sebe nevid\u011bli. R\u00e1no jsme byli dojat\u00ed. Mnoz\u00ed z n\u00e1s poprv\u00e9 vid\u011bli pou\u0161\u0165 a o\u00e1zu, kter\u00e1 se vytvo\u0159ila v monast\u00fdru. Obrovsk\u00e9 kvetouc\u00ed stromy, palmy, olivy, gran\u00e1tov\u00e9 jablon\u011b a spousta r\u016fzn\u00fdch men\u0161\u00edch stromk\u016f a ke\u0159\u016f, zp\u011bv r\u016fzn\u00fdch pt\u00e1k\u016f, k\u0159ik p\u00e1v\u016f \u2013 to v\u0161e n\u00e1m p\u0159ipom\u00ednalo r\u00e1j. Tento monast\u00fdr je zn\u00e1m\u00fd v historii mni\u0161stv\u00ed. V jeho okol\u00ed p\u016fsobili jedni z prvn\u00edch mnich\u016f k\u0159es\u0165anstv\u00ed. Je zasv\u011bcen svat\u00e9mu Gerasimu Jord\u00e1nsk\u00e9mu, kter\u00fd tak\u00e9 p\u016fsobil v t\u011bchto m\u00edstech. V monast\u00fdru je m\u00edsto, kter\u00e9 je spojen\u00e9 s jeskyn\u00ed, ve kter\u00e9 p\u0159enocovala svat\u00e1 Rodina, kdy\u017e ut\u00edkala do Egypta. Po rann\u00edch modlitb\u00e1ch a sn\u00eddani jsme vyjeli do Jeruzal\u00e9ma. V\u011bt\u0161ina z n\u00e1s byla ve Svat\u00e9 zemi poprv\u00e9. S b\u00e1zn\u00ed a t\u0159esen\u00edm jsme vstupovali do Svat\u00e9ho m\u011bsta. Za\u010dali jsme v Getsemanii, pro\u0161li jsme K\u0159\u00ed\u017eovou cestu a v\u011bt\u0161inu posv\u00e1tn\u00fdch m\u00edst spojen\u00fdch s Kristem a jeho p\u016fsoben\u00edm v Jeruzal\u00e9m\u011b. Na\u0161i cestu jsme zakon\u010dili v chr\u00e1m\u011b Bo\u017e\u00edho hrobu. Je to srdce k\u0159es\u0165anstv\u00ed. Na v\u011bt\u0161in\u011b m\u00edst jsme \u010detli evangelium spojen\u00e9 s t\u011bmito m\u00edsty. Byli jsme velice dojat\u00ed.<\/p>\n\n\n\n<p>Dal\u0161\u00ed den jsme nav\u0161t\u00edvili pou\u0161\u0165, ve kter\u00e9 se zachovaly poz\u016fstatky b\u00fdval\u00fdch mni\u0161sk\u00fdch budov a jeskyn\u011b ctihodn\u00e9 matky Marie, kter\u00e1 tak\u00e9 p\u016fsobila v t\u011bchto m\u00edstech.&nbsp;<\/p>\n\n\n\n<p>V sobotu jsme slou\u017eili svatou liturgii a m\u011bli jsme prohl\u00eddku na\u0161eho monast\u00fdru. V noci na ned\u011bli n\u011bkte\u0159\u00ed z n\u00e1s jeli do Jeruzal\u00e9ma na no\u010dn\u00ed sv. liturgii.<\/p>\n\n\n\n<p>V ned\u011bli r\u00e1no byla op\u011bt sv. liturgie a po sn\u00eddani jsme vyjeli nav\u0161t\u00edvit dal\u0161\u00ed posv\u00e1tn\u00e1 m\u00edsta. Nav\u0161t\u00edvili jsme monast\u00fdry svat\u00fdch Feodosije, S\u00e1vy, Marie a Marty (sestry Lazarovy). Dva z n\u00e1s z\u016fstali na no\u010dn\u00ed bohoslu\u017ebu v monast\u00fdru sv. S\u00e1vy.<\/p>\n\n\n\n<p>V pond\u011bl\u00ed jsme nav\u0161t\u00edvili Jord\u00e1n, m\u00edsto, kde byl pok\u0159t\u011bn n\u00e1\u0161 P\u00e1n, a tak\u00e9 jsme se pono\u0159ili do vody.<\/p>\n\n\n\n<p>V \u00fater\u00fd jsme jeli do Jericha. Nav\u0161t\u00edvili jsme m\u00edsto setk\u00e1n\u00ed Krista se Zacheem a horu Poku\u0161en\u00ed.<\/p>\n\n\n\n<p>Ve st\u0159edu jsme vyjeli do Jaffy \u2212 Tel-Aviv a nav\u0161t\u00edvili jsme \u0159eckou metropolii, ve kter\u00e9 se nach\u00e1z\u00ed t\u0159i chr\u00e1my a 4 komunity: \u0159eck\u00e1, rumunsk\u00e1, rusk\u00e1 a arabsk\u00e1. Potom jsme jeli na pl\u00e1\u017e a p\u0159ed odletem jsme se kr\u00e1sn\u011b vykoupali a odpo\u010dinuli si. Ve\u010der jsme u\u017e byli doma.<\/p>\n\n\n\n<p>Ten t\u00fdden utekl velmi rychle. Ve Svat\u00e9 zemi jsme nepo\u010d\u00edtali dny. Tam jako by se \u010das zastavil. V\u017edy byl sv\u00e1tek. V\u0161ude byla c\u00edtit Bo\u017e\u00ed p\u0159\u00edtomnost. Byli jsme v ,,r\u00e1ji\u201c a douf\u00e1m, \u017ee jednou se tam je\u0161t\u011b vr\u00e1t\u00edme.<\/p>\n\n\n\n<p>Jer. Vasyl \u010cerepko<\/p>\n\n\n\n<figure class=\"wp-block-gallery columns-3 is-cropped wp-block-gallery-1 is-layout-flex wp-block-gallery-is-layout-flex\"><ul class=\"blocks-gallery-grid\"><li class=\"blocks-gallery-item\"><figure><a href=\"https:\/\/www.hlas-pravoslavi.cz\/wp-content\/uploads\/2021\/12\/IMG_4603_.jpg\" data-lbwps-width=\"1773\" data-lbwps-height=\"2364\" data-lbwps-srcsmall=\"http:\/\/www.hlas-pravoslavi.cz\/wp-content\/uploads\/2021\/12\/IMG_4603_.jpg\"><img loading=\"lazy\" decoding=\"async\" width=\"768\" height=\"1024\" src=\"https:\/\/www.hlas-pravoslavi.cz\/wp-content\/uploads\/2021\/12\/IMG_4603_-768x1024.jpg\" alt=\"\" data-id=\"597\" data-link=\"https:\/\/www.hlas-pravoslavi.cz\/?attachment_id=597#main\" class=\"wp-image-597\" srcset=\"https:\/\/www.hlas-pravoslavi.cz\/wp-content\/uploads\/2021\/12\/IMG_4603_-768x1024.jpg 768w, https:\/\/www.hlas-pravoslavi.cz\/wp-content\/uploads\/2021\/12\/IMG_4603_-225x300.jpg 225w, https:\/\/www.hlas-pravoslavi.cz\/wp-content\/uploads\/2021\/12\/IMG_4603_-1152x1536.jpg 1152w, https:\/\/www.hlas-pravoslavi.cz\/wp-content\/uploads\/2021\/12\/IMG_4603_-1536x2048.jpg 1536w, https:\/\/www.hlas-pravoslavi.cz\/wp-content\/uploads\/2021\/12\/IMG_4603_-rotated.jpg 1773w\" sizes=\"auto, (max-width: 768px) 100vw, 768px\" \/><\/a><\/figure><\/li><li class=\"blocks-gallery-item\"><figure><a href=\"https:\/\/www.hlas-pravoslavi.cz\/wp-content\/uploads\/2021\/12\/IMG_4604_.jpg\" data-lbwps-width=\"2364\" data-lbwps-height=\"1773\" data-lbwps-srcsmall=\"http:\/\/www.hlas-pravoslavi.cz\/wp-content\/uploads\/2021\/12\/IMG_4604_-300x225.jpg\"><img loading=\"lazy\" decoding=\"async\" width=\"1024\" height=\"768\" src=\"https:\/\/www.hlas-pravoslavi.cz\/wp-content\/uploads\/2021\/12\/IMG_4604_-1024x768.jpg\" alt=\"\" data-id=\"598\" data-link=\"https:\/\/www.hlas-pravoslavi.cz\/?attachment_id=598#main\" class=\"wp-image-598\" srcset=\"https:\/\/www.hlas-pravoslavi.cz\/wp-content\/uploads\/2021\/12\/IMG_4604_-1024x768.jpg 1024w, https:\/\/www.hlas-pravoslavi.cz\/wp-content\/uploads\/2021\/12\/IMG_4604_-300x225.jpg 300w, https:\/\/www.hlas-pravoslavi.cz\/wp-content\/uploads\/2021\/12\/IMG_4604_-768x576.jpg 768w, https:\/\/www.hlas-pravoslavi.cz\/wp-content\/uploads\/2021\/12\/IMG_4604_-1536x1152.jpg 1536w, https:\/\/www.hlas-pravoslavi.cz\/wp-content\/uploads\/2021\/12\/IMG_4604_-2048x1536.jpg 2048w, https:\/\/www.hlas-pravoslavi.cz\/wp-content\/uploads\/2021\/12\/IMG_4604_-1920x1440.jpg 1920w\" sizes=\"auto, (max-width: 1024px) 100vw, 1024px\" \/><\/a><\/figure><\/li><li class=\"blocks-gallery-item\"><figure><a href=\"https:\/\/www.hlas-pravoslavi.cz\/wp-content\/uploads\/2021\/12\/IMG_4626_.jpg\" data-lbwps-width=\"1773\" data-lbwps-height=\"2364\" data-lbwps-srcsmall=\"http:\/\/www.hlas-pravoslavi.cz\/wp-content\/uploads\/2021\/12\/IMG_4626_.jpg\"><img loading=\"lazy\" decoding=\"async\" width=\"768\" height=\"1024\" src=\"https:\/\/www.hlas-pravoslavi.cz\/wp-content\/uploads\/2021\/12\/IMG_4626_-768x1024.jpg\" alt=\"\" data-id=\"599\" data-link=\"https:\/\/www.hlas-pravoslavi.cz\/?attachment_id=599#main\" class=\"wp-image-599\" srcset=\"https:\/\/www.hlas-pravoslavi.cz\/wp-content\/uploads\/2021\/12\/IMG_4626_-768x1024.jpg 768w, https:\/\/www.hlas-pravoslavi.cz\/wp-content\/uploads\/2021\/12\/IMG_4626_-225x300.jpg 225w, https:\/\/www.hlas-pravoslavi.cz\/wp-content\/uploads\/2021\/12\/IMG_4626_-1152x1536.jpg 1152w, https:\/\/www.hlas-pravoslavi.cz\/wp-content\/uploads\/2021\/12\/IMG_4626_-1536x2048.jpg 1536w, https:\/\/www.hlas-pravoslavi.cz\/wp-content\/uploads\/2021\/12\/IMG_4626_-rotated.jpg 1773w\" sizes=\"auto, (max-width: 768px) 100vw, 768px\" \/><\/a><\/figure><\/li><li class=\"blocks-gallery-item\"><figure><a href=\"https:\/\/www.hlas-pravoslavi.cz\/wp-content\/uploads\/2021\/12\/IMG_4653_.jpg\" data-lbwps-width=\"1773\" data-lbwps-height=\"2364\" data-lbwps-srcsmall=\"http:\/\/www.hlas-pravoslavi.cz\/wp-content\/uploads\/2021\/12\/IMG_4653_.jpg\"><img loading=\"lazy\" decoding=\"async\" width=\"768\" height=\"1024\" src=\"https:\/\/www.hlas-pravoslavi.cz\/wp-content\/uploads\/2021\/12\/IMG_4653_-768x1024.jpg\" alt=\"\" data-id=\"600\" data-link=\"https:\/\/www.hlas-pravoslavi.cz\/?attachment_id=600#main\" class=\"wp-image-600\" srcset=\"https:\/\/www.hlas-pravoslavi.cz\/wp-content\/uploads\/2021\/12\/IMG_4653_-768x1024.jpg 768w, https:\/\/www.hlas-pravoslavi.cz\/wp-content\/uploads\/2021\/12\/IMG_4653_-225x300.jpg 225w, https:\/\/www.hlas-pravoslavi.cz\/wp-content\/uploads\/2021\/12\/IMG_4653_-1152x1536.jpg 1152w, https:\/\/www.hlas-pravoslavi.cz\/wp-content\/uploads\/2021\/12\/IMG_4653_-1536x2048.jpg 1536w, https:\/\/www.hlas-pravoslavi.cz\/wp-content\/uploads\/2021\/12\/IMG_4653_-rotated.jpg 1773w\" sizes=\"auto, (max-width: 768px) 100vw, 768px\" \/><\/a><\/figure><\/li><li class=\"blocks-gallery-item\"><figure><a href=\"https:\/\/www.hlas-pravoslavi.cz\/wp-content\/uploads\/2021\/12\/IMG_4829_.jpg\" data-lbwps-width=\"1773\" data-lbwps-height=\"2364\" data-lbwps-srcsmall=\"http:\/\/www.hlas-pravoslavi.cz\/wp-content\/uploads\/2021\/12\/IMG_4829_.jpg\"><img loading=\"lazy\" decoding=\"async\" width=\"768\" height=\"1024\" src=\"https:\/\/www.hlas-pravoslavi.cz\/wp-content\/uploads\/2021\/12\/IMG_4829_-768x1024.jpg\" alt=\"\" data-id=\"601\" data-link=\"https:\/\/www.hlas-pravoslavi.cz\/?attachment_id=601#main\" class=\"wp-image-601\" srcset=\"https:\/\/www.hlas-pravoslavi.cz\/wp-content\/uploads\/2021\/12\/IMG_4829_-768x1024.jpg 768w, https:\/\/www.hlas-pravoslavi.cz\/wp-content\/uploads\/2021\/12\/IMG_4829_-225x300.jpg 225w, https:\/\/www.hlas-pravoslavi.cz\/wp-content\/uploads\/2021\/12\/IMG_4829_-1152x1536.jpg 1152w, https:\/\/www.hlas-pravoslavi.cz\/wp-content\/uploads\/2021\/12\/IMG_4829_-1536x2048.jpg 1536w, https:\/\/www.hlas-pravoslavi.cz\/wp-content\/uploads\/2021\/12\/IMG_4829_-rotated.jpg 1773w\" sizes=\"auto, (max-width: 768px) 100vw, 768px\" \/><\/a><\/figure><\/li><li class=\"blocks-gallery-item\"><figure><a href=\"https:\/\/www.hlas-pravoslavi.cz\/wp-content\/uploads\/2021\/12\/IMG_4870_.jpg\" data-lbwps-width=\"1773\" data-lbwps-height=\"2364\" data-lbwps-srcsmall=\"http:\/\/www.hlas-pravoslavi.cz\/wp-content\/uploads\/2021\/12\/IMG_4870_.jpg\"><img loading=\"lazy\" decoding=\"async\" width=\"768\" height=\"1024\" src=\"https:\/\/www.hlas-pravoslavi.cz\/wp-content\/uploads\/2021\/12\/IMG_4870_-768x1024.jpg\" alt=\"\" data-id=\"602\" data-full-url=\"https:\/\/www.hlas-pravoslavi.cz\/wp-content\/uploads\/2021\/12\/IMG_4870_-rotated.jpg\" data-link=\"https:\/\/www.hlas-pravoslavi.cz\/?attachment_id=602#main\" class=\"wp-image-602\" srcset=\"https:\/\/www.hlas-pravoslavi.cz\/wp-content\/uploads\/2021\/12\/IMG_4870_-768x1024.jpg 768w, https:\/\/www.hlas-pravoslavi.cz\/wp-content\/uploads\/2021\/12\/IMG_4870_-225x300.jpg 225w, https:\/\/www.hlas-pravoslavi.cz\/wp-content\/uploads\/2021\/12\/IMG_4870_-1152x1536.jpg 1152w, https:\/\/www.hlas-pravoslavi.cz\/wp-content\/uploads\/2021\/12\/IMG_4870_-1536x2048.jpg 1536w, https:\/\/www.hlas-pravoslavi.cz\/wp-content\/uploads\/2021\/12\/IMG_4870_-rotated.jpg 1773w\" sizes=\"auto, (max-width: 768px) 100vw, 768px\" \/><\/a><\/figure><\/li><\/ul><\/figure>\n","protected":false},"excerpt":{"rendered":"<p>Dne 17. 5. se s po\u017eehn\u00e1n\u00edm Jeho Vysokop\u0159eosv\u00edcenosti Michala, arcibiskupa pra\u017esk\u00e9ho a \u010desk\u00fdch zem\u00ed, \u017e\u00e1ci na\u0161\u00ed ned\u011bln\u00ed \u0161koly a jejich rodi\u010de vydali na pou\u0165 do&hellip;<\/p>\n","protected":false},"author":1,"featured_media":0,"comment_status":"closed","ping_status":"open","sticky":false,"template":"","format":"standard","meta":{"footnotes":""},"categories":[22,12],"tags":[34],"class_list":["post-596","post","type-post","status-publish","format-standard","hentry","category-nedelni-skola","category-pro-deti","tag-2017-06"],"_links":{"self":[{"href":"https:\/\/www.hlas-pravoslavi.cz\/index.php\/wp-json\/wp\/v2\/posts\/596","targetHints":{"allow":["GET"]}}],"collection":[{"href":"https:\/\/www.hlas-pravoslavi.cz\/index.php\/wp-json\/wp\/v2\/posts"}],"about":[{"href":"https:\/\/www.hlas-pravoslavi.cz\/index.php\/wp-json\/wp\/v2\/types\/post"}],"author":[{"embeddable":true,"href":"https:\/\/www.hlas-pravoslavi.cz\/index.php\/wp-json\/wp\/v2\/users\/1"}],"replies":[{"embeddable":true,"href":"https:\/\/www.hlas-pravoslavi.cz\/index.php\/wp-json\/wp\/v2\/comments?post=596"}],"version-history":[{"count":1,"href":"https:\/\/www.hlas-pravoslavi.cz\/index.php\/wp-json\/wp\/v2\/posts\/596\/revisions"}],"predecessor-version":[{"id":603,"href":"https:\/\/www.hlas-pravoslavi.cz\/index.php\/wp-json\/wp\/v2\/posts\/596\/revisions\/603"}],"wp:attachment":[{"href":"https:\/\/www.hlas-pravoslavi.cz\/index.php\/wp-json\/wp\/v2\/media?parent=596"}],"wp:term":[{"taxonomy":"category","embeddable":true,"href":"https:\/\/www.hlas-pravoslavi.cz\/index.php\/wp-json\/wp\/v2\/categories?post=596"},{"taxonomy":"post_tag","embeddable":true,"href":"https:\/\/www.hlas-pravoslavi.cz\/index.php\/wp-json\/wp\/v2\/tags?post=596"}],"curies":[{"name":"wp","href":"https:\/\/api.w.org\/{rel}","templated":true}]}}