{"id":593,"date":"2017-06-10T14:45:05","date_gmt":"2017-06-10T13:45:05","guid":{"rendered":"https:\/\/www.hlas-pravoslavi.cz\/?p=593"},"modified":"2021-12-10T14:45:19","modified_gmt":"2021-12-10T13:45:19","slug":"cyrilometodejska-poutni-bohosluzba-v-mikulcicich","status":"publish","type":"post","link":"https:\/\/www.hlas-pravoslavi.cz\/index.php\/2017\/06\/10\/cyrilometodejska-poutni-bohosluzba-v-mikulcicich\/","title":{"rendered":"Cyrilometod\u011bjsk\u00e1 poutn\u00ed bohoslu\u017eba v Mikul\u010dic\u00edch"},"content":{"rendered":"\n<p>V sobotu p\u0159ed leto\u0161n\u00edm sv\u00e1tkem svat\u00fdch v\u011brozv\u011bst\u016f jsme se sjeli do Mikul\u010dic, abychom vz\u00fdvali pomoc svat\u00fdch solu\u0148sk\u00fdch brat\u0159\u00ed. V\u00fdznam jejich d\u00edla si jist\u011b nemus\u00edme p\u0159ipom\u00ednat, ale p\u0159esto s radost\u00ed a vd\u011b\u010dnost\u00ed ka\u017ed\u00fd rok vzpomeneme na z\u00e1kladn\u00ed rysy jejich misie, jej\u00ed\u017e duch pracuje dodnes a co zde tenkr\u00e1t bylo zaseto, st\u00e1le \u017eije a roste.<\/p>\n\n\n\n<p>C\u00edlem misie sv. Cyrila a Metod\u011bje bylo uv\u00e9st sv\u011btlo Kristova evangelia ke Slovan\u016fm. Svat\u00ed brat\u0159i si p\u0159\u00e1li, aby se v\u0161ichni Slovan\u00e9 stali pravoslavn\u00fdmi, a t\u00edm p\u0159eb\u00fdvali v l\u00e1sce a jednot\u011b v\u0161echny slovansk\u00e9 n\u00e1rody spolu s \u0158eky, resp. Byzantinci. Pravoslavn\u00e1 k\u0159es\u0165ansk\u00e1 v\u00edra sjednocuje v\u0161echny v pravd\u011b a jednomyslnost ve v\u00ed\u0159e n\u00e1sledn\u011b p\u0159in\u00e1\u0161\u00ed sjednocen\u00ed ve svat\u00fdch tajin\u00e1ch.<\/p>\n\n\n\n<p>K\u00e1z\u00e1n\u00ed p\u0159i liturgii bylo sv\u011b\u0159eno otci Jakubovi Jace\u010dkovi ze Slovenska. Za\u010dal svou promluvu p\u0159ipom\u00ednkou, \u017ee v osob\u00e1ch sv. Cyrila a Metod\u011bje n\u00e1m staroslavn\u00e1 Byzanc poslala to nejlep\u0161\u00ed, co m\u011bla. Zku\u0161en\u00e9 mision\u00e1\u0159e, \u0161pi\u010dkov\u00e9 u\u010dence a duchovn\u00ed osobnosti. Sv. Cyril byl \u017e\u00e1kem vysoce vzd\u011blan\u00e9ho patriarchy konstantinopolsk\u00e9ho sv. F\u00f3tia. Je zn\u00e1m nap\u0159. svou apologi\u00ed k\u0159es\u0165anstv\u00ed proti judaismu i mohamed\u00e1nstv\u00ed. Jeho argumenty jsou platn\u00e9 a\u017e po dne\u0161n\u00ed dobu.<\/p>\n\n\n\n<p>Krom\u011b jin\u00e9ho uvedl, \u017ee v\u00edce ne\u017e 15 let se konaj\u00ed celoc\u00edrkevn\u00ed pout\u011b s liturgi\u00ed slou\u017eenou p\u0159\u00edmo na vykop\u00e1vk\u00e1ch baziliky, kde slou\u017eil sv. Metod\u011bj. Ka\u017ed\u00fd, komu to dovolilo zdrav\u00ed a okolnosti a kdo miluje Pravoslav\u00ed, p\u0159ijel jako ctitel na\u0161ich otc\u016f, sv. Cyrila a Metod\u011bje, aby se v tento sv\u00e1te\u010dn\u00ed den pomodlil na t\u011bchto po\u017eehnan\u00fdch m\u00edstech.<\/p>\n\n\n\n<p>Ducha d\u011bdictv\u00ed cyrilometod\u011bjsk\u00e9ho nesli i mu\u010dedn\u00edci Jan Hus a Jeron\u00fdm Pra\u017esk\u00fd. Citac\u00ed slov Jana Husa o zachov\u00e1n\u00ed jednoty v\u00edry a l\u00e1sky uzav\u0159el otec Jakub sv\u00e9 k\u00e1z\u00e1n\u00ed.<\/p>\n\n\n\n<p>Na konci svat\u00e9 liturgie se ujal slova vz\u00e1cn\u00fd host, Jeho Vysokop\u0159eosv\u00edcenost vladyka Michal, arcibiskup pra\u017esk\u00fd a \u010desk\u00fdch zem\u00edch. P\u0159ipomenul u\u010denost svat\u00fdch brat\u0159\u00ed, d\u00edky nim\u017e bylo p\u0159elo\u017eeno P\u00edsmo svat\u00e9 do jazyka na\u0161ich slovansk\u00fdch p\u0159edk\u016f. Sv. Metod\u011bj p\u0159ipravil i z\u00e1kon\u00edk, \u010dili legislativu pro \u0159\u00e1dnou spr\u00e1vu moravsk\u00e9ho st\u00e1tu. P\u0159eklad do staroslov\u011bn\u0161tiny se pozd\u011bji stal z\u00e1kladem pro staro\u010desk\u00e9 zn\u011bn\u00ed Bible. Vladyka Michal vzpomenul celou \u0159adu jednotliv\u00fdch staro\u010desk\u00fdch p\u0159eklad\u016f a\u017e k Bibli kralick\u00e9, kterou u\u017e\u00edv\u00e1me m\u00edsty dodnes.<\/p>\n\n\n\n<p>Nakonec promluvil Jeho P\u0159eosv\u00edcenost vladyka Izai\u00e1\u0161, vik\u00e1rn\u00ed biskup \u0161umpersk\u00fd, a tlumo\u010dil zdravici eparchi\u00e1ln\u00edho archijereje, Jeho Vysokop\u0159eosv\u00edcenosti vladyky Simeona, arcibiskupa olomoucko-brn\u011bnsk\u00e9ho. Zamyslel se nad odkazem sv. Cyrila a Metod\u011bje, jejich\u017e \u017eivouc\u00edm d\u011bdictv\u00edm zde jsme. Na z\u00e1v\u011br vroucn\u011b pod\u011bkoval vladykovi Michalovi a v\u0161em p\u0159\u00edtomn\u00fdm poutn\u00edk\u016fm za jejich \u00fa\u010dast. Vyzdvihl, \u017ee i p\u0159es hroz\u00edc\u00ed d\u00e9\u0161\u0165 se tolik lid\u00ed vypravilo na cestu do Mikul\u010dic, aby uctili pam\u00e1tku na\u0161ich v\u011brozv\u011bst\u016f.<\/p>\n\n\n\n<p>P\u0159i ud\u00edlen\u00ed z\u00e1v\u011bre\u010dn\u00e9ho po\u017eehn\u00e1n\u00ed byly rozd\u00e1v\u00e1ny nov\u00e9 ikonky sv. Cyrila a Metod\u011bje. Pouti se celkem z\u00fa\u010dastnilo p\u0159ibli\u017en\u011b 150 v\u011b\u0159\u00edc\u00edch. P\u0159\u00edtomno bylo p\u0159es t\u0159icet duchovn\u00edch. Zp\u00edval brn\u011bnsk\u00fd sbor. Brn\u011bnsk\u00e1 obec a jej\u00ed duchovn\u00ed zajistili v\u0161e pot\u0159ebn\u00e9 pro vykon\u00e1n\u00ed bo\u017esk\u00e9 liturgie. P\u0159iputovali lid\u00e9 z Moravy, \u010cech i ze Slovenska. Ti, co p\u0159icestovali, se t\u00edm projevili jako nad\u0161en\u00ed nositel\u00e9 d\u011bdictv\u00ed sv. Cyrila a Metod\u011bje, jejich\u017e l\u00e1sku nos\u00ed ve sv\u00fdch srdc\u00edch. Z\u00e1ruku budoucnosti Pravoslav\u00ed u n\u00e1s vid\u00edm pr\u00e1v\u011b v tom, \u017ee m\u00e1me v\u011b\u0159\u00edc\u00ed, kte\u0159\u00ed jsou s na\u0161imi slovansk\u00fdmi apo\u0161toly stejn\u00e9ho pravoslavn\u00e9ho ducha, a od putov\u00e1n\u00ed za nimi je neodradila nep\u0159\u00edzniv\u00e1 p\u0159edpov\u011b\u010f po\u010das\u00ed (nakonec na n\u00e1s nespadla ani kapka). V\u0161em pat\u0159\u00ed d\u00edky za to, \u017ee jsme se mohli spole\u010dn\u011b a v jednomyslnosti pomodlit na t\u011bchto posv\u00e1tn\u00fdch a n\u00e1m tak drah\u00fdch m\u00edstech.<\/p>\n","protected":false},"excerpt":{"rendered":"<p>V sobotu p\u0159ed leto\u0161n\u00edm sv\u00e1tkem svat\u00fdch v\u011brozv\u011bst\u016f jsme se sjeli do Mikul\u010dic, abychom vz\u00fdvali pomoc svat\u00fdch solu\u0148sk\u00fdch brat\u0159\u00ed. V\u00fdznam jejich d\u00edla si jist\u011b nemus\u00edme p\u0159ipom\u00ednat,&hellip;<\/p>\n","protected":false},"author":1,"featured_media":594,"comment_status":"closed","ping_status":"open","sticky":false,"template":"","format":"standard","meta":{"footnotes":""},"categories":[9],"tags":[34],"class_list":["post-593","post","type-post","status-publish","format-standard","has-post-thumbnail","hentry","category-zpravy-z-eparchii","tag-2017-06","has-post-thumbnail-archive"],"_links":{"self":[{"href":"https:\/\/www.hlas-pravoslavi.cz\/index.php\/wp-json\/wp\/v2\/posts\/593","targetHints":{"allow":["GET"]}}],"collection":[{"href":"https:\/\/www.hlas-pravoslavi.cz\/index.php\/wp-json\/wp\/v2\/posts"}],"about":[{"href":"https:\/\/www.hlas-pravoslavi.cz\/index.php\/wp-json\/wp\/v2\/types\/post"}],"author":[{"embeddable":true,"href":"https:\/\/www.hlas-pravoslavi.cz\/index.php\/wp-json\/wp\/v2\/users\/1"}],"replies":[{"embeddable":true,"href":"https:\/\/www.hlas-pravoslavi.cz\/index.php\/wp-json\/wp\/v2\/comments?post=593"}],"version-history":[{"count":1,"href":"https:\/\/www.hlas-pravoslavi.cz\/index.php\/wp-json\/wp\/v2\/posts\/593\/revisions"}],"predecessor-version":[{"id":595,"href":"https:\/\/www.hlas-pravoslavi.cz\/index.php\/wp-json\/wp\/v2\/posts\/593\/revisions\/595"}],"wp:featuredmedia":[{"embeddable":true,"href":"https:\/\/www.hlas-pravoslavi.cz\/index.php\/wp-json\/wp\/v2\/media\/594"}],"wp:attachment":[{"href":"https:\/\/www.hlas-pravoslavi.cz\/index.php\/wp-json\/wp\/v2\/media?parent=593"}],"wp:term":[{"taxonomy":"category","embeddable":true,"href":"https:\/\/www.hlas-pravoslavi.cz\/index.php\/wp-json\/wp\/v2\/categories?post=593"},{"taxonomy":"post_tag","embeddable":true,"href":"https:\/\/www.hlas-pravoslavi.cz\/index.php\/wp-json\/wp\/v2\/tags?post=593"}],"curies":[{"name":"wp","href":"https:\/\/api.w.org\/{rel}","templated":true}]}}