{"id":560,"date":"2021-06-03T15:03:54","date_gmt":"2021-06-03T14:03:54","guid":{"rendered":"https:\/\/www.hlas-pravoslavi.cz\/?p=560"},"modified":"2021-12-03T15:04:06","modified_gmt":"2021-12-03T14:04:06","slug":"arcibiskup-michal-oslavil-50-vyroci-sveho-knezskeho-sveceni","status":"publish","type":"post","link":"https:\/\/www.hlas-pravoslavi.cz\/index.php\/2021\/06\/03\/arcibiskup-michal-oslavil-50-vyroci-sveho-knezskeho-sveceni\/","title":{"rendered":"Arcibiskup Michal oslavil 50. v\u00fdro\u010d\u00ed sv\u00e9ho kn\u011b\u017esk\u00e9ho sv\u011bcen\u00ed"},"content":{"rendered":"\n<p>Arcibiskup pra\u017esk\u00fd a \u010desk\u00fdch zem\u00ed Michal ve dnech 15.\u201326. kv\u011btna nav\u0161t\u00edvil Moskvu na pozv\u00e1n\u00ed patriarchy moskevsk\u00e9ho a cel\u00e9 Rusi Kirilla. 22. kv\u011btna 2021, v den p\u0159enesen\u00ed ostatk\u016f svat\u00e9ho divotv\u016frce Mikul\u00e1\u0161e z Myry v Lykii do Bari, vladyka Michal spolu s metropolitou volokolamsk\u00fdm Ilarionem slou\u017eil bo\u017eskou liturgii v chr\u00e1mu sv. Mikul\u00e1\u0161e z Myry v&nbsp;Kotelnik\u00e1ch \u2013 na Patriar\u0161\u00edm zastupitelstv\u00ed Pravoslavn\u00e9 c\u00edrkve v \u010desk\u00fdch zem\u00edch a na Slovensku v Moskv\u011b. V ten den n\u00e1\u0161 vladyka slavil 50. v\u00fdro\u010d\u00ed sv\u00e9ho kn\u011b\u017esk\u00e9ho sv\u011bcen\u00ed.<\/p>\n\n\n\n<p>Spolu s&nbsp;vladyky liturgii slou\u017eili: p\u0159edseda&nbsp; Synod\u00e1ln\u00edho v\u00fdboru pro spolupr\u00e1ci s&nbsp;koz\u00e1ctvem&nbsp; metropolita stavropolsk\u00fd a nevinnomyssk\u00fd Kirill, z\u00e1stupce Pravoslavn\u00e9 c\u00edrkve v \u010desk\u00fdch zem\u00edch a na Slovensku p\u0159i patriarchovi moskevsk\u00e9m a cel\u00e9 Rusi archimandrita Serafim (\u0160emjatovskij), z\u00e1stupce Pravoslavn\u00e9 c\u00edrkve v&nbsp;Americe p\u0159i patriarchovi moskevsk\u00e9m a cel\u00e9 Rusi protojerej Daniil Andrejuk, duchovn\u00ed spr\u00e1vce zastupitelstv\u00ed Rusk\u00e9 pravoslavn\u00e9 c\u00edrkve v Karlov\u00fdch Varech protojerej Nikolaj Li\u0161\u010de\u0148uk, tajemn\u00edk zastupitelstv\u00ed Srbsk\u00e9 pravoslavn\u00e9 c\u00edrkve v Moskv\u011b archimandrita Alexander (Kotov), \u200b\u200btajemn\u00edk zastupitelstv\u00ed Pravoslavn\u00e9 c\u00edrkve v \u010desk\u00fdch zem\u00edch a na Slovensku v Moskv\u011b jeromonach Alexander (Halu\u0161ka), odpov\u011bdn\u00fd tajemn\u00edk Synod\u00e1ln\u00edho v\u00fdboru pro spolupr\u00e1ci s koz\u00e1ctvem jerej Timofej \u010cajkin, duchovenstvo zastupitelstv\u00ed a pozvan\u00ed duchovn\u00ed.<\/p>\n\n\n\n<p>Na bohoslu\u017eb\u011b byli p\u0159\u00edtomn\u00ed mimo\u0159\u00e1dn\u00fd a zplnomocn\u011bn\u00fd velvyslanec Kolumbie v Rusku Alfonso Pedro Lazaro Lopez Caballero, mimo\u0159\u00e1dn\u00fd a zplnomocn\u011bn\u00fd velvyslanec Dominik\u00e1nsk\u00e9 republiky v Rusku Frank Hans Dannenberg Castellanos, \u0159editel Slovensk\u00e9ho institutu v Moskv\u011b Peter Feranec, z\u00e1stupce politick\u00e9ho \u00faseku Velvyslanectv\u00ed \u010cesk\u00e9 republiky v&nbsp;Moskv\u011b Michal M\u00e1dl, prezident Mezin\u00e1rodn\u00edho ve\u0159ejn\u00e9ho fondu pro jednotu pravoslavn\u00fdch n\u00e1rod\u016f V. A. Alekseev, vedouc\u00ed Fondu na podporu obnoven\u00ed tradic milosrdenstv\u00ed a dobro\u010dinnosti \u201eVzd\u011bl\u00e1vac\u00ed spole\u010dnost sv. Al\u017eb\u011bty a Sergije\u201c A. V. Gromova, \u00fa\u0159aduj\u00edc\u00ed rektor Moskevsk\u00e9 st\u00e1tn\u00ed univerzity technologi\u00ed a managementu S. N. \u010cebotarev, ataman V\u0161ekoz\u00e1ck\u00e9ho svazu \u010desk\u00fdch zem\u00ed a Slovenska M. A. Dzyuba.<\/p>\n\n\n\n<p>Na vrouc\u00ed ektenii byly proneseny modlitebn\u00ed prosby za zbaven\u00ed koronavirov\u00e9 pandemie. Po vrouc\u00ed ektenii se metropolita Ilarion modlil modlitbu, kter\u00e1 se \u010dte b\u011bhem \u0161\u00ed\u0159en\u00ed ni\u010div\u00e9 nemoci.<\/p>\n\n\n\n<p>Po ukon\u010den\u00ed liturgie metropolita volokolamsk\u00fd Ilarion pronesl blahop\u0159\u00e1n\u00ed Jeho Svatosti patriarchy moskevsk\u00e9ho a cel\u00e9 Rusi Kirilla arcibiskupovi pra\u017esk\u00e9mu a \u010desk\u00fdch zem\u00ed Michalovi k 50. v\u00fdro\u010d\u00ed jeho kn\u011b\u017esk\u00e9ho sv\u011bcen\u00ed:<\/p>\n\n\n\n<p>\u201eVa\u0161e Vysokop\u0159eosv\u00edcenosti, drah\u00fd vladyko! Vstal z mrtv\u00fdch Kristus!<\/p>\n\n\n\n<p>T\u011bmito slovy pasch\u00e1ln\u00ed dobr\u00e9 zv\u011bsti V\u00e1s srde\u010dn\u011b pozdravuji a blahop\u0159eji k 50. v\u00fdro\u010d\u00ed Va\u0161eho kn\u011b\u017esk\u00e9ho sv\u011bcen\u00ed.<\/p>\n\n\n\n<p>S v\u0159el\u00fdm pocitem se raduji z Va\u0161\u00ed oslavy, proto\u017ee V\u00e1s po p\u016fl stolet\u00ed zn\u00e1m jako bratra, s n\u00edm\u017e m\u011b spojuje jak Leningradsk\u00e1 duchovn\u00ed akademie, kde jsme m\u011bli mo\u017enost studovat, tak arcipast\u00fd\u0159, z jeho\u017e rukou jsme oba z\u00edskali milost kn\u011b\u017estv\u00ed. Vzpom\u00ednka na ten \u010das je mi drah\u00e1.<\/p>\n\n\n\n<p>Vzr\u016fstaje <em>st\u00e1le s novou silou <\/em>(\u017dalm 84, 8), jste pro\u0161el dlouhou cestou slu\u017eby u Bo\u017e\u00edho prestolu a z\u00edskal jste bohat\u00e9 duchovn\u00ed a administrativn\u00ed zku\u0161enosti, kter\u00e9 V\u00e1m pom\u00e1haj\u00ed <em>spr\u00e1vn\u011b hl\u00e1sat slovo Kristovy pravdy <\/em>a vykon\u00e1vat zodpov\u011bdnou pr\u00e1ci ve prosp\u011bch v\u011b\u0159\u00edc\u00edch a ve jm\u00e9nu upevn\u011bn\u00ed svat\u00e9ho Pravoslav\u00ed v \u010desk\u00fdch zem\u00edch.<\/p>\n\n\n\n<p>S modlitbou V\u00e1m p\u0159eji pevn\u00e9 zdrav\u00ed na mnoh\u00e1 l\u00e9ta pokojn\u00e9ho a po\u017eehnan\u00e9ho arcipast\u00fd\u0159stv\u00ed. A\u0165 V\u00e1m \u0161t\u011bdr\u00fd a obda\u0159uj\u00edc\u00ed B\u016fh po\u0161le svou neub\u00fdvaj\u00edc\u00ed pomoc ve Va\u0161\u00ed pokra\u010duj\u00edc\u00ed slu\u017eb\u011b ve prosp\u011bch c\u00edrkve.<\/p>\n\n\n\n<p>S l\u00e1skou ve Vzk\u0159\u00ed\u0161en\u00e9m P\u00e1nu,<\/p>\n\n\n\n<p>patriarcha moskevsk\u00fd a cel\u00e9 Rusi Kirill.\u201c<\/p>\n\n\n\n<p>Pot\u00e9 vladyka Ilarion pronesl sv\u016fj blahop\u0159ejn\u00fd projev arcibiskupovi Michalovi:<\/p>\n\n\n\n<p>\u201eVa\u0161e Vysokop\u0159eosv\u00edcenosti, drah\u00fd vladyko! Vstal z mrtv\u00fdch Kristus!<\/p>\n\n\n\n<p>Vykon\u00e1vaje spolu s V\u00e1mi Bo\u017eskou liturgii v den chr\u00e1mov\u00e9ho sv\u00e1tku Zastupitelstv\u00ed Pravoslavn\u00e9 c\u00edrkve v \u010desk\u00fdch zem\u00edch a na Slovensku, je\u017e bylo zalo\u017eeno d\u00edky Va\u0161\u00ed pr\u00e1ci a jeho\u017e duchovn\u00edm spr\u00e1vcem jste byl v pr\u016fb\u011bhu n\u011bkolika let, jsem r\u00e1d, \u017ee dnes a tady V\u00e1m mohu osobn\u011b poblahop\u0159\u00e1t k v\u00fdznamn\u00e9mu datu \u2013 50. v\u00fdro\u010d\u00ed Va\u0161eho kn\u011b\u017esk\u00e9ho sv\u011bcen\u00ed.<\/p>\n\n\n\n<p>Mnoho v\u011bc\u00ed V\u00e1s spojuje s Ruskou pravoslavnou c\u00edrkv\u00ed. V jej\u00ed ohrad\u011b jste obdr\u017eel dar kn\u011b\u017estv\u00ed a s jej\u00ed mate\u0159skou p\u00e9\u010d\u00ed jste d\u011blal prvn\u00ed kroky ve sv\u00e9 kn\u011b\u017esk\u00e9 slu\u017eb\u011b.<\/p>\n\n\n\n<p>V na\u0161\u00ed c\u00edrkvi V\u00e1s miluj\u00ed, raduj\u00ed se z V\u00e1s jako z drah\u00e9ho a v\u017edy v\u00edtan\u00e9ho hosta, v\u00e1\u017e\u00ed si p\u0159\u00edle\u017eitosti spole\u010dn\u00e9 modlitby a komunikace podle slov \u017ealmu: Jak\u00e9 dobro, jak\u00e9 blaho tam, kde brat\u0159\u00ed bydl\u00ed svorn\u011b! (\u017dalm 133,1).<\/p>\n\n\n\n<p>Drah\u00fd vladyko! Za p\u016fl stolet\u00ed, kter\u00e9 uplynulo ode dne Va\u0161eho kn\u011b\u017esk\u00e9ho sv\u011bcen\u00ed, jste pro\u0161el dlouhou \u017eivotn\u00ed cestou, obohatil jste se duchovn\u00ed moudrost\u00ed, kter\u00e1 nyn\u00ed slou\u017e\u00ed pot\u0159eb\u00e1m Va\u0161ich Bohem chr\u00e1n\u011bn\u00fdch v\u011b\u0159\u00edc\u00edch.<\/p>\n\n\n\n<p>V historick\u00fd okam\u017eik, kter\u00fd pro pravoslav\u00ed v \u010desk\u00fdch zem\u00edch nebyl snadn\u00fd, si V\u00e1s duchovenstvo a v\u011b\u0159\u00edc\u00ed Pra\u017esk\u00e9 eparchie jednomysln\u011b zvolili za sv\u00e9ho arcipast\u00fd\u0159e. Va\u0161e oddanost posv\u00e1tn\u00fdm k\u00e1non\u016fm, stejn\u011b jako horliv\u00e9 sv\u011bdectv\u00ed o svat\u00e9 otcovsk\u00e9 v\u00ed\u0159e, kter\u00e9 Pravoslavn\u00e1 c\u00edrkev v \u010desk\u00fdch zem\u00edch a na Slovensku vyd\u00e1vala a nad\u00e1le vyd\u00e1v\u00e1, \u010din\u00ed z Va\u0161\u00ed Vysokop\u0159eosv\u00edcenosti d\u016fstojn\u00e9ho pokra\u010dovatele tradice spojen\u00e9 se jm\u00e9ny svat\u00e9ho mu\u010dedn\u00edka Gorazda a \u010desk\u00e9 kn\u011b\u017eny Ludmily, jej\u00ed\u017e 1100. v\u00fdro\u010d\u00ed mu\u010dednick\u00e9 smrti si letos p\u0159ipom\u00edn\u00e1me.<\/p>\n\n\n\n<p>Veleb\u00edm dnes Va\u0161i Vysokop\u0159eosv\u00edcenost v souvislosti s t\u00edmto v\u00fdznamn\u00fdm datem, p\u0159eji V\u00e1m m\u00edr, po\u017eehnan\u00e9 pos\u00edlen\u00ed a Bo\u017e\u00ed pomoc ve Va\u0161\u00ed vzne\u0161en\u00e9 a odpov\u011bdn\u00e9 slu\u017eb\u011b.\u201c<\/p>\n\n\n\n<p>Metropolita Ilarion p\u0159edal arcibiskupovi Michalovi pam\u011btn\u00ed panagii a medaili sv. Marka Efezsk\u00e9ho II. stupn\u011b.<\/p>\n\n\n\n<p>\u201eVladyko, byl jste \u0159adu let zam\u011bstnancem Odd\u011blen\u00ed pro vn\u011bj\u0161\u00ed c\u00edrkevn\u00ed vztahy, kter\u00e9 letos slav\u00ed 75. v\u00fdro\u010d\u00ed, a nad\u00e1le pracujete v oblasti vn\u011bj\u0161\u00edch c\u00edrkevn\u00edch vztah\u016f, posilujete sou\u010dinnost mezi na\u0161imi c\u00edrkvemi. A\u0165 V\u00e1s modlitba svat\u00e9ho Marka chr\u00e1n\u00ed na Va\u0161\u00ed arcipast\u00fd\u0159sk\u00e9 cest\u011b,\u201c \u0159ekl mimo jin\u00e9 p\u0159edseda OVCV.<\/p>\n\n\n\n<p>Arcibiskup Michal ve sv\u00e9 odpov\u011bdi pod\u011bkoval metropolitovi Ilarionovi za v\u0159el\u00e9 blahop\u0159\u00e1n\u00ed a vysok\u00e9 ocen\u011bn\u00ed. Vladyka tak\u00e9 poblahop\u0159\u00e1l p\u0159edsedovi OVCV a v\u0161em zam\u011bstnanc\u016fm Odd\u011blen\u00ed pro vn\u011bj\u0161\u00ed c\u00edrkevn\u00ed vztahy k 75. v\u00fdro\u010d\u00ed jeho zalo\u017een\u00ed.<\/p>\n\n\n\n<p>\u201eDraz\u00ed vladykov\u00e9, brat\u0159i a sestry, dovolte mi, abych V\u00e1m pod\u011bkoval za Va\u0161i \u00fa\u010dast na m\u00e9m dne\u0161n\u00edm jubileu \u2013 50. v\u00fdro\u010d\u00ed m\u00e9 kn\u011b\u017esk\u00e9 slu\u017eby. Z&nbsp;t\u011bchto 50 let jsem \u010dty\u0159i roky str\u00e1vil v tomto slavn\u00e9m chr\u00e1mu. V letech 2000 a\u017e 2004 jsem byl z\u00e1stupcem na\u0161\u00ed c\u00edrkve v Moskv\u011b. Proto je mi obzvl\u00e1\u0161t\u011b drah\u00e9, \u017ee sv\u00e9 jubileum oslavuji zde, s v\u00e1mi. R\u00e1d bych V\u00e1m v\u0161em poblahop\u0159\u00e1l k dne\u0161n\u00edmu sv\u00e1tku p\u0159enesen\u00ed ostatk\u016f svat\u00e9ho Mikul\u00e1\u0161e a pop\u0159\u00e1l bych V\u00e1m pos\u00edlen\u00ed v P\u00e1nu, zdrav\u00ed, dlouh\u00fd \u017eivot na mnoh\u00e1 a blah\u00e1 l\u00e9ta,\u201c \u0159ekl arcibiskup pra\u017esk\u00fd a \u010desk\u00fdch zem\u00ed Michal.<\/p>\n\n\n\n<p>Na pam\u00e1tku kon\u00e1n\u00ed Bo\u017esk\u00e9 liturgie na Patriar\u0161\u00edm zastupitelstv\u00ed Pravoslavn\u00e9 c\u00edrkve v \u010desk\u00fdch zem\u00edch a na Slovensku v Moskv\u011b arcibiskup Michal daroval metropolitovi volokolamsk\u00e9mu Ilarionovi a metropolitovi stavropolsk\u00e9mu a nevinnomyssk\u00e9mu Kirillovi panagii a k\u0159\u00ed\u017e a ostatn\u00edm spoluslou\u017e\u00edc\u00edm kn\u011b\u017e\u00edm k\u0159\u00ed\u017ee.<\/p>\n\n\n\n<p>Po ukon\u010den\u00ed liturgie se konala recepce na n\u00e1dvo\u0159\u00ed zastupitelstv\u00ed, b\u011bhem n\u00ed\u017e pozvan\u00ed host\u00e9 srde\u010dn\u011b blahop\u0159\u00e1li vladykovi Michalovi.<\/p>\n\n\n\n<p>Ataman V\u0161ekoz\u00e1ck\u00e9ho svazu \u010desk\u00fdch zem\u00ed a Slovenska, koz\u00e1ck\u00fd plukovn\u00edk M. A. Dzyuba, jm\u00e9nem koz\u00e1k\u016f \u017eij\u00edc\u00edch v \u010cesk\u00e9 republice a na Slovensku poblahop\u0159\u00e1l vladykovi k 50. v\u00fdro\u010d\u00ed jeho slou\u017een\u00ed a p\u0159edal mu \u0158\u00e1d V\u0161ekoz\u00e1ck\u00e9ho svazu \u010desk\u00fdch zem\u00ed a Slovenska \u2013 Zlat\u00fd k\u0159\u00ed\u017e archand\u011bla Michaela II. stupn\u011b.<\/p>\n\n\n\n<p>Arcibiskup Michal a z\u00e1stupce Pravoslavn\u00e9 c\u00edrkve v&nbsp;\u010desk\u00fdch zem\u00edch a na Slovensku v Moskv\u011b archimandrita Serafim (\u0160emjatovskij) p\u0159edali pam\u011btn\u00ed d\u00e1rky pozvan\u00fdm host\u016fm.<\/p>\n\n\n\n<p>\u010clen\u016fm delegace koz\u00e1k\u016f byly ud\u011bleny pam\u011btn\u00ed medaile k 20. v\u00fdro\u010d\u00ed Patriar\u0161\u00edho zastupitelstv\u00ed na\u0161\u00ed c\u00edrkve v Moskv\u011b.<\/p>\n\n\n\n<p>Zdroj: Tiskov\u00e1 slu\u017eba OVCV<\/p>\n\n\n\n<figure class=\"wp-block-gallery columns-3 is-cropped wp-block-gallery-1 is-layout-flex wp-block-gallery-is-layout-flex\"><ul class=\"blocks-gallery-grid\"><li class=\"blocks-gallery-item\"><figure><a href=\"https:\/\/www.hlas-pravoslavi.cz\/wp-content\/uploads\/2021\/12\/190108156_618939119500462_3142851770871358001_n.jpg\" data-lbwps-width=\"945\" data-lbwps-height=\"715\" data-lbwps-srcsmall=\"http:\/\/www.hlas-pravoslavi.cz\/wp-content\/uploads\/2021\/12\/190108156_618939119500462_3142851770871358001_n-300x227.jpg\"><img loading=\"lazy\" decoding=\"async\" width=\"945\" height=\"715\" src=\"https:\/\/www.hlas-pravoslavi.cz\/wp-content\/uploads\/2021\/12\/190108156_618939119500462_3142851770871358001_n.jpg\" alt=\"\" data-id=\"561\" data-link=\"https:\/\/www.hlas-pravoslavi.cz\/?attachment_id=561#main\" class=\"wp-image-561\" srcset=\"https:\/\/www.hlas-pravoslavi.cz\/wp-content\/uploads\/2021\/12\/190108156_618939119500462_3142851770871358001_n.jpg 945w, https:\/\/www.hlas-pravoslavi.cz\/wp-content\/uploads\/2021\/12\/190108156_618939119500462_3142851770871358001_n-300x227.jpg 300w, https:\/\/www.hlas-pravoslavi.cz\/wp-content\/uploads\/2021\/12\/190108156_618939119500462_3142851770871358001_n-768x581.jpg 768w\" sizes=\"auto, (max-width: 945px) 100vw, 945px\" \/><\/a><\/figure><\/li><li class=\"blocks-gallery-item\"><figure><a href=\"https:\/\/www.hlas-pravoslavi.cz\/wp-content\/uploads\/2021\/12\/190135420_488623472450671_1822550115382377532_n.jpg\" data-lbwps-width=\"945\" data-lbwps-height=\"533\" data-lbwps-srcsmall=\"http:\/\/www.hlas-pravoslavi.cz\/wp-content\/uploads\/2021\/12\/190135420_488623472450671_1822550115382377532_n-300x169.jpg\"><img loading=\"lazy\" decoding=\"async\" width=\"945\" height=\"533\" src=\"https:\/\/www.hlas-pravoslavi.cz\/wp-content\/uploads\/2021\/12\/190135420_488623472450671_1822550115382377532_n.jpg\" alt=\"\" data-id=\"562\" data-link=\"https:\/\/www.hlas-pravoslavi.cz\/?attachment_id=562#main\" class=\"wp-image-562\" srcset=\"https:\/\/www.hlas-pravoslavi.cz\/wp-content\/uploads\/2021\/12\/190135420_488623472450671_1822550115382377532_n.jpg 945w, https:\/\/www.hlas-pravoslavi.cz\/wp-content\/uploads\/2021\/12\/190135420_488623472450671_1822550115382377532_n-300x169.jpg 300w, https:\/\/www.hlas-pravoslavi.cz\/wp-content\/uploads\/2021\/12\/190135420_488623472450671_1822550115382377532_n-768x433.jpg 768w\" sizes=\"auto, (max-width: 945px) 100vw, 945px\" \/><\/a><\/figure><\/li><li class=\"blocks-gallery-item\"><figure><a href=\"https:\/\/www.hlas-pravoslavi.cz\/wp-content\/uploads\/2021\/12\/191088819_206135298015333_7366799340267383796_n.jpg\" data-lbwps-width=\"945\" data-lbwps-height=\"826\" data-lbwps-srcsmall=\"http:\/\/www.hlas-pravoslavi.cz\/wp-content\/uploads\/2021\/12\/191088819_206135298015333_7366799340267383796_n-300x262.jpg\"><img loading=\"lazy\" decoding=\"async\" width=\"945\" height=\"826\" src=\"https:\/\/www.hlas-pravoslavi.cz\/wp-content\/uploads\/2021\/12\/191088819_206135298015333_7366799340267383796_n.jpg\" alt=\"\" data-id=\"563\" data-link=\"https:\/\/www.hlas-pravoslavi.cz\/?attachment_id=563#main\" class=\"wp-image-563\" srcset=\"https:\/\/www.hlas-pravoslavi.cz\/wp-content\/uploads\/2021\/12\/191088819_206135298015333_7366799340267383796_n.jpg 945w, https:\/\/www.hlas-pravoslavi.cz\/wp-content\/uploads\/2021\/12\/191088819_206135298015333_7366799340267383796_n-300x262.jpg 300w, https:\/\/www.hlas-pravoslavi.cz\/wp-content\/uploads\/2021\/12\/191088819_206135298015333_7366799340267383796_n-768x671.jpg 768w\" sizes=\"auto, (max-width: 945px) 100vw, 945px\" \/><\/a><\/figure><\/li><li class=\"blocks-gallery-item\"><figure><a href=\"https:\/\/www.hlas-pravoslavi.cz\/wp-content\/uploads\/2021\/12\/IMG_1696.jpg\" data-lbwps-width=\"2736\" data-lbwps-height=\"1536\" data-lbwps-srcsmall=\"http:\/\/www.hlas-pravoslavi.cz\/wp-content\/uploads\/2021\/12\/IMG_1696-300x168.jpg\"><img loading=\"lazy\" decoding=\"async\" width=\"1024\" height=\"575\" src=\"https:\/\/www.hlas-pravoslavi.cz\/wp-content\/uploads\/2021\/12\/IMG_1696-1024x575.jpg\" alt=\"\" data-id=\"564\" data-link=\"https:\/\/www.hlas-pravoslavi.cz\/?attachment_id=564#main\" class=\"wp-image-564\" srcset=\"https:\/\/www.hlas-pravoslavi.cz\/wp-content\/uploads\/2021\/12\/IMG_1696-1024x575.jpg 1024w, https:\/\/www.hlas-pravoslavi.cz\/wp-content\/uploads\/2021\/12\/IMG_1696-300x168.jpg 300w, https:\/\/www.hlas-pravoslavi.cz\/wp-content\/uploads\/2021\/12\/IMG_1696-768x431.jpg 768w, https:\/\/www.hlas-pravoslavi.cz\/wp-content\/uploads\/2021\/12\/IMG_1696-1536x862.jpg 1536w, https:\/\/www.hlas-pravoslavi.cz\/wp-content\/uploads\/2021\/12\/IMG_1696-2048x1150.jpg 2048w, https:\/\/www.hlas-pravoslavi.cz\/wp-content\/uploads\/2021\/12\/IMG_1696-1920x1078.jpg 1920w\" sizes=\"auto, (max-width: 1024px) 100vw, 1024px\" \/><\/a><\/figure><\/li><li class=\"blocks-gallery-item\"><figure><a href=\"https:\/\/www.hlas-pravoslavi.cz\/wp-content\/uploads\/2021\/12\/IMG_1757.jpg\" data-lbwps-width=\"2736\" data-lbwps-height=\"1536\" data-lbwps-srcsmall=\"http:\/\/www.hlas-pravoslavi.cz\/wp-content\/uploads\/2021\/12\/IMG_1757-300x168.jpg\"><img loading=\"lazy\" decoding=\"async\" width=\"1024\" height=\"575\" src=\"https:\/\/www.hlas-pravoslavi.cz\/wp-content\/uploads\/2021\/12\/IMG_1757-1024x575.jpg\" alt=\"\" data-id=\"565\" data-full-url=\"https:\/\/www.hlas-pravoslavi.cz\/wp-content\/uploads\/2021\/12\/IMG_1757-scaled.jpg\" data-link=\"https:\/\/www.hlas-pravoslavi.cz\/?attachment_id=565#main\" class=\"wp-image-565\" srcset=\"https:\/\/www.hlas-pravoslavi.cz\/wp-content\/uploads\/2021\/12\/IMG_1757-1024x575.jpg 1024w, https:\/\/www.hlas-pravoslavi.cz\/wp-content\/uploads\/2021\/12\/IMG_1757-300x168.jpg 300w, https:\/\/www.hlas-pravoslavi.cz\/wp-content\/uploads\/2021\/12\/IMG_1757-768x431.jpg 768w, https:\/\/www.hlas-pravoslavi.cz\/wp-content\/uploads\/2021\/12\/IMG_1757-1536x862.jpg 1536w, https:\/\/www.hlas-pravoslavi.cz\/wp-content\/uploads\/2021\/12\/IMG_1757-2048x1150.jpg 2048w, https:\/\/www.hlas-pravoslavi.cz\/wp-content\/uploads\/2021\/12\/IMG_1757-1920x1078.jpg 1920w\" sizes=\"auto, (max-width: 1024px) 100vw, 1024px\" \/><\/a><\/figure><\/li><\/ul><\/figure>\n","protected":false},"excerpt":{"rendered":"<p>Arcibiskup pra\u017esk\u00fd a \u010desk\u00fdch zem\u00ed Michal ve dnech 15.\u201326. kv\u011btna nav\u0161t\u00edvil Moskvu na pozv\u00e1n\u00ed patriarchy moskevsk\u00e9ho a cel\u00e9 Rusi Kirilla. 22. kv\u011btna 2021, v den&hellip;<\/p>\n","protected":false},"author":1,"featured_media":0,"comment_status":"closed","ping_status":"open","sticky":false,"template":"","format":"standard","meta":{"footnotes":""},"categories":[9],"tags":[38],"class_list":["post-560","post","type-post","status-publish","format-standard","hentry","category-zpravy-z-eparchii","tag-2021-06"],"_links":{"self":[{"href":"https:\/\/www.hlas-pravoslavi.cz\/index.php\/wp-json\/wp\/v2\/posts\/560","targetHints":{"allow":["GET"]}}],"collection":[{"href":"https:\/\/www.hlas-pravoslavi.cz\/index.php\/wp-json\/wp\/v2\/posts"}],"about":[{"href":"https:\/\/www.hlas-pravoslavi.cz\/index.php\/wp-json\/wp\/v2\/types\/post"}],"author":[{"embeddable":true,"href":"https:\/\/www.hlas-pravoslavi.cz\/index.php\/wp-json\/wp\/v2\/users\/1"}],"replies":[{"embeddable":true,"href":"https:\/\/www.hlas-pravoslavi.cz\/index.php\/wp-json\/wp\/v2\/comments?post=560"}],"version-history":[{"count":1,"href":"https:\/\/www.hlas-pravoslavi.cz\/index.php\/wp-json\/wp\/v2\/posts\/560\/revisions"}],"predecessor-version":[{"id":566,"href":"https:\/\/www.hlas-pravoslavi.cz\/index.php\/wp-json\/wp\/v2\/posts\/560\/revisions\/566"}],"wp:attachment":[{"href":"https:\/\/www.hlas-pravoslavi.cz\/index.php\/wp-json\/wp\/v2\/media?parent=560"}],"wp:term":[{"taxonomy":"category","embeddable":true,"href":"https:\/\/www.hlas-pravoslavi.cz\/index.php\/wp-json\/wp\/v2\/categories?post=560"},{"taxonomy":"post_tag","embeddable":true,"href":"https:\/\/www.hlas-pravoslavi.cz\/index.php\/wp-json\/wp\/v2\/tags?post=560"}],"curies":[{"name":"wp","href":"https:\/\/api.w.org\/{rel}","templated":true}]}}