{"id":381,"date":"2017-04-19T18:26:32","date_gmt":"2017-04-19T17:26:32","guid":{"rendered":"https:\/\/www.hlas-pravoslavi.cz\/?p=381"},"modified":"2021-11-19T18:26:48","modified_gmt":"2021-11-19T17:26:48","slug":"v-chrame","status":"publish","type":"post","link":"https:\/\/www.hlas-pravoslavi.cz\/index.php\/2017\/04\/19\/v-chrame\/","title":{"rendered":"V chr\u00e1m\u011b"},"content":{"rendered":"\n<p><strong>Ikona<\/strong><\/p>\n\n\n\n<p>Ikony jsou posv\u00e1tn\u00e9 obrazy vt\u011blen\u00e9ho Boha \u2013 P\u00e1na Je\u017e\u00ed\u0161e Krista a tak\u00e9 jeho p\u0159e\u010dist\u00e9 Matky Marie a svat\u00fdch. Ikony jsou okna do duchovn\u00edho sv\u011bta, kde je B\u016fh a sv\u011btci. Kdy\u017e se d\u00edv\u00e1me na ikony p\u0159i modlitb\u011b, pom\u00e1haj\u00ed n\u00e1m soust\u0159edit se a nerozptylovat se.<\/p>\n\n\n\n<p><strong>Sv\u00edce<\/strong><\/p>\n\n\n\n<p>Sv\u00edce napom\u00e1h\u00e1 na\u0161\u00ed modlitb\u011b v&nbsp;chr\u00e1mu. Stoj\u00edme p\u0159ed ikonou P\u00e1na Je\u017e\u00ed\u0161e, Bohorodice nebo svat\u00e9ho, ke kter\u00e9mu se chceme pomodlit. Zapalujeme sv\u00ed\u010dku, d\u00e1v\u00e1me ji na sv\u00edcen a modl\u00edme se za n\u011bkoho z&nbsp;na\u0161ich bl\u00edzk\u00fdch, \u017eiv\u00fdch \u010di zesnul\u00fdch, pros\u00edme Boha o pomoc a z\u00e1\u0161titu nebo mu d\u011bkujeme za v\u0161echno, co n\u00e1m d\u00e1v\u00e1. A na\u0161e modlitba jakoby trv\u00e1, dokud ho\u0159\u00ed sv\u00ed\u010dka. Sv\u00ed\u010dky si kupujeme v&nbsp;chr\u00e1mu, je to z\u00e1rove\u0148 n\u00e1\u0161 p\u0159\u00edsp\u011bvek na chr\u00e1m.<\/p>\n\n\n\n<p><strong>K\u0159i\u017eov\u00e1n\u00ed<\/strong><\/p>\n\n\n\n<p>K\u0159i\u017eujeme se t\u0159emi spojen\u00fdmi prsty (palcem, ukazov\u00e1\u010dkem a prost\u0159edn\u00ed\u010dkem), dva ostatn\u00ed prsty p\u0159itla\u010dujeme k&nbsp;dlani. Spojen\u00e9 t\u0159i prsty zn\u00e1zor\u0148uj\u00ed na\u0161i v\u00edru v&nbsp;Boha Otce, Syna a Ducha Svat\u00e9ho jako jedinou a nerozd\u00edlnou Trojici, a dva prsty p\u0159itisknut\u00e9 k&nbsp;dlani znamenaj\u00ed, \u017ee Syn Bo\u017e\u00ed Je\u017e\u00ed\u0161 Kristus je prav\u00fdm Bohem a prav\u00fdm \u010dlov\u011bkem, tj. \u017ee m\u00e1 dv\u011b p\u0159irozenosti \u2013 bo\u017eskou a lidskou.<\/p>\n\n\n\n<p>K\u0159i\u017eov\u00e1n\u00ed je tak\u00e9 druh modlitby, kter\u00e1 ale nen\u00ed pron\u00e1\u0161ena \u00fasty, ale je zn\u00e1zorn\u011bna pohyby t\u011bla. Kdy\u017e se t\u0159emi prsty dot\u00fdk\u00e1me \u010dela, pros\u00edme Boha, aby posv\u011btil n\u00e1\u0161 rozum, abychom m\u011bli pouze dobr\u00e9 my\u0161lenky. Kdy\u017e se dot\u00fdk\u00e1me b\u0159icha, pros\u00edme, aby n\u00e1s B\u016fh zachr\u00e1nil p\u0159ed h\u0159\u00edchy spojen\u00fdmi s&nbsp;touto \u010d\u00e1st\u00ed t\u011bla. D\u00e1le se dot\u00fdk\u00e1me prav\u00e9ho ramene a pros\u00edme Boha, aby posv\u011btil na\u0161e t\u011blesn\u00e9 s\u00edly, abychom je vyu\u017e\u00edvali jenom pro kon\u00e1n\u00ed dobr\u00fdch skutk\u016f. Na z\u00e1v\u011br se dot\u00fdk\u00e1me lev\u00e9ho ramene, aby Hospodin o\u010distil na\u0161e srdce od zl\u00fdch cit\u016f a naplnil ho city dobr\u00fdmi.<\/p>\n\n\n\n<p>K\u0159i\u017eovat se mus\u00edme bez sp\u011bchu, v&nbsp;klidu, s&nbsp;hlubokou \u00factou. Pokud to d\u011bl\u00e1me ledabyle, bez \u00facty, to n\u00e1m nejenom neprosp\u011bje, ale m\u016f\u017ee i u\u0161kodit. Jak v\u00edme, d\u00e9moni se velmi boj\u00ed zobrazen\u00ed k\u0159\u00ed\u017ee, proto\u017ee n\u00e1\u0161 P\u00e1n Je\u017e\u00ed\u0161 Kristus svou smrt\u00ed na k\u0159\u00ed\u017ei zni\u010dil jejich moc. Proto kdy\u017e m\u00e1me strach, kdy\u017e n\u00e1s d\u00e9moni stra\u0161\u00ed nebo pokou\u0161\u00ed, nejlep\u0161\u00ed zbra\u0148 proti nim je k\u0159i\u017eov\u00e1n\u00ed.<\/p>\n\n\n\n<p><strong>P\u016fst<\/strong><\/p>\n\n\n\n<p>Jsou dny a t\u00fddny v&nbsp;roce, kdy se k\u0159es\u0165an post\u00ed. V&nbsp;tyto dny nej\u00edme maso, ml\u00e9ko ani vejce a odm\u00edt\u00e1me n\u011bkter\u00e1 dal\u0161\u00ed t\u011blesn\u00e1 pot\u011b\u0161en\u00ed a z\u00e1bavy, abychom v\u011bnovali v\u00edce \u010dasu modlitb\u011b, studov\u00e1n\u00ed z\u00e1klad\u016f na\u0161\u00ed v\u00edry a dobr\u00fdm skutk\u016fm.<\/p>\n\n\n\n<p>Na co pot\u0159ebujeme p\u016fst? Zaprv\u00e9 je to znamen\u00ed na\u0161\u00ed l\u00e1sky k&nbsp;Bohu. Kdy\u017e se post\u00edme pro Boha, ukazujeme mu, \u017ee je pro n\u00e1s d\u016fle\u017eit\u011bj\u0161\u00ed ne\u017e jak\u00e9koliv pozemsk\u00e9 radosti. Zadruh\u00e9 se post\u00edme, abychom aspo\u0148 trochu napodobili Krista, jen\u017e se postil \u010dty\u0159icet dn\u016f na pou\u0161ti. Prav\u00fd k\u0159es\u0165an se sna\u017e\u00ed chovat se tak, jak se choval P\u00e1n Je\u017e\u00ed\u0161 a svat\u00ed. Zat\u0159et\u00ed se post\u00edme, proto\u017ee p\u016fst posiluje na\u0161i du\u0161i a t\u011blo, kter\u00e9 se skrze p\u016fst st\u00e1vaj\u00ed nez\u00e1visl\u00e9 na t\u011blesn\u00fdch touh\u00e1ch.<\/p>\n\n\n\n<p>Sv\u011btci, kte\u0159\u00ed se hodn\u011b postili a modlili, byli tak siln\u00ed, \u017ee nejenom odh\u00e1n\u011bli d\u00e9mony od sebe, ale osvobozovali jin\u00e9 lidi od d\u00e9monsk\u00e9 nadvl\u00e1dy. Kdy\u017e je t\u011blo o\u010di\u0161t\u011bno p\u016fstem, du\u0161e se snadno modl\u00ed. V&nbsp;postn\u00edm obdob\u00ed se du\u0161e u\u010d\u00ed soust\u0159e\u010fovat se na nebesk\u00e9 z\u00e1le\u017eitosti.&nbsp;<\/p>\n\n\n\n<p>Podle sv\u00e9 shov\u00edvavosti c\u00edrkev dovoluje nepostit se mal\u00fdm d\u011btem, t\u011b\u017ece nemocn\u00fdm a t\u011bm, kdo se ocitli ve slo\u017eit\u00e9 situaci a nemaj\u00ed mo\u017enost sehnat postn\u00ed pokrmy.<\/p>\n\n\n\n<p>Jerej Vasyl \u010cerepko <\/p>\n","protected":false},"excerpt":{"rendered":"<p>Ikona Ikony jsou posv\u00e1tn\u00e9 obrazy vt\u011blen\u00e9ho Boha \u2013 P\u00e1na Je\u017e\u00ed\u0161e Krista a tak\u00e9 jeho p\u0159e\u010dist\u00e9 Matky Marie a svat\u00fdch. Ikony jsou okna do duchovn\u00edho sv\u011bta,&hellip;<\/p>\n","protected":false},"author":1,"featured_media":382,"comment_status":"closed","ping_status":"open","sticky":false,"template":"","format":"standard","meta":{"footnotes":""},"categories":[12],"tags":[16],"class_list":["post-381","post","type-post","status-publish","format-standard","has-post-thumbnail","hentry","category-pro-deti","tag-2017-04","has-post-thumbnail-archive"],"_links":{"self":[{"href":"https:\/\/www.hlas-pravoslavi.cz\/index.php\/wp-json\/wp\/v2\/posts\/381","targetHints":{"allow":["GET"]}}],"collection":[{"href":"https:\/\/www.hlas-pravoslavi.cz\/index.php\/wp-json\/wp\/v2\/posts"}],"about":[{"href":"https:\/\/www.hlas-pravoslavi.cz\/index.php\/wp-json\/wp\/v2\/types\/post"}],"author":[{"embeddable":true,"href":"https:\/\/www.hlas-pravoslavi.cz\/index.php\/wp-json\/wp\/v2\/users\/1"}],"replies":[{"embeddable":true,"href":"https:\/\/www.hlas-pravoslavi.cz\/index.php\/wp-json\/wp\/v2\/comments?post=381"}],"version-history":[{"count":1,"href":"https:\/\/www.hlas-pravoslavi.cz\/index.php\/wp-json\/wp\/v2\/posts\/381\/revisions"}],"predecessor-version":[{"id":383,"href":"https:\/\/www.hlas-pravoslavi.cz\/index.php\/wp-json\/wp\/v2\/posts\/381\/revisions\/383"}],"wp:featuredmedia":[{"embeddable":true,"href":"https:\/\/www.hlas-pravoslavi.cz\/index.php\/wp-json\/wp\/v2\/media\/382"}],"wp:attachment":[{"href":"https:\/\/www.hlas-pravoslavi.cz\/index.php\/wp-json\/wp\/v2\/media?parent=381"}],"wp:term":[{"taxonomy":"category","embeddable":true,"href":"https:\/\/www.hlas-pravoslavi.cz\/index.php\/wp-json\/wp\/v2\/categories?post=381"},{"taxonomy":"post_tag","embeddable":true,"href":"https:\/\/www.hlas-pravoslavi.cz\/index.php\/wp-json\/wp\/v2\/tags?post=381"}],"curies":[{"name":"wp","href":"https:\/\/api.w.org\/{rel}","templated":true}]}}