{"id":378,"date":"2017-04-19T18:19:09","date_gmt":"2017-04-19T17:19:09","guid":{"rendered":"https:\/\/www.hlas-pravoslavi.cz\/?p=378"},"modified":"2021-11-19T18:19:24","modified_gmt":"2021-11-19T17:19:24","slug":"duchovni-sluzba-v-prazskych-nemocnicich","status":"publish","type":"post","link":"https:\/\/www.hlas-pravoslavi.cz\/index.php\/2017\/04\/19\/duchovni-sluzba-v-prazskych-nemocnicich\/","title":{"rendered":"Duchovn\u00ed slu\u017eba v pra\u017esk\u00fdch nemocnic\u00edch"},"content":{"rendered":"\n<p>Duchovn\u00ed slu\u017eba v pra\u017esk\u00fdch nemocnic\u00edch je nepostradateln\u00e1. Krom\u011b pravideln\u00fdch bohoslu\u017eeb v nemocni\u010dn\u00ed kapli se kaplani s pacienty osobn\u011b nav\u0161t\u011bvuj\u00ed, modl\u00ed se s nimi nebo si s nemocn\u00fdmi r\u00e1di popov\u00eddaj\u00ed.<\/p>\n\n\n\n<p>V\u011bt\u0161ina lid\u00ed, o kter\u00e9 se duchovn\u00ed staraj\u00ed, nepat\u0159\u00ed k \u017e\u00e1dn\u00e9 c\u00edrkvi, p\u0159esto jim kaplani v\u011bnuj\u00ed svoji pozornost. Nej\u010dast\u011bj\u0161\u00ed forma kontaktu je rozhovor. Nemocni\u010dn\u00ed kaplani neslou\u017e\u00ed jen pacient\u016fm, ale i zam\u011bstnanc\u016fm nebo p\u0159\u00edbuzn\u00fdm a p\u0159\u00e1tel\u016fm nemocn\u00fdch.<\/p>\n\n\n\n<p>27.03.2017 po spole\u010dn\u00e9 ekumenick\u00e9 bohoslu\u017eb\u011b ministerstvo zdravotnictv\u00ed p\u0159edstavilo pr\u00e1vn\u00ed p\u0159edpis, kter\u00fd by m\u011bl \u010dinnost duchovn\u00edch v l\u016f\u017ekov\u00fdch za\u0159\u00edzen\u00edch zakotvit. Dosud jejich p\u016fsoben\u00ed z\u00e1viselo na vst\u0159\u00edcnosti veden\u00ed nemocnic.<\/p>\n\n\n\n<p>V\u0161echna l\u016f\u017ekov\u00e1 za\u0159\u00edzen\u00ed, jejich\u017e z\u0159izovatelem je ministerstvo zdravotnictv\u00ed, by m\u011bla m\u00edt nemocni\u010dn\u00edho kaplana, kter\u00fd bude sou\u010d\u00e1st\u00ed t\u00fdmu nemocnice. Doporu\u010duje jim to metodick\u00fd pokyn, kter\u00fd ministerstvo p\u0159ipravilo a kter\u00fd bude \u00fa\u010dinn\u00fd od poloviny dubna. P\u0159edpis, kter\u00fd p\u0159edstavili z\u00e1stupci ministerstva zdravotnictv\u00ed a nemocni\u010dn\u00edch kaplan\u016f, stanovuje mimo jin\u00e9 kvalifika\u010dn\u00ed po\u017eadavky na kaplany, jejich pr\u00e1va a povinnosti.<\/p>\n\n\n\n<p>Dosud neexistovala pr\u00e1vn\u00ed norma, kter\u00e1 by p\u016fsoben\u00ed duchovn\u00edch v tuzemsk\u00fdch nemocnic\u00edch zakotvovala. V\u011bt\u0161ina velk\u00fdch st\u00e1tn\u00edch nemocnic tuto slu\u017ebu v sou\u010dasnosti poskytuje, podle z\u00e1stupc\u016f kaplan\u016f to ale z\u00e1vis\u00ed na vst\u0159\u00edcnosti veden\u00ed nemocnice.<\/p>\n\n\n\n<p>\u201ePro n\u00e1s je d\u016fle\u017eit\u00e9 to, \u017ee kaplan u\u017e nen\u00ed ten, kdo je v nemocnici trp\u011bn\u00fd, nebo se dost\u00e1v\u00e1 do nemocnice jen na z\u00e1klad\u011b toho, \u017ee \u0159editel fand\u00ed t\u00e9to ot\u00e1zce,\u201c \u0159ekl p\u0159edseda Asociace nemocni\u010dn\u00edch kaplan\u016f V\u00edt\u011bzslav Vurst, kter\u00fd p\u016fsob\u00ed v olomouck\u00e9 fakultn\u00ed nemocnici. D\u016fle\u017eit\u00e9 je podle n\u011bj rovn\u011b\u017e to, \u017ee p\u0159edpis jasn\u011b definuje, kdo je nemocni\u010dn\u00ed kaplan.<\/p>\n\n\n\n<p>Podle pokynu mus\u00ed m\u00edt z\u00e1jemce o post nemocni\u010dn\u00edho kaplana dokon\u010den\u00e9 teologick\u00e9 vzd\u011bl\u00e1n\u00ed magistersk\u00e9ho stupn\u011b, mus\u00ed absolvovat kurz nemocni\u010dn\u00edho kaplanstv\u00ed, kter\u00fd nab\u00edz\u00ed v \u010cR t\u0159i teologick\u00e9 fakulty. M\u011bl by m\u00edt tak\u00e9 nejm\u00e9n\u011b t\u0159\u00edletou praxi v pastora\u010dn\u00ed p\u00e9\u010di a mus\u00ed z\u00edskat pov\u011b\u0159en\u00ed \u010cesk\u00e9 biskupsk\u00e9 konference a Ekumenick\u00e9 rady c\u00edrkv\u00ed v \u010cR.<\/p>\n\n\n\n<p>Ministerstvo tak\u00e9 z\u0159\u00edd\u00ed Radu pro duchovn\u00ed p\u00e9\u010di, kter\u00e1 by m\u011bla \u0159e\u0161it koncep\u010dn\u00ed a strategick\u00e9 ot\u00e1zky t\u00fdkaj\u00edc\u00ed se duchovn\u00ed p\u00e9\u010de v nemocnic\u00edch. Bude m\u00edt osm \u010dlen\u016f, mezi kter\u00fdmi budou z\u00e1stupci c\u00edrkv\u00ed, ministerstva a nemocnic.<\/p>\n\n\n\n<p>Podle n\u00e1m\u011bstkyn\u011b ministra zdravotnictv\u00ed Lenky Tesky Arno\u0161tov\u00e9 (\u010cSSD) bude ministerstvo prov\u011b\u0159ovat mo\u017enost, \u017ee by byl kaplan za\u0159azen mezi takzvan\u00e9 jin\u00e9 odborn\u00e9 pracovn\u00edky, mezi kter\u00fdmi jsou v sou\u010dasnosti nap\u0159\u00edklad psychologov\u00e9 \u010di soci\u00e1ln\u00ed pracovn\u00edci. \u201eNemocni\u010dn\u00ed kaplan m\u016f\u017ee b\u00fdt pro n\u011bkter\u00e9 pacienty stejn\u011b d\u016fle\u017eit\u00fd jako nap\u0159\u00edklad chirurg. Psychick\u00fd stav pacienta toti\u017e mnohdy v\u00fdrazn\u011b ovliv\u0148uje pr\u016fb\u011bh a \u00fasp\u011b\u0161nost samotn\u00e9 l\u00e9\u010dby,\u201c uvedla n\u00e1m\u011bstkyn\u011b.<\/p>\n","protected":false},"excerpt":{"rendered":"<p>Duchovn\u00ed slu\u017eba v pra\u017esk\u00fdch nemocnic\u00edch je nepostradateln\u00e1. Krom\u011b pravideln\u00fdch bohoslu\u017eeb v nemocni\u010dn\u00ed kapli se kaplani s pacienty osobn\u011b nav\u0161t\u011bvuj\u00ed, modl\u00ed se s nimi nebo si&hellip;<\/p>\n","protected":false},"author":1,"featured_media":379,"comment_status":"closed","ping_status":"open","sticky":false,"template":"","format":"standard","meta":{"footnotes":""},"categories":[13],"tags":[16],"class_list":["post-378","post","type-post","status-publish","format-standard","has-post-thumbnail","hentry","category-cirkev-a-spolecnost","tag-2017-04","has-post-thumbnail-archive"],"_links":{"self":[{"href":"https:\/\/www.hlas-pravoslavi.cz\/index.php\/wp-json\/wp\/v2\/posts\/378","targetHints":{"allow":["GET"]}}],"collection":[{"href":"https:\/\/www.hlas-pravoslavi.cz\/index.php\/wp-json\/wp\/v2\/posts"}],"about":[{"href":"https:\/\/www.hlas-pravoslavi.cz\/index.php\/wp-json\/wp\/v2\/types\/post"}],"author":[{"embeddable":true,"href":"https:\/\/www.hlas-pravoslavi.cz\/index.php\/wp-json\/wp\/v2\/users\/1"}],"replies":[{"embeddable":true,"href":"https:\/\/www.hlas-pravoslavi.cz\/index.php\/wp-json\/wp\/v2\/comments?post=378"}],"version-history":[{"count":1,"href":"https:\/\/www.hlas-pravoslavi.cz\/index.php\/wp-json\/wp\/v2\/posts\/378\/revisions"}],"predecessor-version":[{"id":380,"href":"https:\/\/www.hlas-pravoslavi.cz\/index.php\/wp-json\/wp\/v2\/posts\/378\/revisions\/380"}],"wp:featuredmedia":[{"embeddable":true,"href":"https:\/\/www.hlas-pravoslavi.cz\/index.php\/wp-json\/wp\/v2\/media\/379"}],"wp:attachment":[{"href":"https:\/\/www.hlas-pravoslavi.cz\/index.php\/wp-json\/wp\/v2\/media?parent=378"}],"wp:term":[{"taxonomy":"category","embeddable":true,"href":"https:\/\/www.hlas-pravoslavi.cz\/index.php\/wp-json\/wp\/v2\/categories?post=378"},{"taxonomy":"post_tag","embeddable":true,"href":"https:\/\/www.hlas-pravoslavi.cz\/index.php\/wp-json\/wp\/v2\/tags?post=378"}],"curies":[{"name":"wp","href":"https:\/\/api.w.org\/{rel}","templated":true}]}}