{"id":3351,"date":"2025-05-23T13:22:30","date_gmt":"2025-05-23T12:22:30","guid":{"rendered":"https:\/\/www.hlas-pravoslavi.cz\/?p=3351"},"modified":"2025-08-24T13:22:42","modified_gmt":"2025-08-24T12:22:42","slug":"z-programu-bohosluzeb-a-dalsich-aktivit-arcibiskupa-michala-v-dubnu-2025","status":"publish","type":"post","link":"https:\/\/www.hlas-pravoslavi.cz\/index.php\/2025\/05\/23\/z-programu-bohosluzeb-a-dalsich-aktivit-arcibiskupa-michala-v-dubnu-2025\/","title":{"rendered":"Z programu bohoslu\u017eeb a dal\u0161\u00edch aktivit arcibiskupa Michala v dubnu 2025"},"content":{"rendered":"\n<p><strong>6. 4. 2025 <\/strong>V 5. ned\u011bli Velk\u00e9ho p\u016fstu Jeho Vysokop\u0159eosv\u00edcenost Michal, arcibiskup pra\u017esk\u00fd a \u010desk\u00fdch zem\u00ed, slou\u017eil sv. liturgii v monast\u00fdru sv. Cyrila a Metod\u011bje v Ho\u0159ovi\u010dk\u00e1ch.<\/p>\n\n\n\n<figure class=\"wp-block-gallery has-nested-images columns-default is-cropped wp-block-gallery-1 is-layout-flex wp-block-gallery-is-layout-flex\">\n<figure class=\"wp-block-image size-large\"><a href=\"https:\/\/www.hlas-pravoslavi.cz\/wp-content\/uploads\/2025\/08\/6.4.jpg\" data-lbwps-width=\"720\" data-lbwps-height=\"960\" data-lbwps-srcsmall=\"http:\/\/www.hlas-pravoslavi.cz\/wp-content\/uploads\/2025\/08\/6.4-225x300.jpg\"><img loading=\"lazy\" decoding=\"async\" width=\"720\" height=\"960\" data-id=\"3352\" src=\"https:\/\/www.hlas-pravoslavi.cz\/wp-content\/uploads\/2025\/08\/6.4.jpg\" alt=\"\" class=\"wp-image-3352\" srcset=\"https:\/\/www.hlas-pravoslavi.cz\/wp-content\/uploads\/2025\/08\/6.4.jpg 720w, https:\/\/www.hlas-pravoslavi.cz\/wp-content\/uploads\/2025\/08\/6.4-225x300.jpg 225w\" sizes=\"auto, (max-width: 720px) 100vw, 720px\" \/><\/a><\/figure>\n<\/figure>\n\n\n\n<p><strong>7. 4. 2025 <\/strong>V\u00a0den sv\u00e1tku Zv\u011bstov\u00e1n\u00ed p\u0159esvat\u00e9 Bohorodici arcibiskup Michal slou\u017eil slavnostn\u00ed sv. liturgii v chr\u00e1mu Zv\u011bstov\u00e1n\u00ed p\u0159esvat\u00e9 Bohorodice Na Slupi, v\u00a0Praze 2. Spolu s\u00a0vladykou slou\u017eili duchovn\u00ed Pra\u017esk\u00e9 eparchie a host\u00e9 ze zahrani\u010d\u00ed.<\/p>\n\n\n\n<figure class=\"wp-block-gallery has-nested-images columns-default is-cropped wp-block-gallery-2 is-layout-flex wp-block-gallery-is-layout-flex\">\n<figure class=\"wp-block-image size-large\"><a href=\"https:\/\/www.hlas-pravoslavi.cz\/wp-content\/uploads\/2025\/08\/7.4-1.jpg\" data-lbwps-width=\"2048\" data-lbwps-height=\"1536\" data-lbwps-srcsmall=\"http:\/\/www.hlas-pravoslavi.cz\/wp-content\/uploads\/2025\/08\/7.4-1-300x225.jpg\"><img loading=\"lazy\" decoding=\"async\" width=\"1024\" height=\"768\" data-id=\"3353\" src=\"https:\/\/www.hlas-pravoslavi.cz\/wp-content\/uploads\/2025\/08\/7.4-1-1024x768.jpg\" alt=\"\" class=\"wp-image-3353\" srcset=\"https:\/\/www.hlas-pravoslavi.cz\/wp-content\/uploads\/2025\/08\/7.4-1-1024x768.jpg 1024w, https:\/\/www.hlas-pravoslavi.cz\/wp-content\/uploads\/2025\/08\/7.4-1-300x225.jpg 300w, https:\/\/www.hlas-pravoslavi.cz\/wp-content\/uploads\/2025\/08\/7.4-1-768x576.jpg 768w, https:\/\/www.hlas-pravoslavi.cz\/wp-content\/uploads\/2025\/08\/7.4-1-1536x1152.jpg 1536w, https:\/\/www.hlas-pravoslavi.cz\/wp-content\/uploads\/2025\/08\/7.4-1-1920x1440.jpg 1920w, https:\/\/www.hlas-pravoslavi.cz\/wp-content\/uploads\/2025\/08\/7.4-1.jpg 2048w\" sizes=\"auto, (max-width: 1024px) 100vw, 1024px\" \/><\/a><\/figure>\n\n\n\n<figure class=\"wp-block-image size-large\"><a href=\"https:\/\/www.hlas-pravoslavi.cz\/wp-content\/uploads\/2025\/08\/7.4-2.jpg\" data-lbwps-width=\"2048\" data-lbwps-height=\"1536\" data-lbwps-srcsmall=\"http:\/\/www.hlas-pravoslavi.cz\/wp-content\/uploads\/2025\/08\/7.4-2-300x225.jpg\"><img loading=\"lazy\" decoding=\"async\" width=\"1024\" height=\"768\" data-id=\"3354\" src=\"https:\/\/www.hlas-pravoslavi.cz\/wp-content\/uploads\/2025\/08\/7.4-2-1024x768.jpg\" alt=\"\" class=\"wp-image-3354\" srcset=\"https:\/\/www.hlas-pravoslavi.cz\/wp-content\/uploads\/2025\/08\/7.4-2-1024x768.jpg 1024w, https:\/\/www.hlas-pravoslavi.cz\/wp-content\/uploads\/2025\/08\/7.4-2-300x225.jpg 300w, https:\/\/www.hlas-pravoslavi.cz\/wp-content\/uploads\/2025\/08\/7.4-2-768x576.jpg 768w, https:\/\/www.hlas-pravoslavi.cz\/wp-content\/uploads\/2025\/08\/7.4-2-1536x1152.jpg 1536w, https:\/\/www.hlas-pravoslavi.cz\/wp-content\/uploads\/2025\/08\/7.4-2-1920x1440.jpg 1920w, https:\/\/www.hlas-pravoslavi.cz\/wp-content\/uploads\/2025\/08\/7.4-2.jpg 2048w\" sizes=\"auto, (max-width: 1024px) 100vw, 1024px\" \/><\/a><\/figure>\n<\/figure>\n\n\n\n<p><strong>13. 4. 2025 <\/strong>Na Kv\u011btnou ned\u011bli se v chr\u00e1mu Zv\u011bstov\u00e1n\u00ed p\u0159esvat\u00e9 Bohorodice Na Slupi v Praze 2 konala slavnostn\u00ed Bo\u017esk\u00e1 liturgie, kterou slou\u017eil arcibiskup Michal spolu s\u00a0duchovn\u00edmi chr\u00e1mu. Chr\u00e1m i prostory p\u0159ed n\u00edm byly napln\u011bny mno\u017estv\u00edm v\u011b\u0159\u00edc\u00edch, kte\u0159\u00ed p\u0159i\u0161li spole\u010dn\u011b oslavit tento sv\u00e1tek. Na z\u00e1v\u011br byly posv\u011bceny ratolesti vrby a vladyka pod\u011bkoval v\u0161em duchovn\u00edm i farn\u00edk\u016fm.<\/p>\n\n\n\n<figure class=\"wp-block-gallery has-nested-images columns-default is-cropped wp-block-gallery-3 is-layout-flex wp-block-gallery-is-layout-flex\">\n<figure class=\"wp-block-image size-large\"><a href=\"https:\/\/www.hlas-pravoslavi.cz\/wp-content\/uploads\/2025\/08\/13.04-1.jpg\" data-lbwps-width=\"2048\" data-lbwps-height=\"1536\" data-lbwps-srcsmall=\"http:\/\/www.hlas-pravoslavi.cz\/wp-content\/uploads\/2025\/08\/13.04-1-300x225.jpg\"><img loading=\"lazy\" decoding=\"async\" width=\"1024\" height=\"768\" data-id=\"3355\" src=\"https:\/\/www.hlas-pravoslavi.cz\/wp-content\/uploads\/2025\/08\/13.04-1-1024x768.jpg\" alt=\"\" class=\"wp-image-3355\" srcset=\"https:\/\/www.hlas-pravoslavi.cz\/wp-content\/uploads\/2025\/08\/13.04-1-1024x768.jpg 1024w, https:\/\/www.hlas-pravoslavi.cz\/wp-content\/uploads\/2025\/08\/13.04-1-300x225.jpg 300w, https:\/\/www.hlas-pravoslavi.cz\/wp-content\/uploads\/2025\/08\/13.04-1-768x576.jpg 768w, https:\/\/www.hlas-pravoslavi.cz\/wp-content\/uploads\/2025\/08\/13.04-1-1536x1152.jpg 1536w, https:\/\/www.hlas-pravoslavi.cz\/wp-content\/uploads\/2025\/08\/13.04-1-1920x1440.jpg 1920w, https:\/\/www.hlas-pravoslavi.cz\/wp-content\/uploads\/2025\/08\/13.04-1.jpg 2048w\" sizes=\"auto, (max-width: 1024px) 100vw, 1024px\" \/><\/a><\/figure>\n\n\n\n<figure class=\"wp-block-image size-large\"><a href=\"https:\/\/www.hlas-pravoslavi.cz\/wp-content\/uploads\/2025\/08\/13.04-2.jpg\" data-lbwps-width=\"2048\" data-lbwps-height=\"1536\" data-lbwps-srcsmall=\"http:\/\/www.hlas-pravoslavi.cz\/wp-content\/uploads\/2025\/08\/13.04-2-300x225.jpg\"><img loading=\"lazy\" decoding=\"async\" width=\"1024\" height=\"768\" data-id=\"3356\" src=\"https:\/\/www.hlas-pravoslavi.cz\/wp-content\/uploads\/2025\/08\/13.04-2-1024x768.jpg\" alt=\"\" class=\"wp-image-3356\" srcset=\"https:\/\/www.hlas-pravoslavi.cz\/wp-content\/uploads\/2025\/08\/13.04-2-1024x768.jpg 1024w, https:\/\/www.hlas-pravoslavi.cz\/wp-content\/uploads\/2025\/08\/13.04-2-300x225.jpg 300w, https:\/\/www.hlas-pravoslavi.cz\/wp-content\/uploads\/2025\/08\/13.04-2-768x576.jpg 768w, https:\/\/www.hlas-pravoslavi.cz\/wp-content\/uploads\/2025\/08\/13.04-2-1536x1152.jpg 1536w, https:\/\/www.hlas-pravoslavi.cz\/wp-content\/uploads\/2025\/08\/13.04-2-1920x1440.jpg 1920w, https:\/\/www.hlas-pravoslavi.cz\/wp-content\/uploads\/2025\/08\/13.04-2.jpg 2048w\" sizes=\"auto, (max-width: 1024px) 100vw, 1024px\" \/><\/a><\/figure>\n<\/figure>\n\n\n\n<p><strong>17. 4. 2025 <\/strong>Na Velk\u00fd \u010dtvrtek arcibiskup pra\u017esk\u00fd a \u010desk\u00fdch zem\u00ed Michal slou\u017eil sv. liturgii v\u00a0monast\u00fdru sv. Cyrila a Metod\u011bje v\u00a0Ho\u0159ovi\u010dk\u00e1ch. V\u00a0odpoledn\u00edch hodin\u00e1ch se tradi\u010dn\u011b slou\u017eila jit\u0159n\u00ed bohoslu\u017eba se \u010dten\u00edm 12 evangeli\u00ed o utrpen\u00ed P\u00e1n\u011b.<\/p>\n\n\n\n<figure class=\"wp-block-gallery has-nested-images columns-default is-cropped wp-block-gallery-4 is-layout-flex wp-block-gallery-is-layout-flex\">\n<figure class=\"wp-block-image size-large\"><a href=\"https:\/\/www.hlas-pravoslavi.cz\/wp-content\/uploads\/2025\/08\/17.04-2.jpg\" data-lbwps-width=\"1200\" data-lbwps-height=\"1600\" data-lbwps-srcsmall=\"http:\/\/www.hlas-pravoslavi.cz\/wp-content\/uploads\/2025\/08\/17.04-2-225x300.jpg\"><img loading=\"lazy\" decoding=\"async\" width=\"768\" height=\"1024\" data-id=\"3357\" src=\"https:\/\/www.hlas-pravoslavi.cz\/wp-content\/uploads\/2025\/08\/17.04-2-768x1024.jpg\" alt=\"\" class=\"wp-image-3357\" srcset=\"https:\/\/www.hlas-pravoslavi.cz\/wp-content\/uploads\/2025\/08\/17.04-2-768x1024.jpg 768w, https:\/\/www.hlas-pravoslavi.cz\/wp-content\/uploads\/2025\/08\/17.04-2-225x300.jpg 225w, https:\/\/www.hlas-pravoslavi.cz\/wp-content\/uploads\/2025\/08\/17.04-2-1152x1536.jpg 1152w, https:\/\/www.hlas-pravoslavi.cz\/wp-content\/uploads\/2025\/08\/17.04-2.jpg 1200w\" sizes=\"auto, (max-width: 768px) 100vw, 768px\" \/><\/a><\/figure>\n\n\n\n<figure class=\"wp-block-image size-large\"><a href=\"https:\/\/www.hlas-pravoslavi.cz\/wp-content\/uploads\/2025\/08\/17.04.jpg\" data-lbwps-width=\"1200\" data-lbwps-height=\"1600\" data-lbwps-srcsmall=\"http:\/\/www.hlas-pravoslavi.cz\/wp-content\/uploads\/2025\/08\/17.04-225x300.jpg\"><img loading=\"lazy\" decoding=\"async\" width=\"768\" height=\"1024\" data-id=\"3358\" src=\"https:\/\/www.hlas-pravoslavi.cz\/wp-content\/uploads\/2025\/08\/17.04-768x1024.jpg\" alt=\"\" class=\"wp-image-3358\" srcset=\"https:\/\/www.hlas-pravoslavi.cz\/wp-content\/uploads\/2025\/08\/17.04-768x1024.jpg 768w, https:\/\/www.hlas-pravoslavi.cz\/wp-content\/uploads\/2025\/08\/17.04-225x300.jpg 225w, https:\/\/www.hlas-pravoslavi.cz\/wp-content\/uploads\/2025\/08\/17.04-1152x1536.jpg 1152w, https:\/\/www.hlas-pravoslavi.cz\/wp-content\/uploads\/2025\/08\/17.04.jpg 1200w\" sizes=\"auto, (max-width: 768px) 100vw, 768px\" \/><\/a><\/figure>\n<\/figure>\n\n\n\n<p><strong>18. 4. 2025 <\/strong>Na Velk\u00fd p\u00e1tek vladyka Michal slou\u017eil ve\u010dern\u00ed bohoslu\u017ebu s vynesen\u00edm pl\u00e1\u0161t\u011bnice v\u00a0monast\u00fdrsk\u00e9m chr\u00e1mu sv. Cyrila a Metod\u011bje v Ho\u0159ovi\u010dk\u00e1ch.<\/p>\n\n\n\n<p><strong>19. 4. 2025 <\/strong>Na Velkou sobotu arcibiskup Michal slou\u017eil sv. liturgii v monast\u00fdru sv. Cyrila a Metod\u011bje v\u00a0Ho\u0159ovi\u010dk\u00e1ch.<\/p>\n\n\n\n<figure class=\"wp-block-gallery has-nested-images columns-default is-cropped wp-block-gallery-5 is-layout-flex wp-block-gallery-is-layout-flex\">\n<figure class=\"wp-block-image size-large\"><a href=\"https:\/\/www.hlas-pravoslavi.cz\/wp-content\/uploads\/2025\/08\/19.04-1.jpg\" data-lbwps-width=\"1200\" data-lbwps-height=\"1600\" data-lbwps-srcsmall=\"http:\/\/www.hlas-pravoslavi.cz\/wp-content\/uploads\/2025\/08\/19.04-1-225x300.jpg\"><img loading=\"lazy\" decoding=\"async\" width=\"768\" height=\"1024\" data-id=\"3360\" src=\"https:\/\/www.hlas-pravoslavi.cz\/wp-content\/uploads\/2025\/08\/19.04-1-768x1024.jpg\" alt=\"\" class=\"wp-image-3360\" srcset=\"https:\/\/www.hlas-pravoslavi.cz\/wp-content\/uploads\/2025\/08\/19.04-1-768x1024.jpg 768w, https:\/\/www.hlas-pravoslavi.cz\/wp-content\/uploads\/2025\/08\/19.04-1-225x300.jpg 225w, https:\/\/www.hlas-pravoslavi.cz\/wp-content\/uploads\/2025\/08\/19.04-1-1152x1536.jpg 1152w, https:\/\/www.hlas-pravoslavi.cz\/wp-content\/uploads\/2025\/08\/19.04-1.jpg 1200w\" sizes=\"auto, (max-width: 768px) 100vw, 768px\" \/><\/a><\/figure>\n\n\n\n<figure class=\"wp-block-image size-large\"><a href=\"https:\/\/www.hlas-pravoslavi.cz\/wp-content\/uploads\/2025\/08\/19.04-2.jpg\" data-lbwps-width=\"1200\" data-lbwps-height=\"1600\" data-lbwps-srcsmall=\"http:\/\/www.hlas-pravoslavi.cz\/wp-content\/uploads\/2025\/08\/19.04-2-225x300.jpg\"><img loading=\"lazy\" decoding=\"async\" width=\"768\" height=\"1024\" data-id=\"3361\" src=\"https:\/\/www.hlas-pravoslavi.cz\/wp-content\/uploads\/2025\/08\/19.04-2-768x1024.jpg\" alt=\"\" class=\"wp-image-3361\" srcset=\"https:\/\/www.hlas-pravoslavi.cz\/wp-content\/uploads\/2025\/08\/19.04-2-768x1024.jpg 768w, https:\/\/www.hlas-pravoslavi.cz\/wp-content\/uploads\/2025\/08\/19.04-2-225x300.jpg 225w, https:\/\/www.hlas-pravoslavi.cz\/wp-content\/uploads\/2025\/08\/19.04-2-1152x1536.jpg 1152w, https:\/\/www.hlas-pravoslavi.cz\/wp-content\/uploads\/2025\/08\/19.04-2.jpg 1200w\" sizes=\"auto, (max-width: 768px) 100vw, 768px\" \/><\/a><\/figure>\n<\/figure>\n\n\n\n<p><strong>20. 4. 2025 <\/strong>V\u00a0no\u010dn\u00edch hodin\u00e1ch se v monast\u00fdru sv. Cyrila a Metod\u011bje v\u00a0Ho\u0159ovi\u010dk\u00e1ch pod veden\u00edm vladyky Michala slou\u017eila slavnostn\u00ed pasch\u00e1ln\u00ed jit\u0159n\u00ed. Bohoslu\u017eby se z\u00fa\u010dastnilo po\u010detn\u00e9 mno\u017estv\u00ed v\u011b\u0159\u00edc\u00edch. R\u00e1no v\u00a0den sv\u011btl\u00e9ho Kristova Vzk\u0159\u00ed\u0161en\u00ed arcibiskup Michal slou\u017eil sv. liturgii v chr\u00e1mu Zv\u011bstov\u00e1n\u00ed p\u0159esvat\u00e9 Bohorodici Na Slupi v\u00a0Praze 2. Po bohoslu\u017eb\u011b prob\u011bhlo sv\u011bcen\u00ed pasch\u00e1ln\u00edch pokrm\u016f pro v\u011b\u0159\u00edc\u00ed.<\/p>\n\n\n\n<figure class=\"wp-block-gallery has-nested-images columns-default is-cropped wp-block-gallery-6 is-layout-flex wp-block-gallery-is-layout-flex\">\n<figure class=\"wp-block-image size-large\"><a href=\"https:\/\/www.hlas-pravoslavi.cz\/wp-content\/uploads\/2025\/08\/20.04-1.jpg\" data-lbwps-width=\"1536\" data-lbwps-height=\"2048\" data-lbwps-srcsmall=\"http:\/\/www.hlas-pravoslavi.cz\/wp-content\/uploads\/2025\/08\/20.04-1-225x300.jpg\"><img loading=\"lazy\" decoding=\"async\" width=\"768\" height=\"1024\" data-id=\"3362\" src=\"https:\/\/www.hlas-pravoslavi.cz\/wp-content\/uploads\/2025\/08\/20.04-1-768x1024.jpg\" alt=\"\" class=\"wp-image-3362\" srcset=\"https:\/\/www.hlas-pravoslavi.cz\/wp-content\/uploads\/2025\/08\/20.04-1-768x1024.jpg 768w, https:\/\/www.hlas-pravoslavi.cz\/wp-content\/uploads\/2025\/08\/20.04-1-225x300.jpg 225w, https:\/\/www.hlas-pravoslavi.cz\/wp-content\/uploads\/2025\/08\/20.04-1-1152x1536.jpg 1152w, https:\/\/www.hlas-pravoslavi.cz\/wp-content\/uploads\/2025\/08\/20.04-1.jpg 1536w\" sizes=\"auto, (max-width: 768px) 100vw, 768px\" \/><\/a><\/figure>\n\n\n\n<figure class=\"wp-block-image size-large\"><a href=\"https:\/\/www.hlas-pravoslavi.cz\/wp-content\/uploads\/2025\/08\/20.04-3.jpg\" data-lbwps-width=\"1536\" data-lbwps-height=\"2048\" data-lbwps-srcsmall=\"http:\/\/www.hlas-pravoslavi.cz\/wp-content\/uploads\/2025\/08\/20.04-3-225x300.jpg\"><img loading=\"lazy\" decoding=\"async\" width=\"768\" height=\"1024\" data-id=\"3364\" src=\"https:\/\/www.hlas-pravoslavi.cz\/wp-content\/uploads\/2025\/08\/20.04-3-768x1024.jpg\" alt=\"\" class=\"wp-image-3364\" srcset=\"https:\/\/www.hlas-pravoslavi.cz\/wp-content\/uploads\/2025\/08\/20.04-3-768x1024.jpg 768w, https:\/\/www.hlas-pravoslavi.cz\/wp-content\/uploads\/2025\/08\/20.04-3-225x300.jpg 225w, https:\/\/www.hlas-pravoslavi.cz\/wp-content\/uploads\/2025\/08\/20.04-3-1152x1536.jpg 1152w, https:\/\/www.hlas-pravoslavi.cz\/wp-content\/uploads\/2025\/08\/20.04-3.jpg 1536w\" sizes=\"auto, (max-width: 768px) 100vw, 768px\" \/><\/a><\/figure>\n\n\n\n<figure class=\"wp-block-image size-large\"><a href=\"https:\/\/www.hlas-pravoslavi.cz\/wp-content\/uploads\/2025\/08\/20.04-4.jpg\" data-lbwps-width=\"1536\" data-lbwps-height=\"2048\" data-lbwps-srcsmall=\"http:\/\/www.hlas-pravoslavi.cz\/wp-content\/uploads\/2025\/08\/20.04-4-225x300.jpg\"><img loading=\"lazy\" decoding=\"async\" width=\"768\" height=\"1024\" data-id=\"3363\" src=\"https:\/\/www.hlas-pravoslavi.cz\/wp-content\/uploads\/2025\/08\/20.04-4-768x1024.jpg\" alt=\"\" class=\"wp-image-3363\" srcset=\"https:\/\/www.hlas-pravoslavi.cz\/wp-content\/uploads\/2025\/08\/20.04-4-768x1024.jpg 768w, https:\/\/www.hlas-pravoslavi.cz\/wp-content\/uploads\/2025\/08\/20.04-4-225x300.jpg 225w, https:\/\/www.hlas-pravoslavi.cz\/wp-content\/uploads\/2025\/08\/20.04-4-1152x1536.jpg 1152w, https:\/\/www.hlas-pravoslavi.cz\/wp-content\/uploads\/2025\/08\/20.04-4.jpg 1536w\" sizes=\"auto, (max-width: 768px) 100vw, 768px\" \/><\/a><\/figure>\n<\/figure>\n\n\n\n<p><strong>21. 4. 2025 <\/strong>Na Sv\u011btl\u00e9 pond\u011bl\u00ed arcibiskup Michal slou\u017eil sv. liturgii v monast\u00fdru sv. Cyrila a Metod\u011bje v Ho\u0159ovi\u010dk\u00e1ch.<\/p>\n\n\n\n<p><strong>27. 4. 2025 <\/strong>Na Tom\u00e1\u0161ovu ned\u011bli arcibiskup pra\u017esk\u00fd a \u010desk\u00fdch zem\u00ed Michal slou\u017eil sv. liturgii v katedr\u00e1ln\u00edm chr\u00e1mu sv. Cyrila a Metod\u011bje v Praze 2. Spolu s\u00a0vladykou slou\u017eilo katedr\u00e1ln\u00ed duchovenstvo.<\/p>\n\n\n\n<figure class=\"wp-block-gallery has-nested-images columns-default is-cropped wp-block-gallery-7 is-layout-flex wp-block-gallery-is-layout-flex\">\n<figure class=\"wp-block-image size-large\"><a href=\"https:\/\/www.hlas-pravoslavi.cz\/wp-content\/uploads\/2025\/08\/27.04-2.jpg\" data-lbwps-width=\"2048\" data-lbwps-height=\"1536\" data-lbwps-srcsmall=\"http:\/\/www.hlas-pravoslavi.cz\/wp-content\/uploads\/2025\/08\/27.04-2-300x225.jpg\"><img loading=\"lazy\" decoding=\"async\" width=\"1024\" height=\"768\" data-id=\"3365\" src=\"https:\/\/www.hlas-pravoslavi.cz\/wp-content\/uploads\/2025\/08\/27.04-2-1024x768.jpg\" alt=\"\" class=\"wp-image-3365\" srcset=\"https:\/\/www.hlas-pravoslavi.cz\/wp-content\/uploads\/2025\/08\/27.04-2-1024x768.jpg 1024w, https:\/\/www.hlas-pravoslavi.cz\/wp-content\/uploads\/2025\/08\/27.04-2-300x225.jpg 300w, https:\/\/www.hlas-pravoslavi.cz\/wp-content\/uploads\/2025\/08\/27.04-2-768x576.jpg 768w, https:\/\/www.hlas-pravoslavi.cz\/wp-content\/uploads\/2025\/08\/27.04-2-1536x1152.jpg 1536w, https:\/\/www.hlas-pravoslavi.cz\/wp-content\/uploads\/2025\/08\/27.04-2-1920x1440.jpg 1920w, https:\/\/www.hlas-pravoslavi.cz\/wp-content\/uploads\/2025\/08\/27.04-2.jpg 2048w\" sizes=\"auto, (max-width: 1024px) 100vw, 1024px\" \/><\/a><\/figure>\n\n\n\n<figure class=\"wp-block-image size-large\"><a href=\"https:\/\/www.hlas-pravoslavi.cz\/wp-content\/uploads\/2025\/08\/27.04-3.jpg\" data-lbwps-width=\"1600\" data-lbwps-height=\"1200\" data-lbwps-srcsmall=\"http:\/\/www.hlas-pravoslavi.cz\/wp-content\/uploads\/2025\/08\/27.04-3-300x225.jpg\"><img loading=\"lazy\" decoding=\"async\" width=\"1024\" height=\"768\" data-id=\"3366\" src=\"https:\/\/www.hlas-pravoslavi.cz\/wp-content\/uploads\/2025\/08\/27.04-3-1024x768.jpg\" alt=\"\" class=\"wp-image-3366\" srcset=\"https:\/\/www.hlas-pravoslavi.cz\/wp-content\/uploads\/2025\/08\/27.04-3-1024x768.jpg 1024w, https:\/\/www.hlas-pravoslavi.cz\/wp-content\/uploads\/2025\/08\/27.04-3-300x225.jpg 300w, https:\/\/www.hlas-pravoslavi.cz\/wp-content\/uploads\/2025\/08\/27.04-3-768x576.jpg 768w, https:\/\/www.hlas-pravoslavi.cz\/wp-content\/uploads\/2025\/08\/27.04-3-1536x1152.jpg 1536w, https:\/\/www.hlas-pravoslavi.cz\/wp-content\/uploads\/2025\/08\/27.04-3.jpg 1600w\" sizes=\"auto, (max-width: 1024px) 100vw, 1024px\" \/><\/a><\/figure>\n<\/figure>\n","protected":false},"excerpt":{"rendered":"<p>6. 4. 2025 V 5. ned\u011bli Velk\u00e9ho p\u016fstu Jeho Vysokop\u0159eosv\u00edcenost Michal, arcibiskup pra\u017esk\u00fd a \u010desk\u00fdch zem\u00ed, slou\u017eil sv. liturgii v monast\u00fdru sv. Cyrila a Metod\u011bje&hellip;<\/p>\n","protected":false},"author":1,"featured_media":0,"comment_status":"closed","ping_status":"open","sticky":false,"template":"","format":"standard","meta":{"footnotes":""},"categories":[36],"tags":[101],"class_list":["post-3351","post","type-post","status-publish","format-standard","hentry","category-aktivity-arcibiskupa-michala","tag-2025-05"],"_links":{"self":[{"href":"https:\/\/www.hlas-pravoslavi.cz\/index.php\/wp-json\/wp\/v2\/posts\/3351","targetHints":{"allow":["GET"]}}],"collection":[{"href":"https:\/\/www.hlas-pravoslavi.cz\/index.php\/wp-json\/wp\/v2\/posts"}],"about":[{"href":"https:\/\/www.hlas-pravoslavi.cz\/index.php\/wp-json\/wp\/v2\/types\/post"}],"author":[{"embeddable":true,"href":"https:\/\/www.hlas-pravoslavi.cz\/index.php\/wp-json\/wp\/v2\/users\/1"}],"replies":[{"embeddable":true,"href":"https:\/\/www.hlas-pravoslavi.cz\/index.php\/wp-json\/wp\/v2\/comments?post=3351"}],"version-history":[{"count":1,"href":"https:\/\/www.hlas-pravoslavi.cz\/index.php\/wp-json\/wp\/v2\/posts\/3351\/revisions"}],"predecessor-version":[{"id":3367,"href":"https:\/\/www.hlas-pravoslavi.cz\/index.php\/wp-json\/wp\/v2\/posts\/3351\/revisions\/3367"}],"wp:attachment":[{"href":"https:\/\/www.hlas-pravoslavi.cz\/index.php\/wp-json\/wp\/v2\/media?parent=3351"}],"wp:term":[{"taxonomy":"category","embeddable":true,"href":"https:\/\/www.hlas-pravoslavi.cz\/index.php\/wp-json\/wp\/v2\/categories?post=3351"},{"taxonomy":"post_tag","embeddable":true,"href":"https:\/\/www.hlas-pravoslavi.cz\/index.php\/wp-json\/wp\/v2\/tags?post=3351"}],"curies":[{"name":"wp","href":"https:\/\/api.w.org\/{rel}","templated":true}]}}