{"id":306,"date":"2017-01-19T11:34:38","date_gmt":"2017-01-19T10:34:38","guid":{"rendered":"https:\/\/www.hlas-pravoslavi.cz\/?p=306"},"modified":"2021-11-19T11:34:56","modified_gmt":"2021-11-19T10:34:56","slug":"knez-michail-vasnecov","status":"publish","type":"post","link":"https:\/\/www.hlas-pravoslavi.cz\/index.php\/2017\/01\/19\/knez-michail-vasnecov\/","title":{"rendered":"Kn\u011bz Michail Vasn\u011bcov"},"content":{"rendered":"\n<p><em>\u017divotn\u00ed p\u0159\u00edb\u011bh<\/em><\/p>\n\n\n\n<p>Michail Viktorovi\u010d Vasn\u011bcov se narodil v\u00a0Moskv\u011b 14. (27.) \u0159\u00edjna 1884 a jm\u00e9no dostal na po\u010dest sv\u00e9ho d\u011bde\u010dka, kn\u011bze Michaila Vasiljevi\u010de Vasn\u011bcova. Jeho rodina m\u011bla dlouhou a hlubokou tradici duchovensk\u00e9 slu\u017eby: v\u00a0letopise z roku 1678 se vzpom\u00edn\u00e1 \u017ealmista Trifonova monast\u00fdru Dmitrij Kondrat\u011bv, syn Vasn\u011bc\u016fv. <em>\u201eV\u017edy\u0165 rod byl duchovensk\u00fd,\u201c<\/em> p\u00ed\u0161e pozd\u011bji o sv\u00e9 rodin\u011b M. V. Vasn\u011bcov. Michail byl \u010dtvrt\u00fdm z\u00a0p\u011bti d\u011bt\u00ed v\u00fdznamn\u00e9ho rusk\u00e9ho mal\u00ed\u0159e Viktora Michajlovi\u010de Vasn\u011bcova. M\u011bl t\u0159i bratry \u2013 Alexeje (1882\u22121949), Borise (1880\u22121919) a Vladim\u00edra (1889\u22121953) a sestru Ta\u0165\u00e1nu (1879\u22121961). Matka Alexandra Vladim\u00edrovna (rozen\u00e1 Rjazancevov\u00e1) dos\u00e1hla vysoko\u0161kolsk\u00e9ho l\u00e9ka\u0159sk\u00e9ho vzd\u011bl\u00e1n\u00ed, av\u0161ak sv\u016fj \u017eivot zasv\u011btila rodin\u011b a d\u011btem.<\/p>\n\n\n\n<p>Mal\u00e9mu M\u00ed\u0161ovi nebyl je\u0161t\u011b ani rok, kdy\u017e se rodina p\u0159est\u011bhovala z&nbsp;Moskvy do Kyjeva, kde pro\u017eila asi \u0161est let (1885\u22121891). St\u011bhov\u00e1n\u00ed bylo spojeno s&nbsp;prac\u00ed jeho otce \u2013 byl sem pozv\u00e1n, aby rozepsal Vladimirsk\u00fd chr\u00e1m v&nbsp;Kyjev\u011b. Rysy sv\u00e9ho mal\u00e9ho syna zachytil ve tv\u00e1\u0159i mal\u00e9ho Krista na rukou Matky Bo\u017e\u00ed. Um\u011blec M. V. Nest\u011brov, kter\u00fd \u010dasto s&nbsp;V. M. Vasn\u011bcovem pracoval, vzpom\u00edn\u00e1 v&nbsp;jednom ze sv\u00fdch dopis\u016f na svou n\u00e1v\u0161t\u011bvu jejich domu: <em>\u201eVyb\u011bhly d\u011bti, v\u0161echny ve Vasn\u011bcovov\u011b stylu<\/em><em>, a jednoho z&nbsp;nich (m\u00e9ho obl\u00edbence) je vid\u011bt ve v\u0161ech seraf\u00ednech a cherub\u00ednech<\/em><em>.\u201c<\/em><a href=\"#_ftn1\"><sup>[1]<\/sup><\/a> \u0160lo bezesporu o M\u00ed\u0161u, pro n\u011bj\u017e byla od sam\u00e9ho d\u011btstv\u00ed p\u0159ipravena cesta duchovensk\u00e9 slu\u017eby.<\/p>\n\n\n\n<p>Rodina se vr\u00e1tila do Moskvy v&nbsp;roce 1891, kdy\u017e byly ukon\u010deny z\u00e1kladn\u00ed pr\u00e1ce v&nbsp;kyjevsk\u00e9m chr\u00e1mu. V&nbsp;l\u00e9t\u011b Vasn\u011bcovovi jezdili do Abramceva na chatu k&nbsp;Mamontovov\u00fdm. V&nbsp;t\u00e9to usedlosti nedaleko Moskvy se zrodila je\u0161t\u011b jedna z&nbsp;M\u00ed\u0161ov\u00fdch z\u00e1lib \u2013 astronomie. Otec po\u0159\u00eddil teleskop a chlapec ka\u017edodenn\u011b sledoval dalek\u00e9 hv\u011bzdy a slune\u010dn\u00ed skvrny ve snaze pojmout v\u0161echna nebesk\u00e1 tajemstv\u00ed.<\/p>\n\n\n\n<p>V&nbsp;roce 1894 nastoupil Michail na \u010dtvrt\u00e9 mu\u017esk\u00e9 gymn\u00e1zium, zakon\u010dil je se zlatou medail\u00ed v&nbsp;roce 1903 a dostal se na matematickou fakultu na obor astronomie. Pot\u00e9, co z\u00edskal univerzitn\u00ed vzd\u011bl\u00e1n\u00ed a pro\u0161el vojenskou slu\u017ebou, se dal v&nbsp;roce 1910 na v\u011bdeckou pr\u00e1ci, m\u011bl popul\u00e1rn\u00ed p\u0159edn\u00e1\u0161ky o astronomii ve spole\u010dnosti \u201eZnanije\u201c, u\u010dil jak na gymn\u00e1ziu a dal\u0161\u00edch d\u011btsk\u00fdch za\u0159\u00edzen\u00edch, tak i ve Spole\u010dnosti inteligent\u016f, kter\u00e1 se zab\u00fdvala lidov\u00fdm vzd\u011bl\u00e1v\u00e1n\u00edm v&nbsp;d\u011blnick\u00fdch \u010dtvrt\u00edch a na vesnic\u00edch.<\/p>\n\n\n\n<p>Pr\u00e1v\u011b tehdy se sezn\u00e1mil se svou budouc\u00ed \u017eenou Olgou Vasiljevnou Poletajevovou (1880\u22121961). V&nbsp;n\u00ed, stejn\u011b jako v&nbsp;Michailovi, se zvl\u00e1\u0161tn\u00edm zp\u016fsobem spojoval z\u00e1jem o p\u0159\u00edrodn\u00ed v\u011bdy a hlubok\u00e1 v\u00edra. Vzd\u011bl\u00e1n\u00edm biolo\u017eka byla tak\u00e9 autorkou dvou v\u011bdeckometodick\u00fdch knih: <em>T\u0159i roky v\u00fduky p\u0159\u00edrodopisu a zem\u011bpisu<\/em> (vyd\u00e1na v&nbsp;roce 1911) a <em>Zem\u011bpis ve \u0161kole<\/em> (rok 1912) a nav\u00edc milovala mal\u00ed\u0159stv\u00ed v\u010detn\u011b toho c\u00edrkevn\u00edho, d\u011bjiny um\u011bn\u00ed, psychologii. Svatba se uskute\u010dnila 29. dubna 1911. Po n\u00ed vyu\u010doval Michail Vasn\u011bcov matematiku na soukrom\u00e9m Strachovov\u011b gymn\u00e1ziu, kter\u00e9 se nach\u00e1zelo v&nbsp;dom\u011b Mamontovov\u00fdch, kam v&nbsp;d\u011btstv\u00ed \u010dasto se sv\u00fdmi sourozenci chod\u00edval na n\u00e1v\u0161t\u011bvu.<\/p>\n\n\n\n<p>V&nbsp;roce 1911 z\u00edskal Michail Vasn\u011bcov hodnost asistenta na od\u011bsk\u00e9 univerzitn\u00ed observato\u0159i a odjel sem zpo\u010d\u00e1tku s\u00e1m. V&nbsp;roce 1912 se v&nbsp;Od\u011bse usadil ji\u017e se svou \u017eenou. Mezi povinnosti mlad\u00e9ho v\u011bdce pat\u0159ilo mimo jin\u00e9 m\u011b\u0159en\u00ed slune\u010dn\u00edch skvrn na star\u00fdch negativech a v&nbsp;roce 1914 sledoval kometu Gallea a zatm\u011bn\u00ed Slunce, o \u010dem\u017e napsal v\u011bdeck\u00e9 pr\u00e1ce.<\/p>\n\n\n\n<p>Kdy\u017e v&nbsp;roce 1914 za\u010dala prvn\u00ed sv\u011btov\u00e1 v\u00e1lka, byl Michail povol\u00e1n do slu\u017eby a jmenov\u00e1n velitelem 4. roty 46. z\u00e1lo\u017en\u00edho praporu k&nbsp;v\u00fdcviku voj\u00e1k\u016f p\u0159ed vysl\u00e1n\u00edm na frontu. <em>\u201eZpo\u010d\u00e1tku jsem byl v&nbsp;z\u00e1lo\u017en\u00edm pluku v&nbsp;Od\u011bse, ale pot\u00e9 jsem obdr\u017eel m\u00edsto u\u010ditele meteorologie na leteck\u00e9 \u0161kole v&nbsp;Kyjev<\/em><em>\u011b.\u201c<\/em><a href=\"#_ftn2\"><sup>[2]<\/sup><\/a> Jeho p\u0159evelen\u00ed na Centr\u00e1ln\u00ed naviga\u010dn\u00ed slu\u017ebu v&nbsp;letech 1915\u22121916 a pot\u00e9 do \u0161koly letc\u016f pozorovatel\u016f do Kyjeva bylo zap\u0159\u00ed\u010din\u011bno nedostatkem spolupracovn\u00edk\u016f s&nbsp;matematick\u00fdm vzd\u011bl\u00e1n\u00edm. Michail Vasn\u011bcov vyu\u010doval pro n\u011bj sam\u00e9ho nov\u00e9 p\u0159edm\u011bty, jako meteorologii a vzdu\u0161nou navigaci. V&nbsp;roce 1917 byla \u0161kola letc\u016f p\u0159esunuta do Eupatorie.<\/p>\n\n\n\n<p>Michail Vasn\u011bcov brzy ode\u0161el do v\u00fdslu\u017eby v&nbsp;hodnosti poru\u010d\u00edka a s&nbsp;rodinou se vr\u00e1til do Od\u011bsy. Zde se 1. (14.) \u0159\u00edjna narodil dlouho o\u010dek\u00e1van\u00fd syn Viktor.<\/p>\n\n\n\n<p>Ve m\u011bst\u011b stejn\u011b jako v&nbsp;cel\u00e9 zemi byl neklid, vl\u00e1da se neust\u00e1le m\u011bnila. Od\u011bsu st\u0159\u00eddav\u011b zab\u00edrali rud\u00ed a b\u00edl\u00e1 vojska. Poru\u010d\u00edk Vasn\u011bcov byl povol\u00e1n na leteckou z\u00e1kladnu, kter\u00e1 se p\u0159esouvala na Krym, ale pro Olgu Vasiljevnu byl p\u0159ejezd s&nbsp;mal\u00fdm d\u00edt\u011btem obt\u00ed\u017en\u00fd.<\/p>\n\n\n\n<p>Michail Vasn\u011bcov zpo\u010d\u00e1tku nemyslel na emigraci, ale situace se st\u00e1vala st\u00e1le napjat\u011bj\u0161\u00ed. Bylo t\u0159eba se rozhodnout. <em>\u201e11. \u0159\u00edjna 1920 v&nbsp;8 hodin svolal velitel z\u00e1kladny v\u0161echny d\u016fstojn\u00edky a \u00fa\u0159edn\u00edky a ozn\u00e1mil, \u017ee jsou ve velmi v\u00e1\u017en\u00e9 situaci, a\u0165 se ka\u017ed\u00fd rozhodne, jestli z\u016fstane<\/em><em>, nebo odjede. \u017d\u00e1dn\u00fd zp\u016fsob p\u0159esunu a sliby neexistuj\u00ed. J\u00e1 jsem \u0159ekl, \u017ee z\u016fstanu. (\u2026) P\u0159edstavil jsem si, jak p\u0159ich\u00e1z\u00ed a obsazuj\u00ed n\u00e1s rud\u00ed se v\u0161emi obvykl\u00fdmi hr\u016fzami. Ve 3 hodiny v&nbsp;noci (\u2026) jsem se rozhodl, \u017ee jedu pry\u010d<\/em><em>,\u201c<\/em> zapsal Michail Vasn\u011bcov do den\u00edku.<\/p>\n\n\n\n<p>Za\u010d\u00e1tkem prosince 1920 se uprchl\u00edci dostali do Gallipoli. Podm\u00ednky byly krajn\u011b obt\u00ed\u017en\u00e9, a to nejen prvn\u00ed dny a t\u00fddny po p\u0159\u00edjezdu.<\/p>\n\n\n\n<p><em>\u201e16. prosinec 1920. Gallipoli. (\u2026) Velk\u00e1 \u010d\u00e1st rusk\u00e9 arm\u00e1dy \u017eije v&nbsp;t\u00e1bo\u0159e. N\u00e1\u0161 Technick\u00fd pluk \u017eije ve m\u011bst\u011b. Na\u0161e z\u00e1kladna je um\u00edst\u011bna v&nbsp;jeskyni. J\u00e1 sp\u00edm v&nbsp;divadle, kde \u017eij\u00ed rodiny d\u016fstojn\u00edk\u016f. Ostatn\u00ed ob\u00fdvaj\u00ed rozbo\u0159en\u00e9 domy, stany, n\u011bkte\u0159\u00ed sp\u00ed pod otev\u0159en\u00fdm nebem. (\u2026) G\u00e1\u017ee se nevypl\u00e1c\u00ed. D\u00e1vaj\u00ed se p\u0159\u00edd\u011bly, va\u0159\u00ed se pol\u00e9vka. (\u2026) St\u00e1le je hlad. Ale \u017eijeme. (\u2026)<\/em><\/p>\n\n\n\n<p><em>24. \u00fanor 1921. Gallipoli. U\u017e v\u00edce ne\u017e dva m\u011bs\u00edce \u017eijeme zde na b\u0159ehu Dardanel. \u017dijeme v&nbsp;jeskyni jako pralid\u00e9 a zji\u0161\u0165ujeme, \u017ee zde \u017e\u00edt je je\u0161t\u011b dobr\u00e9.\u201c<\/em><\/p>\n\n\n\n<p>I kdy\u017e materi\u00e1ln\u00ed podm\u00ednky existence rusk\u00fdch uprchl\u00edk\u016f byly skute\u010dn\u011b bl\u00edzk\u00e9 t\u011bm prvobytn\u00fdm, o jejich duchovn\u00edm \u017eivot\u011b nic podobn\u00e9ho \u0159\u00edci nelze. Navzdory v\u0161em pot\u00ed\u017e\u00edm a utrpen\u00ed, kter\u00e9 se staly osudem jejich zem\u011b, nep\u0159est\u00e1vali lid\u00e9 v\u011b\u0159it, doufat a myslet. \u010cl\u00e1nek o astrofotografii, na n\u011bm\u017e Michail Vasn\u011bcov pracoval v&nbsp;kv\u011btnu 1921, jsou \u00favahy nejen o nebi, ale i o tom, co se d\u011bje na zemi: <em>\u201eAle v&nbsp;noci, kdy\u017e se ji\u017en\u00ed nebe rozho\u0159elo nespo\u010detn\u00fdmi sv\u011btly hv\u011bzd, jsme se d\u00edvali na dalek\u00e9 hv\u011bzdy a cht\u011bli jsme v&nbsp;nich naj\u00edt odpov\u011b\u010f na sv\u016fj zvl\u00e1\u0161tn\u00ed t\u011b\u017ek\u00fd osud. V\u017edy\u0165 ty stejn\u00e9 hv\u011bzdy se ve stejn\u00fd okam\u017eik d\u00edvaj\u00ed na na\u0161i drahou vlast, mohou je vid\u011bt na\u0161i bl\u00edzc\u00ed, kter\u00e9 jsme opustili. Ty sam\u00e9 hv\u011bzdy z\u00e1\u0159il<\/em><em>y nad Ruskem, kdy\u017e \u017eilo norm\u00e1ln\u00edm \u017eivotem, kdy\u017e kyp\u011bl rusk\u00fd trud a tv\u016fr\u010d\u00edm zp\u016fsobem pracovala rusk\u00e1 idea. Ale te\u010f je Rusko pon\u00ed\u017eeno, zpusto\u0161eno, idea je sev\u0159ena. Lid\u00e9 v\u011bdy a um\u011bn\u00ed um\u00edraj\u00ed hlady a my jsme opu\u0161t\u011bni na pust\u00e9m poloostrov\u011b.\u201c<\/em><\/p>\n\n\n\n<p>Zd\u00e1lo by se, \u017ee revoluce zbavila tyto lidi v\u0161eho, co m\u011bli, ale p\u0159eci jen od nich nemohla odejmout to hlavn\u00ed \u2013 jejich v\u00edru a jejich poznatky. Zubo\u017een\u00ed a polohladov\u00ed uprchl\u00edci v&nbsp;Gallipoli organizuj\u00ed Vy\u0161\u0161\u00ed obecn\u011b-vzd\u011bl\u00e1vac\u00ed kurzy. Sch\u00e1z\u00ed se v&nbsp;prostor\u00e1ch knihovny V\u0161erusk\u00e9ho svazu m\u011bst nad pos\u00e1dkovou j\u00eddelnou nebo ve vojensk\u00e9 \u010d\u00edt\u00e1rn\u011b, aby si vyslechli p\u0159edn\u00e1\u0161ky. Michail Viktorovi\u010d p\u0159edn\u00e1\u0161el astronomii: <em>\u201eCht\u011bl jsem pomoci sv\u00fdm bratr\u016fm v&nbsp;ne\u0161t\u011bst\u00ed porozum\u011bt knize hv\u011bzd. Sna\u017eil jsem se uk\u00e1zat, kolik museli lid\u00e9 vynalo\u017eit \u00fasil\u00ed a sv\u011b\u017e\u00ed tv\u016fr\u010d\u00ed my\u0161lenky, aby pochopili podstatu dalek\u00fdch nebesk\u00fdch t\u011bles.\u201c<\/em><a href=\"#_ftn3\"><sup>[3]<\/sup><\/a><\/p>\n\n\n\n<p>Koncem \u0159\u00edjna 1921 opou\u0161t\u00ed Michail Vasn\u011bcov spolu s&nbsp;dal\u0161\u00edmi uprchl\u00edky Gallipoli a odj\u00ed\u017ed\u00ed do Bulharska. <em>\u201eAbych \u0159ekl pravdu, bylo mi l\u00edto lou\u010dit se s&nbsp;Gallipoli,\u201c<\/em> p\u00ed\u0161e v&nbsp;den\u00edku 29. \u0159\u00edjna. <em>\u201eP\u0159eci jen jsem zde pro\u017eil rok. Je to mnoho m\u00edst: tureck\u00fd h\u0159bitov, cesta do Sergijevsk\u00e9ho u\u010dili\u0161t\u011b, rok jsem se proch\u00e1zel, p\u0159em\u00fd\u0161lel, smutnil. (\u2026) Nech\u00e1v\u00e1m zde \u010d\u00e1st du\u0161e.\u201c<\/em><\/p>\n\n\n\n<p>V&nbsp;roce 1922 se Michail Vasn\u011bcov us\u00eddlil v&nbsp;K\u0148a\u017eev\u011b nedaleko Sofie, v&nbsp;kv\u011btnu se p\u0159em\u00edstil do m\u011bste\u010dka Nova Zagora. \u017divot mu zatem\u0148ovaly nejen materi\u00e1ln\u00ed \u00fatrapy, ale i celkov\u00e1 situace a hlavn\u011b stesk po vlasti a po bl\u00edzk\u00fdch. Z&nbsp;jeho den\u00edku: <em>\u201e14. <\/em><em>kv\u011bten 1922 K\u0148a\u017eevo u Sofie. (\u2026) Pro\u010d jsem se stal emigrantem? V\u017edy\u0165 jsem se nikdy nezaj\u00edmal o politiku\u2026 Jak\u00e9 je tady z\u00e1zra\u010dn\u00e9 jaro, jak kr\u00e1sn\u00e9! Jen velmi osam\u011bl\u00e9 (\u2026). Miluji Rusko! 27. kv\u011btna 1922, Nov\u00e1 Zagora. (\u2026) Na srdci mi je \u0161patn\u011b. Je tu spousta komunist\u016f. Vztah nen\u00ed d\u016fle\u017eit\u00fd. V\u0161ichni n\u011bco \u010dekaj\u00ed. (\u2026) T\u011b\u017eko se d\u00e1 \u010dekat n\u011bco dobr\u00e9<\/em><em>ho.\u201c<\/em><em><\/em><\/p>\n\n\n\n<p>V&nbsp;\u0159\u00edjnu 1922 z\u00edskal Michail Vasn\u011bcov titul u\u010ditele matematiky a v\u011bdeck\u00e9ho asistenta na Technick\u00fdch kurzech v&nbsp;Sofii. Objevila se nad\u011bje na setk\u00e1n\u00ed s&nbsp;rodinou: Olga Vasiljevna dok\u00e1zala z\u00edskat povolen\u00ed na studijn\u00ed cestu do V\u00eddn\u011b a do Prahy. Syna vzala samoz\u0159ejm\u011b s&nbsp;sebou. Radostn\u00e9 op\u011btovn\u00e9 spojen\u00ed rodiny Vasn\u011bcovov\u00fdch se uskute\u010dnilo v pra\u017esk\u00e9m hotelu Ber\u00e1nek.<\/p>\n\n\n\n<p>Za\u010d\u00e1tkem prosince 1920 se uprchl\u00edci dostali do Gallipoli. Podm\u00ednky byly krajn\u011b obt\u00ed\u017en\u00e9, a to nejen prvn\u00ed dny a t\u00fddny po p\u0159\u00edjezdu.<\/p>\n\n\n\n<p><em>\u201e16. prosinec 1920. Gallipoli. (\u2026) Velk\u00e1 \u010d\u00e1st rusk\u00e9 arm\u00e1dy \u017eije v&nbsp;t\u00e1bo\u0159e. N\u00e1\u0161 Technick\u00fd pluk \u017eije ve m\u011bst\u011b. Na\u0161e z\u00e1kladna je um\u00edst\u011bna v&nbsp;jeskyni. J\u00e1 sp\u00edm v&nbsp;divadle, kde \u017eij\u00ed rodiny d\u016fstojn\u00edk\u016f. Ostatn\u00ed ob\u00fdvaj\u00ed rozbo\u0159en\u00e9 domy, stany, n\u011bkte\u0159\u00ed sp\u00ed pod otev\u0159en\u00fdm nebem. (\u2026) G\u00e1\u017ee se nevypl\u00e1c\u00ed. D\u00e1vaj\u00ed se p\u0159\u00edd\u011bly, va\u0159\u00ed se pol\u00e9vka. (\u2026) St\u00e1le je hlad. Ale \u017eijeme. (\u2026)<\/em><\/p>\n\n\n\n<p><em>24. \u00fanor 1921. Gallipoli. U\u017e v\u00edce ne\u017e dva m\u011bs\u00edce \u017eijeme zde na b\u0159ehu Dardanel. \u017dijeme v&nbsp;jeskyni jako pralid\u00e9 a zji\u0161\u0165ujeme, \u017ee zde \u017e\u00edt je je\u0161t\u011b dobr\u00e9.\u201c<\/em><\/p>\n\n\n\n<p>I kdy\u017e materi\u00e1ln\u00ed podm\u00ednky existence rusk\u00fdch uprchl\u00edk\u016f byly skute\u010dn\u011b bl\u00edzk\u00e9 t\u011bm prvobytn\u00fdm, o jejich duchovn\u00edm \u017eivot\u011b nic podobn\u00e9ho \u0159\u00edci nelze. Navzdory v\u0161em pot\u00ed\u017e\u00edm a utrpen\u00ed, kter\u00e9 se staly osudem jejich zem\u011b, nep\u0159est\u00e1vali lid\u00e9 v\u011b\u0159it, doufat a myslet. \u010cl\u00e1nek o astrofotografii, na n\u011bm\u017e Michail Vasn\u011bcov pracoval v&nbsp;kv\u011btnu 1921, jsou \u00favahy nejen o nebi, ale i o tom, co se d\u011bje na zemi: <em>\u201eAle v&nbsp;noci, kdy\u017e se ji\u017en\u00ed nebe rozho\u0159elo nespo\u010detn\u00fdmi sv\u011btly hv\u011bzd, jsme se d\u00edvali na dalek\u00e9 hv\u011bzdy a cht\u011bli jsme v&nbsp;nich naj\u00edt odpov\u011b\u010f na sv\u016fj zvl\u00e1\u0161tn\u00ed t\u011b\u017ek\u00fd osud. V\u017edy\u0165 ty stejn\u00e9 hv\u011bzdy se ve stejn\u00fd okam\u017eik d\u00edvaj\u00ed na na\u0161i drahou vlast, mohou je vid\u011bt na\u0161i bl\u00edzc\u00ed, kter\u00e9 jsme opustili. Ty sam\u00e9 hv\u011bzdy z\u00e1\u0159il<\/em><em>y<\/em><em> nad Ruskem, kdy\u017e \u017eilo norm\u00e1ln\u00edm \u017eivotem, kdy\u017e kyp\u011bl rusk\u00fd trud a tv\u016fr\u010d\u00edm zp\u016fsobem pracovala rusk\u00e1 idea. Ale te\u010f je Rusko pon\u00ed\u017eeno, zpusto\u0161eno, idea je sev\u0159ena. Lid\u00e9 v\u011bdy a um\u011bn\u00ed um\u00edraj\u00ed hlady a my jsme opu\u0161t\u011bni na pust\u00e9m poloostrov\u011b.\u201c<\/em><\/p>\n\n\n\n<p>Zd\u00e1lo by se, \u017ee revoluce zbavila tyto lidi v\u0161eho, co m\u011bli, ale p\u0159eci jen od nich nemohla odejmout to hlavn\u00ed \u2013 jejich v\u00edru a jejich poznatky. Zubo\u017een\u00ed a polohladov\u00ed uprchl\u00edci v&nbsp;Gallipoli organizuj\u00ed Vy\u0161\u0161\u00ed obecn\u011b-vzd\u011bl\u00e1vac\u00ed kurzy. Sch\u00e1z\u00ed se v&nbsp;prostor\u00e1ch knihovny V\u0161erusk\u00e9ho svazu m\u011bst nad pos\u00e1dkovou j\u00eddelnou nebo ve vojensk\u00e9 \u010d\u00edt\u00e1rn\u011b, aby si vyslechli p\u0159edn\u00e1\u0161ky. Michail Viktorovi\u010d p\u0159edn\u00e1\u0161el astronomii: <em>\u201eCht\u011bl jsem pomoci sv\u00fdm bratr\u016fm v&nbsp;ne\u0161t\u011bst\u00ed porozum\u011bt knize hv\u011bzd. Sna\u017eil jsem se uk\u00e1zat, kolik museli lid\u00e9 vynalo\u017eit \u00fasil\u00ed a sv\u011b\u017e\u00ed tv\u016fr\u010d\u00ed my\u0161lenky, aby pochopili podstatu dalek\u00fdch nebesk\u00fdch t\u011bles.\u201c<\/em><a href=\"#_ftn4\"><sup>[4]<\/sup><\/a><\/p>\n\n\n\n<p>Koncem \u0159\u00edjna 1921 opou\u0161t\u00ed Michail Vasn\u011bcov spolu s&nbsp;dal\u0161\u00edmi uprchl\u00edky Gallipoli a odj\u00ed\u017ed\u00ed do Bulharska. <em>\u201eAbych \u0159ekl pravdu, bylo mi l\u00edto lou\u010dit se s&nbsp;Gallipoli,\u201c<\/em> p\u00ed\u0161e v&nbsp;den\u00edku 29. \u0159\u00edjna. <em>\u201eP\u0159eci jen jsem zde pro\u017eil rok. Je to mnoho m\u00edst: tureck\u00fd h\u0159bitov, cesta do Sergijevsk\u00e9ho u\u010dili\u0161t\u011b, rok jsem se proch\u00e1zel, p\u0159em\u00fd\u0161lel, smutnil. (\u2026) Nech\u00e1v\u00e1m zde \u010d\u00e1st du\u0161e.\u201c<\/em><\/p>\n\n\n\n<p>V&nbsp;roce 1922 se Michail Vasn\u011bcov us\u00eddlil v&nbsp;K\u0148a\u017eev\u011b nedaleko Sofie, v&nbsp;kv\u011btnu se p\u0159em\u00edstil do m\u011bste\u010dka Nova Zagora. \u017divot mu zatem\u0148ovaly nejen materi\u00e1ln\u00ed \u00fatrapy, ale i celkov\u00e1 situace a hlavn\u011b stesk po vlasti a po bl\u00edzk\u00fdch. Z&nbsp;jeho den\u00edku: <em>\u201e14. <\/em><em>k<\/em><em>v\u011bten 1922 K\u0148a\u017eevo u Sofie. (\u2026) Pro\u010d jsem se stal emigrantem? V\u017edy\u0165 jsem se nikdy nezaj\u00edmal o politiku\u2026 Jak\u00e9 je tady z\u00e1zra\u010dn\u00e9 jaro, jak kr\u00e1sn\u00e9! Jen velmi osam\u011bl\u00e9 (\u2026). Miluji Rusko! 27. kv\u011btna 1922, Nov\u00e1 Zagora. (\u2026) Na srdci mi je \u0161patn\u011b. Je tu spousta komunist\u016f. Vztah nen\u00ed d\u016fle\u017eit\u00fd. V\u0161ichni n\u011bco \u010dekaj\u00ed. (\u2026) T\u011b\u017eko se d\u00e1 \u010dekat n\u011bco dobr\u00e9<\/em><em>ho.<\/em><em>\u201c<\/em><em><\/em><\/p>\n\n\n\n<p>V&nbsp;\u0159\u00edjnu 1922 z\u00edskal Michail Vasn\u011bcov titul u\u010ditele matematiky a v\u011bdeck\u00e9ho asistenta na Technick\u00fdch kurzech v&nbsp;Sofii. Objevila se nad\u011bje na setk\u00e1n\u00ed s&nbsp;rodinou: Olga Vasiljevna dok\u00e1zala z\u00edskat povolen\u00ed na studijn\u00ed cestu do V\u00eddn\u011b a do Prahy. Syna vzala samoz\u0159ejm\u011b s&nbsp;sebou. Radostn\u00e9 op\u011btovn\u00e9 spojen\u00ed rodiny Vasn\u011bcovov\u00fdch se uskute\u010dnilo v pra\u017esk\u00e9m hotelu Ber\u00e1nek.<\/p>\n\n\n\n<p>V&nbsp;\u010ceskoslovensku se Michail Vasn\u011bcov pono\u0159il do v\u011bdeck\u00e9 a osv\u011btov\u00e9 \u010dinnosti: pracoval na Rusk\u00e9 lidov\u00e9 univerzit\u011b v&nbsp;Praze a v&nbsp;Institutu experiment\u00e1ln\u00ed fyziky (Fysik\u00e1ln\u00ed \u00dastav) Karlovy univerzity. V&nbsp;polovin\u011b 20. let 20. stol. vych\u00e1z\u00ed na sv\u011btlo sv\u011bta n\u011bkolik jeho prac\u00ed v\u010detn\u011b Roz\u0161\u00ed\u0159en\u00ed spektr\u00e1ln\u00edch lini\u00ed (ve francouz\u0161tin\u011b) a Opakovac\u00edho kurzu matematiky (ve spolupr\u00e1ci s&nbsp;V. K. Mironovi\u010dem).<\/p>\n\n\n\n<p>Nem\u00e9n\u011b bohat\u00fdm byl i duchovn\u00ed \u017eivot rodiny Vasn\u011bcovov\u00fdch v&nbsp;Praze. Michail Viktorovi\u010d se aktivn\u011b zapojil do pr\u00e1ce Bratrstva pravoslavn\u00fdch rusk\u00fdch ob\u010dan\u016f pro p\u00e9\u010di a \u00fadr\u017ebu jejich hrob\u016f v&nbsp;\u010ceskoslovensku, byl jeho tajemn\u00edkem. Pova\u017eoval \u010dinnost bratrstva za tolik d\u016fle\u017eitou, \u017ee se k&nbsp;tomuto t\u00e9matu vracel i po jeho likvidaci v&nbsp;roce 1951. Olga Vasiljevna se aktivn\u011b \u00fa\u010dastnila na \u017eivot\u011b pravoslavn\u00e9ho podvo\u0159\u00ed, zalo\u017een\u00e9ho vladykou Sergijem. T\u00e9to pr\u00e1ci v\u011bnovala spoustu \u010dasu \u2013 \u0161ila bohoslu\u017eebn\u00fd od\u011bv, psala ikony, zp\u00edvala v&nbsp;chr\u00e1mov\u00e9m sboru nejen v&nbsp;Praze, ale i v&nbsp;jin\u00fdch m\u011bstech. Pr\u00e1v\u011b d\u00edky jej\u00edm z\u00e1sluh\u00e1m byly zaps\u00e1ny a pozd\u011bji redak\u010dn\u011b upraveny a p\u0159ipraveny k&nbsp;vyd\u00e1n\u00ed besedy vladyky Sergije.<\/p>\n\n\n\n<p>Zcela logick\u00fdm pokra\u010dov\u00e1n\u00edm t\u00e9to \u010dinnosti se stane i povol\u00e1n\u00ed Michaila Vasn\u011bcova k&nbsp;duchovensk\u00e9 slu\u017eb\u011b. Koncem roku 1932 ho vladyka Sergij vysv\u011btil na di\u00e1kona, jerejsk\u00e1 chirotonie pak byla vykon\u00e1na metropolitou Eulogijem 12. (25.) \u010dervna 1933 na sv\u00e1tek Nanebevstoupen\u00ed P\u00e1n\u011b.<\/p>\n\n\n\n<p>1. \u0159\u00edjna 1933 nab\u00eddl vladyka Sergij otci Michailovi, aby se s&nbsp;rodinou p\u0159est\u011bhoval na podvo\u0159\u00ed na ulici Maiselova 8. Pr\u00e1v\u011b tehdy se tento mal\u00fd byt bl\u00edzko chr\u00e1mu sv. Mikul\u00e1\u0161e na Starom\u011bstsk\u00e9m n\u00e1m\u011bst\u00ed stal skute\u010dn\u00fdm duchovn\u00edm pravoslavn\u00fdm centrem. Dve\u0159e bytu, ve kter\u00e9m \u017eil o. Michail s&nbsp;rodinou, byly v\u017edy otev\u0159eny doslova pro v\u0161echny. Konaly se zde besedy, p\u0159edn\u00e1\u0161ky, farn\u00ed shrom\u00e1\u017ed\u011bn\u00ed, \u010detly se akathisty, vykon\u00e1valy se molebny a panychidy. Lid\u00e9 p\u0159ich\u00e1zeli ke sv\u00e9mu past\u00fd\u0159i pro radu a duchovn\u00ed pou\u010den\u00ed, ale tak\u00e9 kv\u016fli b\u011b\u017en\u00e9mu du\u0161evn\u00edmu souzn\u011bn\u00ed, kter\u00e9 tak mnoh\u00fdm chyb\u011blo ve sv\u00e9 domovin\u011b. \u010casto na podvo\u0159\u00ed ob\u011bdvaly des\u00edtky lid\u00ed, drobn\u00e9ho poho\u0161t\u011bn\u00ed se dost\u00e1valo 120 i v\u00edce lidem. Nikomu nechyb\u011blo m\u00edsto, ale ani du\u0161evn\u00ed teplo, na \u010dem\u017e m\u011bla bezpochyby velkou z\u00e1sluhu Olga Vasiljevna.<\/p>\n\n\n\n<p>Krom\u011b oby\u010dejn\u00fdch v\u011b\u0159\u00edc\u00edch nav\u0161t\u011bvovali podvo\u0159\u00ed i zn\u00e1m\u00ed c\u00edrkevn\u00ed hierarchov\u00e9: metropolita Eulogij, metropolita z\u00e1h\u0159ebsk\u00fd Dositej, arcibiskup Vitalij, biskup chicagsk\u00fd Leontij, biskup pe\u010dersk\u00fd Jan, metropolita bulharsk\u00fd Stefan, metropolita Atanasij a dal\u0161\u00ed. Otec Michail p\u0159izn\u00e1val, \u017ee jedin\u00fdm m\u00edstem, kde bylo doma mo\u017eno pob\u00fdt o samot\u011b, aby se p\u0159ipravil na slu\u017ebu a pomodlil se p\u0159ed liturgi\u00ed, byla koupelna.<a href=\"#_ftn5\">[5]<\/a><\/p>\n\n\n\n<p>Syn Michaila Viktorovi\u010de a Olgy Vasiljevny Viktor si musel po ur\u010dit\u00e9m \u010dase pronajmout byt na jin\u00e9m m\u00edst\u011b. Byl studentem anglick\u00e9ho gymn\u00e1zia a pot\u00e9 \u010cesk\u00e9ho vy\u0161\u0161\u00edho u\u010den\u00ed technick\u00e9ho, a proto nebylo mo\u017en\u00e9, aby se p\u0159ipravoval ke studiu v&nbsp;podm\u00ednk\u00e1ch podvo\u0159\u00ed, kde byla neust\u00e1le spousta n\u00e1v\u0161t\u011bv. Otec Michail pokra\u010doval ve sv\u00e9 misijn\u00ed \u010dinnosti. M\u00edstem jeho slu\u017eby byl ur\u010den chr\u00e1m sv. Mikul\u00e1\u0161e na Starom\u011bstsk\u00e9m n\u00e1m\u011bst\u00ed.<\/p>\n\n\n\n<p>Rozhodnut\u00ed eparchi\u00e1ln\u00ed spr\u00e1vy pravoslavn\u00fdch rusk\u00fdch chr\u00e1m\u016f v&nbsp;z\u00e1padn\u00ed Evrop\u011b: <em>\u201eJeho P\u0159eosv\u00edcenosti P\u0159eosv\u00edcen\u00e9mu Sergiji, biskupu: kn\u011bz Michail Vasn\u011bcov se v&nbsp;souladu s&nbsp;jeho prosbou p\u0159ipojuje od 12. (25.) kv\u011btna 1933 k&nbsp;chr\u00e1mu sv. Mikul\u00e1\u0161e v&nbsp;Praze bez zaopat\u0159en\u00ed. O tom je Va\u0161\u00ed P\u0159eosv\u00edcenosti posl\u00e1no toto rozhodnut\u00ed. Metropolita Eulogij, 22. \u0159\u00edjen 1933.<\/em><a href=\"#_ftn6\">[6]<\/a><\/p>\n\n\n\n<p>\u201eKdy\u017e byl otec je\u0161t\u011b di\u00e1konem a r\u00e1no otv\u00edral chr\u00e1m na Starom\u011bstsk\u00e9m n\u00e1m\u011bst\u00ed,\u201c vyprav\u00ed duchovn\u00ed dcera otce Michaila Jelena Ivanovna Musatova, \u201ebylo tam podle jeho slov tak chladno, \u017ee voda p\u0159es noc zamrzala. V&nbsp;takov\u00fdch podm\u00ednk\u00e1ch slou\u017eili i na Ol\u0161anech. To a\u017e dnes se chr\u00e1my vyt\u00e1p\u00ed a t\u011b\u017eko si lze p\u0159edstavit surov\u00e9 podm\u00ednky, ve kter\u00fdch musel kn\u011bz slou\u017eit d\u0159\u00edv\u2026\u201c<a href=\"#_ftn7\">[7]<\/a><\/p>\n\n\n\n<p>Povinnosti o. Michaila se neomezovaly pouze na pra\u017esk\u00fd chr\u00e1m. Za vladyky Sergije \u010dasto slou\u017eil i v&nbsp;jin\u00fdch \u010deskoslovensk\u00fdch m\u011bstech, kam na chr\u00e1mov\u00e9 sv\u00e1tky p\u0159ij\u00ed\u017ed\u011bli pravoslavn\u00ed duchovn\u00ed. Karlovy Vary a okoln\u00ed l\u00e1ze\u0148sk\u00e1 m\u011bsta se nach\u00e1zela v&nbsp;jurisdikci metropolity Jevlogije a o. Michail tam \u010dasto tr\u00e1vil letn\u00ed m\u011bs\u00edce obvykle spolu s&nbsp;m\u00e1tu\u0161kou, kter\u00e1 zp\u00edvala v&nbsp;chr\u00e1mu a plnila dal\u0161\u00ed povinnosti. Na Paschu a Narozen\u00ed P\u00e1n\u011b tak\u00e9 \u010dasto jezdil do ostatn\u00edch \u010deskoslovensk\u00fdch m\u011bst, v&nbsp;roce 1935 byl dokonce do\u010dasn\u011b p\u0159id\u011blen do Bratislavy.<\/p>\n\n\n\n<p>Hodn\u011b pozornosti ud\u011bloval o. Michail \u010dinnosti \u201eUspensk\u00e9ho bratrstva\u201c (Bratrstvo pravoslavn\u00fdch rusk\u00fdch ob\u010dan\u016f pro p\u00e9\u010di a \u00fadr\u017ebu jejich hrob\u016f). Za v\u00e1lky to byla pr\u00e1ce nejen t\u011b\u017ek\u00e1, ale i nebezpe\u010dn\u00e1 a mnoz\u00ed od n\u00ed upustili \u2013 v&nbsp;kv\u011btnu 1939 m\u011blo bratrstvo asi 130 \u010dlen\u016f, ale v&nbsp;roce 1941 z\u016fstali jen jednotlivci. Za vysok\u00e9 lidsk\u00e9 kvality a z\u00e1sluhy p\u0159ed bratrstvem byl 22. kv\u011btna 1935 protojerej Michail Vasn\u011bcov zvolen jeho tajemn\u00edkem. Nacistick\u00e1 vl\u00e1da nel\u00edtostn\u011b sledovala \u010dinnost v\u0161ech ob\u010dansk\u00fdch organizac\u00ed na \u00fazem\u00ed protektor\u00e1tu \u010cechy a Morava. P\u0159edseda bratrstva archimandrita Isaakij byl vysl\u00fdch\u00e1n gestapem, kde musel dok\u00e1zat nepolitick\u00fd charakter bratrstva. Otec Michail ho podporoval ve v\u0161ech aktivit\u00e1ch, bojoval za zachov\u00e1n\u00ed majetku pravoslavn\u00e9 obce.<\/p>\n\n\n\n<p>Na zased\u00e1n\u00ed rady 17. \u00fanora 1943 sd\u011blil: <em>\u201e11. 11. 1942 vy\u0161el z\u00e1kon o sund\u00e1n\u00ed m\u011bd\u011bn\u00fdch \u010d\u00e1st\u00ed z&nbsp;budov. Podle tohoto z\u00e1kona bylo 19. 12. 1942 pod\u00e1no na pra\u017esk\u00fd magistr\u00e1t vysv\u011btlen\u00ed o m\u011bd\u011bn\u00fdch \u010d\u00e1stech na Uspensk\u00e9m chr\u00e1mu. 11. 2. 1943 byly pod\u00e1ny podrobn\u00e9 zpr\u00e1vy o charakteru a mno\u017estv\u00ed m\u011bdi na speci\u00e1ln\u011b zaslan\u00fdch formul\u00e1\u0159\u00edch. Podle bodu 4 a 5 \u00a7 1 tohoto z\u00e1kona se p\u0159edm\u011bty maj\u00edc\u00ed um\u011bleck\u00fd nebo historick\u00fd v\u00fdznam nemus\u00ed po\u010d\u00edtat dle rozhodnut\u00ed ministerstva hospod\u00e1\u0159stv\u00ed a pr\u00e1ce. S&nbsp;ohledem na to byly pod\u00e1ny dv\u011b prosby. Jedna skrz Vojenskou spr\u00e1vu na jm\u00e9no Protektora, druh\u00e1 sestaven\u00e1 Vladim\u00edrem Rafalsk\u00fdm v&nbsp;n\u011bm\u010din\u011b na ministerstvo hospod\u00e1\u0159stv\u00ed.<\/em><em> Rozhodnut\u00ed o um\u011bleck\u00e9 a historick\u00e9 hodnot\u011b budov bude nejsp\u00ed\u0161 z\u00e1viset na v\u00fdboru na ochranu pam\u00e1tek.\u201c<\/em><a href=\"#_ftn8\">[8]<\/a> M\u011bd\u011bn\u00e9 prvky chr\u00e1mu se poda\u0159ilo zachr\u00e1nit.<\/p>\n\n\n\n<p>Nav\u00edc b\u011bhem v\u00e1lky se prov\u00e1d\u011bla malba interi\u00e9ru chr\u00e1mu Zesnut\u00ed p\u0159esvat\u00e9 Bohorodice podle n\u00e1\u010drt\u016f v\u00fdznamn\u00e9ho um\u011blce I. J. Bilibina. \u201eB\u011bhem l\u00e9ta 1943 se nep\u0159etr\u017eit\u011b vedly pr\u00e1ce na v\u00fdmalb\u011b chr\u00e1mu,\u201c \u0159ekl protojerej Michail na zased\u00e1n\u00ed rady bratrstva 2. \u00fanora 1944. \u201eMal\u00ed\u0159em A. Rjazanovem byly na ji\u017en\u00ed zdi chr\u00e1mu namalov\u00e1ny fresky Ob\u011btov\u00e1n\u00ed P\u00e1n\u011b a Vzk\u0159\u00ed\u0161en\u00ed P\u00e1n\u011b, domaloval tak\u00e9 neukon\u010den\u00e9 \u010d\u00e1sti na v\u00fdchodn\u00ed a severn\u00ed zdi. R. Koryakin namaloval na ji\u017en\u00ed zdi K\u0159est P\u00e1n\u011b a Prom\u011bn\u011bn\u00ed, upravil na severn\u00ed zdi Vjezd do Jeruzal\u00e9ma podle pokyn\u016f T. Kosninsk\u00e9. K. Pjaskovsk\u00fd energicky pracoval na fresce Stra\u0161n\u00e9ho soudu na z\u00e1padn\u00ed zdi, namaloval t\u00e9m\u011b\u0159 celou st\u0159edn\u00ed a spodn\u00ed \u010d\u00e1st (asi 40 m\u00b2). Je t\u0159eba vyzdvihnout vysokou um\u011bleckou kvalitu jeho pr\u00e1ce.\u201c<a href=\"#_ftn9\">[9]<\/a><\/p>\n\n\n\n<p>V&nbsp;l\u00e9t\u011b 1944 byl rozpis chr\u00e1mu prakticky dokon\u010den. Chr\u00e1m Zesnut\u00ed p\u0159esvat\u00e9 Bohorodice z\u00edskal na um\u011bleck\u00e9 dokonalosti.<\/p>\n\n\n\n<p>Bratrstvo v\u0161ak bylo p\u0159eci jen 19. \u0159\u00edjna 1944 ofici\u00e1ln\u011b rozpu\u0161t\u011bno, ale o. Michail neklesal na duchu a po v\u00e1lce pokra\u010doval v&nbsp;obran\u011b ol\u0161ansk\u00e9ho chr\u00e1mu a bojoval za obnoven\u00ed Uspensk\u00e9ho bratrstva.<\/p>\n\n\n\n<p>Rok 1945 zm\u011bnil c\u00edrkevn\u00ed \u017eivot v&nbsp;Praze i rodinn\u00fd \u017eivot o. Michaila. Syn Vasn\u011bcovov\u00fdch Viktor byl uv\u011bzn\u011bn org\u00e1ny SMER\u0160 a posl\u00e1n do GULAGu. Olga Vasiljevna tak ji\u017e nikdy v\u00edc nevid\u011bla sv\u00e9 jedin\u00e9 d\u00edt\u011b.<\/p>\n\n\n\n<p>Chr\u00e1m na Starom\u011bstsk\u00e9m n\u00e1m\u011bst\u00ed byl p\u0159ed\u00e1n \u010ceskoslovensk\u00e9 c\u00edrkvi. Vladyka Sergej byl p\u0159eveden do V\u00eddn\u011b, v&nbsp;Praze p\u0159eb\u00fdval jen z\u0159\u00eddka, nap\u0159\u00edklad na posv\u011bcen\u00ed chr\u00e1mu sv. Mikul\u00e1\u0161e ve sklepn\u00edch prostor\u00e1ch Profesorsk\u00e9ho domu na Rooseveltov\u011b ulici v&nbsp;Dejvic\u00edch, kde se v&nbsp;t\u00e9 dob\u011b konaly pravoslavn\u00e9 bohoslu\u017eby. V&nbsp;roce 1946 tak otec Michail z\u016fstal jedin\u00fdm pokra\u010dovatelem past\u00fd\u0159sk\u00e9 tradice v&nbsp;Praze a lid\u00e9 se k&nbsp;n\u011bmu obraceli je\u0161t\u011b v\u00edc. Mal\u00e1 domovn\u00ed kaple sv. Mikul\u00e1\u0161e, pro kterou m\u00e1tu\u0161ka Olga Vasiljevna sama napsala ikony, byla v\u017edy pln\u00e1 v\u011b\u0159\u00edc\u00edch.<\/p>\n\n\n\n<p>N\u011bjak\u00fd \u010das u\u010dil otec Michail tak\u00e9 n\u00e1bo\u017eenstv\u00ed na \u0161kol\u00e1ch, neslou\u017eil jen v&nbsp;chr\u00e1mu sv. Mikul\u00e1\u0161e, ale i v&nbsp;chr\u00e1mu Zesnut\u00ed p\u0159esvat\u00e9 Bohorodice na Ol\u0161anech. Av\u0161ak materi\u00e1ln\u00ed zabezpe\u010den\u00ed rodiny z\u016fst\u00e1valo stejn\u011b jako d\u0159\u00edv obt\u00ed\u017en\u00fdm. V&nbsp;rozhodnut\u00ed exarchy Moskevsk\u00e9ho patriarch\u00e1tu v&nbsp;\u010ceskoslovensku arcibiskupa Jelevferije z&nbsp;9. \u010dervence 1945 o jmenov\u00e1n\u00ed otce Michaila kn\u011bzem p\u0159i chr\u00e1mu Zesnut\u00ed p\u0159esvat\u00e9 Bohorodice v&nbsp;Praze se o platu nep\u00ed\u0161e. Na podporu kn\u011b\u017esk\u00e9 rodiny odch\u00e1zela pouze mal\u00e1 \u010d\u00e1st dobrovoln\u00fdch c\u00edrkevn\u00edch p\u0159\u00edsp\u011bvk\u016f v\u011b\u0159\u00edc\u00edch, o \u010dem\u017e sv\u011bd\u010d\u00ed dochovan\u00fd dokument o samozdan\u011bn\u00ed v&nbsp;letech 1946\u221247. Situace se zm\u011bnila a\u017e v&nbsp;roce 1950. O tom sv\u011bd\u010d\u00ed zpr\u00e1va eparchi\u00e1ln\u00ed rady z&nbsp;21. z\u00e1\u0159\u00ed a dekret na ustanoven\u00ed na systematizovan\u00e9m m\u00edst\u011b z&nbsp;18. \u0159\u00edjna 1950, podepsan\u00fd metropolitou Jelevferijem.<a href=\"#_ftn10\">[10]<\/a><\/p>\n\n\n\n<p>Zm\u011bna byla nejsp\u00ed\u0161 spojen\u00e1 s&nbsp;t\u00edm, \u017ee v&nbsp;roce 1950 z\u00edskali Vasn\u011bcovovi \u010deskoslovensk\u00e9 ob\u010danstv\u00ed.<\/p>\n\n\n\n<p>V&nbsp;t\u00e9 dob\u011b tr\u00e1pily o. Michaila i jin\u00e9 starosti \u2013 b\u00e1l se, \u017ee se vznikem autokef\u00e1ln\u00ed \u010ceskoslovensk\u00e9 pravoslavn\u00e9 c\u00edrkve m\u016f\u017ee b\u00fdt pod n\u00ed p\u0159evedena i rusk\u00e1 farnost. <em>\u201eOb\u00e1v\u00e1m se,\u201c<\/em> p\u00ed\u0161e metropolitovi Jelevferiji 2. \u00fanora 1950, <em>\u201e\u017ee pravoslavn\u00e1 rusk\u00e1 farnost, kter\u00e1 vznikla v&nbsp;70. letech minul\u00e9ho stolet\u00ed a byla obnovena v&nbsp;roce 1921 p\u0159ed vznikem \u010cesk\u00e9 pravoslavn\u00e9 c\u00edrkve, zmiz\u00ed po z\u00edsk\u00e1n\u00ed autokefality bez zvl\u00e1\u0161tn\u00edho aktu pouze zm\u011bnou duchovn\u00edch.\u201c<\/em><\/p>\n\n\n\n<p>Protojerej Michail neust\u00e1le bojoval za pr\u00e1va Uspensk\u00e9ho bratrstva a obracel se na ministerstvo vnitra. A\u017e do roku 1951 byla snaha o obnoven\u00ed Bratrstva, ale nebyla korunov\u00e1na \u00fasp\u011bchem a otec Michail pokra\u010doval ve sv\u00e9 past\u00fd\u0159sk\u00e9 cest\u011b a staral se o pastvu p\u0159i chr\u00e1mu Zesnut\u00ed P\u0159esvat\u00e9 Bohorodice na Ol\u0161anech. \u201eB\u00e1\u0165u\u0161ka byl tak vzd\u011blan\u00fd, dalo se s n\u00edm promluvit doslova na jak\u00e9koliv t\u00e9ma,\u201c vzpom\u00edn\u00e1 jeho duchovn\u00ed dcera Jelena Ivanovna Musatova. \u201eSta\u010d\u00ed \u0159\u00edct jm\u00e9no n\u011bjak\u00e9ho b\u00e1sn\u00edka a otec u\u017e zarecituje jeho ver\u0161e. Ale hlavn\u011b to byl \u010dlov\u011bk velmi dobrosrde\u010dn\u00fd. Otec Michail nep\u0159edn\u00e1\u0161el pou\u010den\u00ed, mluvil jednodu\u0161e, p\u0159irozen\u011b. Ale jeho slova hned zah\u0159\u00e1la na du\u0161i, jako byste se bavili s velmi bl\u00edzk\u00fdm, p\u0159\u00edbuzn\u00fdm \u010dlov\u011bkem\u2026\u201c<a href=\"#_ftn11\">[11]<\/a><\/p>\n\n\n\n<p>Bytov\u00e9 podm\u00ednky v p\u0159\u00edzem\u00ed Profesorsk\u00e9ho domu v Dejvic\u00edch nebyly o moc lep\u0161\u00ed, ne\u017e na Podvo\u0159\u00ed na Maiselov\u011b ulici. Nep\u0159etr\u017eit\u00e1 pr\u00e1ce ku blahu c\u00edrkve, slo\u017eit\u00e9 bytov\u00e9 podm\u00ednky, nev\u011b\u0159\u00edc\u00ed skand\u00e1ln\u00ed sousedka a hlavn\u011b st\u00e1le trvaj\u00edc\u00ed bolest z osudu jedin\u00e9ho syna zhor\u0161ila zdrav\u00ed Olgy Vasilevny a za\u010dala se u n\u00ed rozv\u00edjet mozkov\u00e1 skler\u00f3za. Jej\u00ed osud j\u00ed nedop\u0159\u00e1l setk\u00e1n\u00ed se synem Viktorem, ale o. Michail se s n\u00edm nakonec setkal.<\/p>\n\n\n\n<p>Toto jedin\u00e9 setk\u00e1n\u00ed se uskute\u010dnilo v roce 1957, kdy o. Michail p\u0159ijel do Kyjeva, kde po osvobozen\u00ed z l\u00e1gru \u017eil Viktor s rodinou \u2013 \u017eenou Sv\u011btlanou Sergejevnou (za svobodna Tomilinou), s n\u00ed\u017e se sezn\u00e1mil b\u011bhem vyhnanstv\u00ed v Norilsku a synem pojmenovan\u00fdm podle d\u011bde\u010dka M\u00ed\u0161a. Pr\u00e1v\u011b b\u011bhem t\u00e9to cesty o. Michail pok\u0159til sv\u00e9ho vnuka.<\/p>\n\n\n\n<p>Ve stejn\u00e9m roce nav\u0161t\u00edvil o. Michail Moskvu. Zastavil se na ulici Vasn\u011bcovova 13 v dom\u011b, kter\u00fd slou\u017eil jako muzeum jeho otce, um\u011blce Viktora Vasn\u011bcova, tedy ve sv\u00e9m rodn\u00e9m dom\u011b. Setk\u00e1n\u00ed s rodn\u00fdm m\u011bstem, se sestrou a dal\u0161\u00edmi p\u0159\u00edbuzn\u00fdmi nazval o. Michail v dopise m\u00e1tu\u0161ce z\u00e1zrakem. Krom\u011b radostn\u00fdch n\u00e1v\u0161t\u011bv u bl\u00edzk\u00fdch se uskute\u010dnilo i n\u011bkolik setk\u00e1n\u00ed s duchovn\u00edmi, konkr\u00e9tn\u011b o. Michaila nav\u0161t\u00edvil biskup Afanasij (Secharov), nyn\u00ed kanonizovan\u00fd. Otec Michail se \u00fa\u010dastnil patriar\u0161\u00ed bohoslu\u017eby a byl tak\u00e9 pozv\u00e1n k patriarchovi Alexii (Simansk\u00e9mu).<\/p>\n\n\n\n<p>Olga Vasilevna se bohu\u017eel nemohla \u00fa\u010dastnit v\u0161ech t\u011bchto radostn\u00fdch a slavnostn\u00edch ud\u00e1lost\u00ed, byla t\u011b\u017ece nemocn\u00e1. Otec Michail byl do jej\u00edch posledn\u00edch dn\u00ed p\u0159i n\u00ed, sna\u017eil se ji ut\u011b\u0161ovat a posilovat, kategoricky odm\u00edtal, aby byla odvezena do nemocnice. Olga Vasilevna zesnula 27. \u010dervence 1961.<\/p>\n\n\n\n<p>Otec Michail pokra\u010doval ve sv\u00e9 pr\u00e1ci ku blahu c\u00edrkve nehled\u011b na st\u00e1\u0159\u00ed a nemoci. V dopise z 25. \u0159\u00edjna 1971 napsal: \u201eJe ze m\u011b do\u010dista sta\u0159ec. Bylo mi u\u017e 87 let. V\u0161echno je pro m\u011b ji\u017e t\u011b\u017ek\u00e9. B\u00fdv\u00e1m na v\u0161ech bohoslu\u017eb\u00e1ch v na\u0161\u00ed domovn\u00ed kapli. Ale slou\u017e\u00edm m\u00e1lo. A v\u017edy s jin\u00fdmi kn\u011b\u017e\u00edmi. Moje dobr\u00e1 pomocnice Lena se o m\u011b star\u00e1, jak ne ka\u017ed\u00e1 o sv\u00e9ho rodn\u00e9ho otce. Ale p\u016fl dne mus\u00ed pracovat v knihovn\u011b a \u010dasto z\u016fst\u00e1v\u00e1m s\u00e1m. \u010cten\u00ed je pro m\u011b t\u011b\u017ek\u00e9 kv\u016fli o\u010d\u00edm. \u010ctu pouze modlitebn\u00ed kn\u00ed\u017eku. Nebo jako te\u010f p\u00ed\u0161u dopis. P\u00e1n pom\u00e1h\u00e1.\u201c<a href=\"#_ftn12\">[12]<\/a><\/p>\n\n\n\n<p>Otec Michail m\u011bl obrovskou \u00factu nejen mezi v\u011b\u0159\u00edc\u00edmi, ale i ze strany duchovn\u00edch. M\u011bl up\u0159\u00edmn\u00fd p\u0159\u00e1telsk\u00fd vztah s bla\u017een\u011bj\u0161\u00edm vladykou metropolitou Dorotejem, kter\u00fd ho \u010dasto nav\u0161t\u011bvoval.<\/p>\n\n\n\n<p>Do posledn\u00edch dn\u00ed \u017eivota pokra\u010doval otec Michail ve sv\u00e9 slu\u017eb\u011b, pom\u00e1hal v\u011b\u0159\u00edc\u00edm, dokonce jezdil zaopat\u0159ovat jednu nemocnou, kter\u00e1 ho o to \u00fap\u011bnliv\u011b prosila. Ve\u010der 29. ledna 1972 se z\u00fa\u010dastnil celono\u010dn\u00edho bd\u011bn\u00ed na ned\u011bli o celn\u00e9m a farizeji a na n\u00e1sleduj\u00edc\u00ed r\u00e1no ti\u0161e zesnul. V ten den byl vladykou Dorotejem s kn\u011b\u017e\u00edmi p\u0159evle\u010den a ponech\u00e1n doma je\u0161t\u011b na dva dni. Poh\u0159eb byl stanoven na 7. \u00fanora, aby se ho mohl \u00fa\u010dastnit syn, kter\u00fd nakonec p\u0159ijel je\u0161t\u011b d\u0159\u00edv.<\/p>\n\n\n\n<p>Otec Michail Vasn\u011bcov je poh\u0159ben na pravoslavn\u00e9m h\u0159bitov\u011b u chr\u00e1mu Zesnut\u00ed P\u0159esvat\u00e9 Bohorodice na Ol\u0161anech v prvn\u00ed \u0159ad\u011b 19. sektoru vedle zn\u00e1m\u00fdch lid\u00ed t\u00e9 doby.<\/p>\n\n\n\n<p>Pam\u00e1tka na ct\u011bn\u00e9ho modlitebn\u00edka, autora \u0159ady teologick\u00fdch \u010dl\u00e1nk\u016f, velmi talentovan\u00e9ho \u010dlov\u011bka, milost\u00ed Bo\u017e\u00ed vybran\u00e9ho na kn\u011b\u017eskou slu\u017ebu protojereje Michaila Vasn\u011bcova \u017eije v na\u0161ich srdc\u00edch.<\/p>\n\n\n\n<p>1. ledna 2017, Plze\u0148<\/p>\n\n\n\n<p>prot. Mgr. Oleg Machn\u011bv<\/p>\n\n\n\n<hr class=\"wp-block-separator\"\/>\n\n\n\n<p><a href=\"#_ftnref1\">[1]<\/a> \u041d\u0435\u0441\u0442\u0435\u0440\u043e\u0432 \u041c. \u041e \u043f\u0435\u0440\u0435\u0436\u0438\u0442\u043e\u043c: 1862\u20131917 \u0433\u0433.: \u0432\u043e\u0441\u043f\u043e\u043c\u0438\u043d\u0430\u043d\u0438\u044f. \u041c., 2006<\/p>\n\n\n\n<p><a href=\"#_ftnref2\">[2]<\/a> \u0426\u0438\u0442. \u043f\u043e: <em>\u0414\u0430\u0443\u0432\u0430\u043b\u044c\u0434\u0435\u0440<\/em> \u0412.\u0424. <em>\u041c\u0438\u0445\u0430\u0438\u043b \u0412\u0438\u043a\u0442\u043e\u0440\u043e\u0432\u0438\u0447 \u0412\u0430\u0441\u043d\u0435\u0446\u043e\u0432<\/em> \/\/ \u041d\u0430\u0448\u0435 \u043d\u0430\u0441\u043b\u0435\u0434\u0438\u0435. 1991 . \u21164. \u0421. 19\u201326<\/p>\n\n\n\n<p><a href=\"#_ftnref3\">[3]<\/a> \u0426\u0438\u0442 \u043f\u043e: \u041c\u0443\u0441\u0430\u0442\u043e\u0432\u0430 \u0415. \u0418. \u041e\u0442\u0435\u0446 \u041c\u0438\u0445\u0430\u0438\u043b \u0412\u0430\u0441\u043d\u0435\u0446\u043e\u0432. \u2014 http:\/\/pravoslavnik.cz\/otec-mixail-vasnecov\/<\/p>\n\n\n\n<p><a href=\"#_ftnref4\">[4]<\/a> \u0426\u0438\u0442 \u043f\u043e: \u041c\u0443\u0441\u0430\u0442\u043e\u0432\u0430 \u0415. \u0418. \u041e\u0442\u0435\u0446 \u041c\u0438\u0445\u0430\u0438\u043b \u0412\u0430\u0441\u043d\u0435\u0446\u043e\u0432. \u2014 http:\/\/pravoslavnik.cz\/otec-mixail-vasnecov\/<\/p>\n\n\n\n<p><a href=\"#_ftnref5\">[5]<\/a> \u041e\u0431\u043c\u0438\u043d\u0441\u043a\u0430\u044f \u041c. \u0421\u0432\u044f\u0449\u0435\u043d\u043d\u044b\u0439 \u043e\u0431\u0435\u0442. \u0420\u0443\u0441\u0441\u043a\u043e\u0435 \u0441\u043b\u043e\u0432\u043e 5\u20136\/2005, \u041f\u0440\u0430\u0433\u0430<\/p>\n\n\n\n<p><a href=\"#_ftnref6\">[6]<\/a> \u0426\u0438\u0442 \u043f\u043e: \u041c\u0443\u0441\u0430\u0442\u043e\u0432\u0430 \u0415. \u0418. \u041e\u0442\u0435\u0446 \u041c\u0438\u0445\u0430\u0438\u043b \u0412\u0430\u0441\u043d\u0435\u0446\u043e\u0432. \u2014 http:\/\/pravoslavnik.cz\/otec-mixail-vasnecov\/<\/p>\n\n\n\n<p><a href=\"#_ftnref7\">[7]<\/a> \u0426\u0438\u0442. \u043f\u043e: \u041e\u0431\u043c\u0438\u043d\u0441\u043a\u0430\u044f \u041c. \u0421\u0432\u044f\u0449\u0435\u043d\u043d\u044b\u0439 \u043e\u0431\u0435\u0442. \u0420\u0443\u0441\u0441\u043a\u043e\u0435 \u0441\u043b\u043e\u0432\u043e 5\u20136\/2005, \u041f\u0440\u0430\u0433\u0430<\/p>\n\n\n\n<p><a href=\"#_ftnref8\">[8]<\/a> \u041f\u0440\u043e\u0442\u043e\u043a\u043e\u043b \u2116 83, 17.2.1943. \u0426\u0438\u0442. \u043f\u043e: \u0425\u0440\u0430\u043c \u0423\u0441\u043f\u0435\u043d\u0438\u044f \u041f\u0440\u0435\u0441\u0432\u044f\u0442\u043e\u0439 \u0411\u043e\u0433\u043e\u0440\u043e\u0434\u0438\u0446\u044b \u043d\u0430 \u041e\u043b\u044c\u0448\u0430\u043d\u0430\u0445 \u0432 \u041f\u0440\u0430\u0433\u0435 \u0438 \u0438\u0441\u0442\u043e\u0440\u0438\u044f \u0423\u0441\u043f\u0435\u043d\u0441\u043a\u043e\u0433\u043e \u0411\u0440\u0430\u0442\u0441\u0442\u0432\u0430. \u041f\u0440\u0430\u0433\u0430 2015<\/p>\n\n\n\n<p><a href=\"#_ftnref9\">[9]<\/a> \u041f\u0440\u043e\u0442\u043e\u043a\u043e\u043b \u2116 85, 2.2.1944. \u0426\u0438\u0442. \u043f\u043e: \u0425\u0440\u0430\u043c \u0423\u0441\u043f\u0435\u043d\u0438\u044f \u041f\u0440\u0435\u0441\u0432\u044f\u0442\u043e\u0439 \u0411\u043e\u0433\u043e\u0440\u043e\u0434\u0438\u0446\u044b \u043d\u0430 \u041e\u043b\u044c\u0448\u0430\u043d\u0430\u0445 \u0432 \u041f\u0440\u0430\u0433\u0435 \u0438 \u0438\u0441\u0442\u043e\u0440\u0438\u044f \u0423\u0441\u043f\u0435\u043d\u0441\u043a\u043e\u0433\u043e \u0411\u0440\u0430\u0442\u0441\u0442\u0432\u0430. \u041f\u0440\u0430\u0433\u0430 2015<\/p>\n\n\n\n<p><a href=\"#_ftnref10\">[10]<\/a> \u041c\u0443\u0441\u0430\u0442\u043e\u0432\u0430 \u0415. \u0418. \u041e\u0442\u0435\u0446 \u041c\u0438\u0445\u0430\u0438\u043b \u0412\u0430\u0441\u043d\u0435\u0446\u043e\u0432.<\/p>\n\n\n\n<p><a href=\"#_ftnref11\">[11]<\/a> \u0426\u0438\u0442. \u043f\u043e: \u041e\u0431\u043c\u0438\u043d\u0441\u043a\u0430\u044f \u041c. \u0421\u0432\u044f\u0449\u0435\u043d\u043d\u044b\u0439 \u043e\u0431\u0435\u0442. \u0420\u0443\u0441\u0441\u043a\u043e\u0435 \u0441\u043b\u043e\u0432\u043e 5\u20136\/2005, \u041f\u0440\u0430\u0433\u0430<\/p>\n\n\n\n<p><a href=\"#_ftnref12\">[12]<\/a> \u0422\u0430\u043c \u0436\u0435<\/p>\n\n\n\n<figure class=\"wp-block-gallery columns-3 is-cropped wp-block-gallery-1 is-layout-flex wp-block-gallery-is-layout-flex\"><ul class=\"blocks-gallery-grid\"><li class=\"blocks-gallery-item\"><figure><img loading=\"lazy\" decoding=\"async\" width=\"424\" height=\"600\" src=\"https:\/\/www.hlas-pravoslavi.cz\/wp-content\/uploads\/2021\/11\/R.jpg\" alt=\"\" data-id=\"307\" data-link=\"https:\/\/www.hlas-pravoslavi.cz\/?attachment_id=307#main\" class=\"wp-image-307\" srcset=\"https:\/\/www.hlas-pravoslavi.cz\/wp-content\/uploads\/2021\/11\/R.jpg 424w, https:\/\/www.hlas-pravoslavi.cz\/wp-content\/uploads\/2021\/11\/R-212x300.jpg 212w\" sizes=\"auto, (max-width: 424px) 100vw, 424px\" \/><\/figure><\/li><li class=\"blocks-gallery-item\"><figure><img loading=\"lazy\" decoding=\"async\" width=\"364\" height=\"600\" src=\"https:\/\/www.hlas-pravoslavi.cz\/wp-content\/uploads\/2021\/11\/R-1.jpg\" alt=\"\" data-id=\"308\" data-link=\"https:\/\/www.hlas-pravoslavi.cz\/?attachment_id=308#main\" class=\"wp-image-308\" srcset=\"https:\/\/www.hlas-pravoslavi.cz\/wp-content\/uploads\/2021\/11\/R-1.jpg 364w, https:\/\/www.hlas-pravoslavi.cz\/wp-content\/uploads\/2021\/11\/R-1-182x300.jpg 182w\" sizes=\"auto, (max-width: 364px) 100vw, 364px\" \/><\/figure><\/li><li class=\"blocks-gallery-item\"><figure><img loading=\"lazy\" decoding=\"async\" width=\"622\" height=\"600\" src=\"https:\/\/www.hlas-pravoslavi.cz\/wp-content\/uploads\/2021\/11\/R-2.jpg\" alt=\"\" data-id=\"309\" data-link=\"https:\/\/www.hlas-pravoslavi.cz\/?attachment_id=309#main\" class=\"wp-image-309\" srcset=\"https:\/\/www.hlas-pravoslavi.cz\/wp-content\/uploads\/2021\/11\/R-2.jpg 622w, https:\/\/www.hlas-pravoslavi.cz\/wp-content\/uploads\/2021\/11\/R-2-300x289.jpg 300w\" sizes=\"auto, (max-width: 622px) 100vw, 622px\" \/><\/figure><\/li><li class=\"blocks-gallery-item\"><figure><img loading=\"lazy\" decoding=\"async\" width=\"751\" height=\"572\" src=\"https:\/\/www.hlas-pravoslavi.cz\/wp-content\/uploads\/2021\/11\/R-3.jpg\" alt=\"\" data-id=\"310\" data-link=\"https:\/\/www.hlas-pravoslavi.cz\/?attachment_id=310#main\" class=\"wp-image-310\" srcset=\"https:\/\/www.hlas-pravoslavi.cz\/wp-content\/uploads\/2021\/11\/R-3.jpg 751w, https:\/\/www.hlas-pravoslavi.cz\/wp-content\/uploads\/2021\/11\/R-3-300x228.jpg 300w\" sizes=\"auto, (max-width: 751px) 100vw, 751px\" \/><\/figure><\/li><li class=\"blocks-gallery-item\"><figure><img loading=\"lazy\" decoding=\"async\" width=\"594\" height=\"600\" src=\"https:\/\/www.hlas-pravoslavi.cz\/wp-content\/uploads\/2021\/11\/R-4.jpg\" alt=\"\" data-id=\"311\" data-link=\"https:\/\/www.hlas-pravoslavi.cz\/?attachment_id=311#main\" class=\"wp-image-311\" srcset=\"https:\/\/www.hlas-pravoslavi.cz\/wp-content\/uploads\/2021\/11\/R-4.jpg 594w, https:\/\/www.hlas-pravoslavi.cz\/wp-content\/uploads\/2021\/11\/R-4-297x300.jpg 297w\" sizes=\"auto, (max-width: 594px) 100vw, 594px\" \/><\/figure><\/li><li class=\"blocks-gallery-item\"><figure><img loading=\"lazy\" decoding=\"async\" width=\"761\" height=\"545\" src=\"https:\/\/www.hlas-pravoslavi.cz\/wp-content\/uploads\/2021\/11\/R-6.jpg\" alt=\"\" data-id=\"312\" data-link=\"https:\/\/www.hlas-pravoslavi.cz\/?attachment_id=312#main\" class=\"wp-image-312\" srcset=\"https:\/\/www.hlas-pravoslavi.cz\/wp-content\/uploads\/2021\/11\/R-6.jpg 761w, https:\/\/www.hlas-pravoslavi.cz\/wp-content\/uploads\/2021\/11\/R-6-300x215.jpg 300w\" sizes=\"auto, (max-width: 761px) 100vw, 761px\" \/><\/figure><\/li><li class=\"blocks-gallery-item\"><figure><img loading=\"lazy\" decoding=\"async\" width=\"841\" height=\"600\" src=\"https:\/\/www.hlas-pravoslavi.cz\/wp-content\/uploads\/2021\/11\/R-5.jpg\" alt=\"\" data-id=\"313\" data-full-url=\"https:\/\/www.hlas-pravoslavi.cz\/wp-content\/uploads\/2021\/11\/R-5.jpg\" data-link=\"https:\/\/www.hlas-pravoslavi.cz\/?attachment_id=313#main\" class=\"wp-image-313\" srcset=\"https:\/\/www.hlas-pravoslavi.cz\/wp-content\/uploads\/2021\/11\/R-5.jpg 841w, https:\/\/www.hlas-pravoslavi.cz\/wp-content\/uploads\/2021\/11\/R-5-300x214.jpg 300w, https:\/\/www.hlas-pravoslavi.cz\/wp-content\/uploads\/2021\/11\/R-5-768x548.jpg 768w\" sizes=\"auto, (max-width: 841px) 100vw, 841px\" \/><\/figure><\/li><\/ul><\/figure>\n","protected":false},"excerpt":{"rendered":"<p>\u017divotn\u00ed p\u0159\u00edb\u011bh Michail Viktorovi\u010d Vasn\u011bcov se narodil v\u00a0Moskv\u011b 14. (27.) \u0159\u00edjna 1884 a jm\u00e9no dostal na po\u010dest sv\u00e9ho d\u011bde\u010dka, kn\u011bze Michaila Vasiljevi\u010de Vasn\u011bcova. Jeho rodina&hellip;<\/p>\n","protected":false},"author":1,"featured_media":314,"comment_status":"closed","ping_status":"open","sticky":false,"template":"","format":"standard","meta":{"footnotes":""},"categories":[26],"tags":[19,18,17],"class_list":["post-306","post","type-post","status-publish","format-standard","has-post-thumbnail","hentry","category-dejiny-nasi-cirkve","tag-2017-01","tag-2017-02","tag-2017-03","has-post-thumbnail-archive"],"_links":{"self":[{"href":"https:\/\/www.hlas-pravoslavi.cz\/index.php\/wp-json\/wp\/v2\/posts\/306","targetHints":{"allow":["GET"]}}],"collection":[{"href":"https:\/\/www.hlas-pravoslavi.cz\/index.php\/wp-json\/wp\/v2\/posts"}],"about":[{"href":"https:\/\/www.hlas-pravoslavi.cz\/index.php\/wp-json\/wp\/v2\/types\/post"}],"author":[{"embeddable":true,"href":"https:\/\/www.hlas-pravoslavi.cz\/index.php\/wp-json\/wp\/v2\/users\/1"}],"replies":[{"embeddable":true,"href":"https:\/\/www.hlas-pravoslavi.cz\/index.php\/wp-json\/wp\/v2\/comments?post=306"}],"version-history":[{"count":1,"href":"https:\/\/www.hlas-pravoslavi.cz\/index.php\/wp-json\/wp\/v2\/posts\/306\/revisions"}],"predecessor-version":[{"id":315,"href":"https:\/\/www.hlas-pravoslavi.cz\/index.php\/wp-json\/wp\/v2\/posts\/306\/revisions\/315"}],"wp:featuredmedia":[{"embeddable":true,"href":"https:\/\/www.hlas-pravoslavi.cz\/index.php\/wp-json\/wp\/v2\/media\/314"}],"wp:attachment":[{"href":"https:\/\/www.hlas-pravoslavi.cz\/index.php\/wp-json\/wp\/v2\/media?parent=306"}],"wp:term":[{"taxonomy":"category","embeddable":true,"href":"https:\/\/www.hlas-pravoslavi.cz\/index.php\/wp-json\/wp\/v2\/categories?post=306"},{"taxonomy":"post_tag","embeddable":true,"href":"https:\/\/www.hlas-pravoslavi.cz\/index.php\/wp-json\/wp\/v2\/tags?post=306"}],"curies":[{"name":"wp","href":"https:\/\/api.w.org\/{rel}","templated":true}]}}