{"id":2938,"date":"2024-08-10T10:10:41","date_gmt":"2024-08-10T09:10:41","guid":{"rendered":"https:\/\/www.hlas-pravoslavi.cz\/?p=2938"},"modified":"2024-08-20T12:10:52","modified_gmt":"2024-08-20T11:10:52","slug":"katolickou-cirkev-v-nemecku-v-roce-2023-oficialne-opustilo-vice-nez-400-000-lidi","status":"publish","type":"post","link":"https:\/\/www.hlas-pravoslavi.cz\/index.php\/2024\/08\/10\/katolickou-cirkev-v-nemecku-v-roce-2023-oficialne-opustilo-vice-nez-400-000-lidi\/","title":{"rendered":"Katolickou c\u00edrkev v N\u011bmecku v roce 2023 ofici\u00e1ln\u011b opustilo v\u00edce ne\u017e 400 000 lid\u00ed"},"content":{"rendered":"\n<p>V roce 2023 se 402 694 \u010dlen\u016f katolick\u00e9 c\u00edrkve v N\u011bmecku rozhodlo ofici\u00e1ln\u011b opustit svou c\u00edrkev, co\u017e nazna\u010duje hlubokou duchovn\u00ed krizi v zemi, uv\u00e1d\u00ed web Christian Post.<\/p>\n\n\n\n<p>N\u011bmeck\u00e1 katolick\u00e1 biskupsk\u00e1 konference, kter\u00e1 \u00fadaje zve\u0159ejnila, uvedla, \u017ee i kdy\u017e je toto \u010d\u00edslo obrovsk\u00e9, je men\u0161\u00ed ne\u017e \u201erekordn\u00ed\u201c \u010d\u00edslo z roku 2022, kdy katolickou c\u00edrkev ofici\u00e1ln\u011b opustilo 522 821 lid\u00ed.<\/p>\n\n\n\n<p>Jedn\u00edm z d\u016fvod\u016f masov\u00e9ho exodu z katolick\u00e9 c\u00edrkve je to, \u017ee n\u011bme\u010dt\u00ed ob\u010dan\u00e9 ofici\u00e1ln\u011b registrovan\u00ed jako katol\u00edci, protestanti nebo \u017eid\u00e9 mus\u00ed platit n\u00e1bo\u017eenskou da\u0148 ve v\u00fd\u0161i 8\u20139 % ze sv\u00e9 ro\u010dn\u00ed dan\u011b z p\u0159\u00edjmu (da\u0148 neplat\u00ed pouze lid\u00e9 s n\u00edzk\u00fdmi p\u0159\u00edjmy, nezam\u011bstnan\u00ed, d\u016fchodci, d\u011bti a studenti). B\u00fdval\u00ed \u010dlenov\u00e9 c\u00edrkve, kte\u0159\u00ed ofici\u00e1ln\u011b opustili svou denominaci, ji\u017e tuto da\u0148 platit nemus\u00ed.<\/p>\n\n\n\n<p>Navzdory neust\u00e1l\u00e9mu n\u00e1r\u016fstu po\u010dtu N\u011bmc\u016f, kte\u0159\u00ed se cht\u011bli rozej\u00edt s katolicismem, bylo v N\u011bmecku na konci roku 2023 podle n\u011bmeck\u00e9 katolick\u00e9 biskupsk\u00e9 konference p\u0159ibli\u017en\u011b 20,35 milionu ofici\u00e1ln\u00edch \u010dlen\u016f katolick\u00e9 c\u00edrkve.<\/p>\n\n\n\n<p>Jak uv\u00e1d\u00ed americk\u00fd National Catholic Reporter, hlavn\u00edm d\u016fvodem, pro\u010d statis\u00edce N\u011bmc\u016f opou\u0161t\u011bj\u00ed katolickou c\u00edrkev, je dlouhodob\u00e1 krize zp\u016fsoben\u00e1 skand\u00e1ly, zejm\u00e9na p\u0159\u00edpady pedofilie. V posledn\u00edch letech se mnoz\u00ed od katolick\u00e9 c\u00edrkve odvr\u00e1tili, proto\u017ee tento probl\u00e9m je st\u00e1le aktu\u00e1ln\u00ed. Dal\u0161\u00edm probl\u00e9mem je pokra\u010duj\u00edc\u00ed liberalizace \u0159\u00edmskokatolick\u00e9 c\u00edrkve v&nbsp;N\u011bmecku.<\/p>\n\n\n\n<p>Ve snaze vy\u0159e\u0161it krizi zah\u00e1jili n\u011bme\u010dt\u00ed katoli\u010dt\u00ed biskupov\u00e9 a zn\u00e1m\u00e1 laick\u00e1 organizace t\u0159\u00edletou \u201ereformn\u00ed\u201c kampa\u0148 zn\u00e1mou jako Synod\u00e1ln\u00ed cesta. Toto obdob\u00ed poznamenan\u00e9 hlubok\u00fdm nesouladem mezi liber\u00e1ln\u00edm a tradicionalistick\u00fdm hnut\u00edm v katolick\u00e9 c\u00edrkvi vyvrcholilo loni v\u00fdzvami, aby c\u00edrkev umo\u017enila \u017eehn\u00e1n\u00ed svazk\u016fm osob stejn\u00e9ho pohlav\u00ed navzdory nesouhlasu Vatik\u00e1nu.<\/p>\n\n\n\n<p>\u201eTato \u010d\u00edsla jsou alarmuj\u00edc\u00ed. Ukazuj\u00ed, \u017ee c\u00edrkev za\u017e\u00edv\u00e1 velkou krizi. Reformy samy o sob\u011b cel\u00fd probl\u00e9m nevy\u0159e\u0161\u00ed, ale bez nich se krize prohloub\u00ed. A proto jsou nutn\u00e9 zm\u011bny,\u201c \u0159ekl biskup Georg B\u00e4tzing z Limburgu, p\u0159edseda N\u011bmeck\u00e9 katolick\u00e9 biskupsk\u00e9 konference.<\/p>\n\n\n\n<p>Probl\u00e9m poklesu po\u010dtu farn\u00edk\u016f se net\u00fdk\u00e1 pouze katolick\u00e9 c\u00edrkve. Protestantsk\u00e1 c\u00edrkev v N\u011bmecku tak\u00e9 hl\u00e1sila v\u00fdrazn\u00fd pokles po\u010dtu sv\u00fdch ofici\u00e1ln\u00edch \u010dlen\u016f, v roce 2023 z&nbsp;c\u00edrkve vystoupilo p\u0159ibli\u017en\u011b 380&nbsp;000 lid\u00ed.<\/p>\n\n\n\n<p>V \u0159ad\u011b region\u016f Spojen\u00fdch st\u00e1t\u016f je zcela odli\u0161n\u00e1 situace ne\u017e v N\u011bmecku. Zat\u00edmco na severov\u00fdchod\u011b doch\u00e1z\u00ed k neust\u00e1l\u00e9mu poklesu \u010dlen\u016f katolick\u00e9 c\u00edrkve, oblasti jako ji\u017en\u00ed Florida zaznamen\u00e1vaj\u00ed r\u016fst, zp\u016fsoben\u00fd p\u0159ev\u00e1\u017en\u011b n\u00e1r\u016fstem hisp\u00e1nsk\u00e9 populace.<\/p>\n\n\n\n<p>Studie z&nbsp;roku 2023 uk\u00e1zala, \u017ee od roku 2008 do roku 2022 zaznamenalo \u0161est americk\u00fdch st\u00e1t\u016f \u2013 Vermont, Idaho, Oklahoma, Severn\u00ed Karol\u00edna, Arizona a Tennessee \u2013 n\u00e1r\u016fst po\u010dtu obyvatel, kte\u0159\u00ed se ozna\u010dovali za praktikuj\u00edc\u00ed katol\u00edky. Z\u00e1rove\u0148 ve st\u00e1tech jako Havaj a Connecticut do\u0161lo k v\u00fdrazn\u00e9mu poklesu po\u010dtu lid\u00ed, kte\u0159\u00ed se identifikuj\u00ed jako katol\u00edci.<\/p>\n\n\n\n<p>Co se t\u00fd\u010de t\u00fddenn\u00ed n\u00e1v\u0161t\u011bvnosti kostel\u016f, trendy se v USA r\u016fzn\u00ed, p\u0159i\u010dem\u017e st\u00e1ty jako Alja\u0161ka a Havaj zaznamenaly n\u00e1r\u016fst n\u00e1v\u0161t\u011bvnosti, ale st\u00e1ty jako Wyoming a Rhode Island maj\u00ed prudk\u00fd pokles.<\/p>\n\n\n\n<p>&nbsp;<a href=\"http:\/\/www.christianpost.com\">www.christianpost.com<\/a><\/p>\n","protected":false},"excerpt":{"rendered":"<p>V roce 2023 se 402 694 \u010dlen\u016f katolick\u00e9 c\u00edrkve v N\u011bmecku rozhodlo ofici\u00e1ln\u011b opustit svou c\u00edrkev, co\u017e nazna\u010duje hlubokou duchovn\u00ed krizi v zemi, uv\u00e1d\u00ed web&hellip;<\/p>\n","protected":false},"author":1,"featured_media":2939,"comment_status":"closed","ping_status":"open","sticky":false,"template":"","format":"standard","meta":{"footnotes":""},"categories":[10],"tags":[92],"class_list":["post-2938","post","type-post","status-publish","format-standard","has-post-thumbnail","hentry","category-zpravy-ze-sveta","tag-2024-07-08","has-post-thumbnail-archive"],"_links":{"self":[{"href":"https:\/\/www.hlas-pravoslavi.cz\/index.php\/wp-json\/wp\/v2\/posts\/2938","targetHints":{"allow":["GET"]}}],"collection":[{"href":"https:\/\/www.hlas-pravoslavi.cz\/index.php\/wp-json\/wp\/v2\/posts"}],"about":[{"href":"https:\/\/www.hlas-pravoslavi.cz\/index.php\/wp-json\/wp\/v2\/types\/post"}],"author":[{"embeddable":true,"href":"https:\/\/www.hlas-pravoslavi.cz\/index.php\/wp-json\/wp\/v2\/users\/1"}],"replies":[{"embeddable":true,"href":"https:\/\/www.hlas-pravoslavi.cz\/index.php\/wp-json\/wp\/v2\/comments?post=2938"}],"version-history":[{"count":1,"href":"https:\/\/www.hlas-pravoslavi.cz\/index.php\/wp-json\/wp\/v2\/posts\/2938\/revisions"}],"predecessor-version":[{"id":2940,"href":"https:\/\/www.hlas-pravoslavi.cz\/index.php\/wp-json\/wp\/v2\/posts\/2938\/revisions\/2940"}],"wp:featuredmedia":[{"embeddable":true,"href":"https:\/\/www.hlas-pravoslavi.cz\/index.php\/wp-json\/wp\/v2\/media\/2939"}],"wp:attachment":[{"href":"https:\/\/www.hlas-pravoslavi.cz\/index.php\/wp-json\/wp\/v2\/media?parent=2938"}],"wp:term":[{"taxonomy":"category","embeddable":true,"href":"https:\/\/www.hlas-pravoslavi.cz\/index.php\/wp-json\/wp\/v2\/categories?post=2938"},{"taxonomy":"post_tag","embeddable":true,"href":"https:\/\/www.hlas-pravoslavi.cz\/index.php\/wp-json\/wp\/v2\/tags?post=2938"}],"curies":[{"name":"wp","href":"https:\/\/api.w.org\/{rel}","templated":true}]}}