{"id":2935,"date":"2024-08-10T10:08:34","date_gmt":"2024-08-10T09:08:34","guid":{"rendered":"https:\/\/www.hlas-pravoslavi.cz\/?p=2935"},"modified":"2024-08-20T12:08:49","modified_gmt":"2024-08-20T11:08:49","slug":"v-monastyru-meteora-se-stavi-novy-chram","status":"publish","type":"post","link":"https:\/\/www.hlas-pravoslavi.cz\/index.php\/2024\/08\/10\/v-monastyru-meteora-se-stavi-novy-chram\/","title":{"rendered":"V\u00a0monast\u00fdru Meteora se stav\u00ed nov\u00fd chr\u00e1m"},"content":{"rendered":"\n<p>V&nbsp;pov\u011bstn\u00e9m monast\u00fdru Meteora, kter\u00fd se rozl\u00e9h\u00e1 na vrcholc\u00edch skal v oblasti Thes\u00e1lie v \u0158ecku, se poprv\u00e9 za posledn\u00edch 500 let stav\u00ed nov\u00fd chr\u00e1m.<\/p>\n\n\n\n<p>Na \u00fazem\u00ed monast\u00fdru Svat\u00e9 Trojice, jednoho za \u0161esti nyn\u00ed existuj\u00edc\u00edch v&nbsp;slavn\u00e9 horsk\u00e9 monast\u00fdrsk\u00e9 obci, stav\u00ed chr\u00e1m zasv\u011bcen\u00fd Uveden\u00ed p\u0159esvat\u00e9 Bohorodice do chr\u00e1mu.<\/p>\n\n\n\n<p>Mni\u0161i a poustevn\u00edci se tu za\u010dali usazovat ji\u017e od 11. stolet\u00ed, ale teprve o t\u0159i stolet\u00ed pozd\u011bji za\u010daly vznikat prvn\u00ed byzantsk\u00e9 monast\u00fdry. Jako prvn\u00ed byl postaven monast\u00fdr Metamorfosis, zalo\u017een\u00fd v roce 1356 mnichem Athanasiem z Athosu na sk\u00e1le ve v\u00fd\u0161ce 534 metry nad mo\u0159em. Monast\u00fdr byl nazv\u00e1n Megalon meteoro (Velk\u00fd vzn\u00e1\u0161ej\u00edc\u00ed se). Podle n\u011bj se pak mno\u017en\u00e9 \u010d\u00edslo \u201emeteora\u201c za\u010dalo pou\u017e\u00edvat pro v\u0161echny zdej\u0161\u00ed monast\u00fdry. Nov\u00fd chr\u00e1m se stane prvn\u00edm za posledn\u00ed p\u016flstolet\u00ed. Jeho v\u00fdstavba by m\u011bla b\u00fdt dokon\u010dena v&nbsp;p\u0159\u00ed\u0161t\u00edm roce.<\/p>\n\n\n\n<p>www.trikalaola.gr<\/p>\n","protected":false},"excerpt":{"rendered":"<p>V&nbsp;pov\u011bstn\u00e9m monast\u00fdru Meteora, kter\u00fd se rozl\u00e9h\u00e1 na vrcholc\u00edch skal v oblasti Thes\u00e1lie v \u0158ecku, se poprv\u00e9 za posledn\u00edch 500 let stav\u00ed nov\u00fd chr\u00e1m. Na \u00fazem\u00ed&hellip;<\/p>\n","protected":false},"author":1,"featured_media":2936,"comment_status":"closed","ping_status":"open","sticky":false,"template":"","format":"standard","meta":{"footnotes":""},"categories":[10],"tags":[92],"class_list":["post-2935","post","type-post","status-publish","format-standard","has-post-thumbnail","hentry","category-zpravy-ze-sveta","tag-2024-07-08","has-post-thumbnail-archive"],"_links":{"self":[{"href":"https:\/\/www.hlas-pravoslavi.cz\/index.php\/wp-json\/wp\/v2\/posts\/2935","targetHints":{"allow":["GET"]}}],"collection":[{"href":"https:\/\/www.hlas-pravoslavi.cz\/index.php\/wp-json\/wp\/v2\/posts"}],"about":[{"href":"https:\/\/www.hlas-pravoslavi.cz\/index.php\/wp-json\/wp\/v2\/types\/post"}],"author":[{"embeddable":true,"href":"https:\/\/www.hlas-pravoslavi.cz\/index.php\/wp-json\/wp\/v2\/users\/1"}],"replies":[{"embeddable":true,"href":"https:\/\/www.hlas-pravoslavi.cz\/index.php\/wp-json\/wp\/v2\/comments?post=2935"}],"version-history":[{"count":1,"href":"https:\/\/www.hlas-pravoslavi.cz\/index.php\/wp-json\/wp\/v2\/posts\/2935\/revisions"}],"predecessor-version":[{"id":2937,"href":"https:\/\/www.hlas-pravoslavi.cz\/index.php\/wp-json\/wp\/v2\/posts\/2935\/revisions\/2937"}],"wp:featuredmedia":[{"embeddable":true,"href":"https:\/\/www.hlas-pravoslavi.cz\/index.php\/wp-json\/wp\/v2\/media\/2936"}],"wp:attachment":[{"href":"https:\/\/www.hlas-pravoslavi.cz\/index.php\/wp-json\/wp\/v2\/media?parent=2935"}],"wp:term":[{"taxonomy":"category","embeddable":true,"href":"https:\/\/www.hlas-pravoslavi.cz\/index.php\/wp-json\/wp\/v2\/categories?post=2935"},{"taxonomy":"post_tag","embeddable":true,"href":"https:\/\/www.hlas-pravoslavi.cz\/index.php\/wp-json\/wp\/v2\/tags?post=2935"}],"curies":[{"name":"wp","href":"https:\/\/api.w.org\/{rel}","templated":true}]}}