{"id":2932,"date":"2024-08-10T10:04:53","date_gmt":"2024-08-10T09:04:53","guid":{"rendered":"https:\/\/www.hlas-pravoslavi.cz\/?p=2932"},"modified":"2024-08-20T12:05:08","modified_gmt":"2024-08-20T11:05:08","slug":"rumunska-cirkev-svatorecila-16-mucedniku-vyznavacu-a-spravedlivych-20-stoleti","status":"publish","type":"post","link":"https:\/\/www.hlas-pravoslavi.cz\/index.php\/2024\/08\/10\/rumunska-cirkev-svatorecila-16-mucedniku-vyznavacu-a-spravedlivych-20-stoleti\/","title":{"rendered":"Rumunsk\u00e1 c\u00edrkev svato\u0159e\u010dila 16 mu\u010dedn\u00edk\u016f, vyznava\u010d\u016f a spravedliv\u00fdch 20. stolet\u00ed"},"content":{"rendered":"\n<p>Posv\u00e1tn\u00fd synod Rumunsk\u00e9 pravoslavn\u00e9 c\u00edrkve se na zased\u00e1n\u00ed ve dnech 11.\u201312. \u010dervence 2024 rozhodl prohl\u00e1sit za svat\u00e9 hned n\u011bkolik v\u00fdznamn\u00fdch osobnost\u00ed.<\/p>\n\n\n\n<p>Rumunsk\u00e1 c\u00edrkev se od roku 2021 p\u0159ipravuje na kanonizaci n\u011bkter\u00fdch velk\u00fdch starc\u016f a teolog\u016f, kte\u0159\u00ed trp\u011bli za svou v\u00edru za komunistick\u00e9ho re\u017eimu a jejich\u017e jm\u00e9na byla v posledn\u00edch letech postupn\u011b oznamov\u00e1na. Ofici\u00e1ln\u00ed oslavy u p\u0159\u00edle\u017eitosti jejich svato\u0159e\u010den\u00ed se uskute\u010dn\u00ed v roce 2025, kdy se bude slavit 140. v\u00fdro\u010d\u00ed uzn\u00e1n\u00ed autokefalie rumunsk\u00e9 c\u00edrkve a 100. v\u00fdro\u010d\u00ed zalo\u017een\u00ed rumunsk\u00e9ho patriarch\u00e1tu.<\/p>\n\n\n\n<p>Mezi nov\u00fdmi sv\u011btci je \u0161est mu\u010dedn\u00edk\u016f, \u010dty\u0159i vyznava\u010di a \u0161est spravedliv\u00fdch. Jedn\u00edm ze svato\u0159e\u010den\u00fdch je v\u00fdznamn\u00fd pravoslavn\u00fd teolog Dumitru St\u0103niloae, jen\u017e byl naz\u00fdv\u00e1n patriarchou rumunsk\u00e9 teologie. Je autorem Pravoslavn\u00e9 dogmatick\u00e9 teologie a p\u0159ekladatelem Filokalie, na n\u00ed\u017e pracoval spolu se sv\u00fdm \u017e\u00e1kem jeromonachem Arseniem (Boca), kter\u00fd je tak\u00e9 svato\u0159e\u010den jako svat\u00fd vyznava\u010d.<\/p>\n\n\n\n<p><a href=\"http:\/\/www.orthochristian.com\">www.orthochristian.com<\/a><\/p>\n","protected":false},"excerpt":{"rendered":"<p>Posv\u00e1tn\u00fd synod Rumunsk\u00e9 pravoslavn\u00e9 c\u00edrkve se na zased\u00e1n\u00ed ve dnech 11.\u201312. \u010dervence 2024 rozhodl prohl\u00e1sit za svat\u00e9 hned n\u011bkolik v\u00fdznamn\u00fdch osobnost\u00ed. Rumunsk\u00e1 c\u00edrkev se od&hellip;<\/p>\n","protected":false},"author":1,"featured_media":2933,"comment_status":"closed","ping_status":"open","sticky":false,"template":"","format":"standard","meta":{"footnotes":""},"categories":[10],"tags":[92],"class_list":["post-2932","post","type-post","status-publish","format-standard","has-post-thumbnail","hentry","category-zpravy-ze-sveta","tag-2024-07-08","has-post-thumbnail-archive"],"_links":{"self":[{"href":"https:\/\/www.hlas-pravoslavi.cz\/index.php\/wp-json\/wp\/v2\/posts\/2932","targetHints":{"allow":["GET"]}}],"collection":[{"href":"https:\/\/www.hlas-pravoslavi.cz\/index.php\/wp-json\/wp\/v2\/posts"}],"about":[{"href":"https:\/\/www.hlas-pravoslavi.cz\/index.php\/wp-json\/wp\/v2\/types\/post"}],"author":[{"embeddable":true,"href":"https:\/\/www.hlas-pravoslavi.cz\/index.php\/wp-json\/wp\/v2\/users\/1"}],"replies":[{"embeddable":true,"href":"https:\/\/www.hlas-pravoslavi.cz\/index.php\/wp-json\/wp\/v2\/comments?post=2932"}],"version-history":[{"count":1,"href":"https:\/\/www.hlas-pravoslavi.cz\/index.php\/wp-json\/wp\/v2\/posts\/2932\/revisions"}],"predecessor-version":[{"id":2934,"href":"https:\/\/www.hlas-pravoslavi.cz\/index.php\/wp-json\/wp\/v2\/posts\/2932\/revisions\/2934"}],"wp:featuredmedia":[{"embeddable":true,"href":"https:\/\/www.hlas-pravoslavi.cz\/index.php\/wp-json\/wp\/v2\/media\/2933"}],"wp:attachment":[{"href":"https:\/\/www.hlas-pravoslavi.cz\/index.php\/wp-json\/wp\/v2\/media?parent=2932"}],"wp:term":[{"taxonomy":"category","embeddable":true,"href":"https:\/\/www.hlas-pravoslavi.cz\/index.php\/wp-json\/wp\/v2\/categories?post=2932"},{"taxonomy":"post_tag","embeddable":true,"href":"https:\/\/www.hlas-pravoslavi.cz\/index.php\/wp-json\/wp\/v2\/tags?post=2932"}],"curies":[{"name":"wp","href":"https:\/\/api.w.org\/{rel}","templated":true}]}}