{"id":2363,"date":"2023-07-12T10:17:30","date_gmt":"2023-07-12T09:17:30","guid":{"rendered":"https:\/\/www.hlas-pravoslavi.cz\/?p=2363"},"modified":"2023-10-12T10:17:46","modified_gmt":"2023-10-12T09:17:46","slug":"z-programu-bohosluzeb-a-dalsich-aktivit-arcibiskupa-michala-v-cervenci-2023","status":"publish","type":"post","link":"https:\/\/www.hlas-pravoslavi.cz\/index.php\/2023\/07\/12\/z-programu-bohosluzeb-a-dalsich-aktivit-arcibiskupa-michala-v-cervenci-2023\/","title":{"rendered":"Z\u00a0programu bohoslu\u017eeb a dal\u0161\u00edch aktivit arcibiskupa Michala v\u00a0\u010dervenci 2023"},"content":{"rendered":"\n<p><strong>2. 7. 2023<\/strong> Arcibiskup pra\u017esk\u00fd a \u010desk\u00fdch zem\u00ed Michal podnikl cestu na Slovensko a v PCO Trebi\u0161ov slou\u017eil sv. liturgii spolu s\u00a0arcibiskupem michalovsko-ko\u0161ick\u00fdm Jurajem. Spolu s\u00a0arcibiskupy slou\u017eili mitr. prot. Vasi\u013e Bardzak, mitr. prot. Ladislav Bil\u00fd, jerej Radoslav Pajsij Lupian, arcidi\u00e1kon Maro\u0161 Hopta a protodi\u00e1kon Viliam Fencik. Na z\u00e1v\u011br liturgie se konal pr\u016fvod kolem chr\u00e1mu s\u00a0\u010dten\u00edm evangelia.<\/p>\n\n\n\n<figure class=\"wp-block-gallery has-nested-images columns-default is-cropped wp-block-gallery-1 is-layout-flex wp-block-gallery-is-layout-flex\">\n<figure class=\"wp-block-image size-large\"><a href=\"https:\/\/www.hlas-pravoslavi.cz\/wp-content\/uploads\/2023\/10\/2.07-1.jpg\" data-lbwps-width=\"720\" data-lbwps-height=\"960\" data-lbwps-srcsmall=\"http:\/\/www.hlas-pravoslavi.cz\/wp-content\/uploads\/2023\/10\/2.07-1-225x300.jpg\"><img loading=\"lazy\" decoding=\"async\" width=\"720\" height=\"960\" data-id=\"2364\" src=\"https:\/\/www.hlas-pravoslavi.cz\/wp-content\/uploads\/2023\/10\/2.07-1.jpg\" alt=\"\" class=\"wp-image-2364\" srcset=\"https:\/\/www.hlas-pravoslavi.cz\/wp-content\/uploads\/2023\/10\/2.07-1.jpg 720w, https:\/\/www.hlas-pravoslavi.cz\/wp-content\/uploads\/2023\/10\/2.07-1-225x300.jpg 225w\" sizes=\"auto, (max-width: 720px) 100vw, 720px\" \/><\/a><\/figure>\n\n\n\n<figure class=\"wp-block-image size-large\"><a href=\"https:\/\/www.hlas-pravoslavi.cz\/wp-content\/uploads\/2023\/10\/2.07-2.jpg\" data-lbwps-width=\"960\" data-lbwps-height=\"720\" data-lbwps-srcsmall=\"http:\/\/www.hlas-pravoslavi.cz\/wp-content\/uploads\/2023\/10\/2.07-2-300x225.jpg\"><img loading=\"lazy\" decoding=\"async\" width=\"960\" height=\"720\" data-id=\"2365\" src=\"https:\/\/www.hlas-pravoslavi.cz\/wp-content\/uploads\/2023\/10\/2.07-2.jpg\" alt=\"\" class=\"wp-image-2365\" srcset=\"https:\/\/www.hlas-pravoslavi.cz\/wp-content\/uploads\/2023\/10\/2.07-2.jpg 960w, https:\/\/www.hlas-pravoslavi.cz\/wp-content\/uploads\/2023\/10\/2.07-2-300x225.jpg 300w, https:\/\/www.hlas-pravoslavi.cz\/wp-content\/uploads\/2023\/10\/2.07-2-768x576.jpg 768w\" sizes=\"auto, (max-width: 960px) 100vw, 960px\" \/><\/a><\/figure>\n\n\n\n<figure class=\"wp-block-image size-large\"><a href=\"https:\/\/www.hlas-pravoslavi.cz\/wp-content\/uploads\/2023\/10\/2.07-3.jpg\" data-lbwps-width=\"2048\" data-lbwps-height=\"1153\" data-lbwps-srcsmall=\"http:\/\/www.hlas-pravoslavi.cz\/wp-content\/uploads\/2023\/10\/2.07-3-300x169.jpg\"><img loading=\"lazy\" decoding=\"async\" width=\"1024\" height=\"577\" data-id=\"2366\" src=\"https:\/\/www.hlas-pravoslavi.cz\/wp-content\/uploads\/2023\/10\/2.07-3-1024x577.jpg\" alt=\"\" class=\"wp-image-2366\" srcset=\"https:\/\/www.hlas-pravoslavi.cz\/wp-content\/uploads\/2023\/10\/2.07-3-1024x577.jpg 1024w, https:\/\/www.hlas-pravoslavi.cz\/wp-content\/uploads\/2023\/10\/2.07-3-300x169.jpg 300w, https:\/\/www.hlas-pravoslavi.cz\/wp-content\/uploads\/2023\/10\/2.07-3-768x432.jpg 768w, https:\/\/www.hlas-pravoslavi.cz\/wp-content\/uploads\/2023\/10\/2.07-3-1536x865.jpg 1536w, https:\/\/www.hlas-pravoslavi.cz\/wp-content\/uploads\/2023\/10\/2.07-3-1920x1081.jpg 1920w, https:\/\/www.hlas-pravoslavi.cz\/wp-content\/uploads\/2023\/10\/2.07-3.jpg 2048w\" sizes=\"auto, (max-width: 1024px) 100vw, 1024px\" \/><\/a><\/figure>\n<\/figure>\n\n\n\n<p><strong>5. 7. 2023 <\/strong>V\u00a0den st\u00e1tn\u00edho sv\u00e1tku arcibiskup Michal slou\u017eil sv. liturgii v\u00a0katedr\u00e1le sv. Cyrila a Metod\u011bje u p\u0159\u00edle\u017eitosti 1160. v\u00fdro\u010d\u00ed p\u0159\u00edchodu svat\u00fdch slovansk\u00fdch v\u011brozv\u011bst\u016f na na\u0161e \u00fazem\u00ed. Liturgie se z\u00fa\u010dastnilo p\u0159es 20 duchovn\u00edch z r\u016fzn\u00fdch kout\u016f na\u0161\u00ed eparchie a mnoho host\u016f ze zahrani\u010d\u00ed. Na z\u00e1v\u011br bohoslu\u017eby se arcibiskup obr\u00e1til ke v\u0161em p\u0159\u00edtomn\u00fdm s kr\u00e1tk\u00fdm proslovem. Vyj\u00e1d\u0159il vd\u011b\u010dnost duchovenstvu a v\u011b\u0159\u00edc\u00edm a ud\u011blil duchovn\u00edm pam\u00e1tn\u00e9 medaile sv. Cyrila a Metod\u011bje.<\/p>\n\n\n\n<figure class=\"wp-block-gallery has-nested-images columns-default is-cropped wp-block-gallery-2 is-layout-flex wp-block-gallery-is-layout-flex\">\n<figure class=\"wp-block-image size-large\"><a href=\"https:\/\/www.hlas-pravoslavi.cz\/wp-content\/uploads\/2023\/10\/5.07-1.jpg\" data-lbwps-width=\"1536\" data-lbwps-height=\"2048\" data-lbwps-srcsmall=\"http:\/\/www.hlas-pravoslavi.cz\/wp-content\/uploads\/2023\/10\/5.07-1-225x300.jpg\"><img loading=\"lazy\" decoding=\"async\" width=\"768\" height=\"1024\" data-id=\"2367\" src=\"https:\/\/www.hlas-pravoslavi.cz\/wp-content\/uploads\/2023\/10\/5.07-1-768x1024.jpg\" alt=\"\" class=\"wp-image-2367\" srcset=\"https:\/\/www.hlas-pravoslavi.cz\/wp-content\/uploads\/2023\/10\/5.07-1-768x1024.jpg 768w, https:\/\/www.hlas-pravoslavi.cz\/wp-content\/uploads\/2023\/10\/5.07-1-225x300.jpg 225w, https:\/\/www.hlas-pravoslavi.cz\/wp-content\/uploads\/2023\/10\/5.07-1-1152x1536.jpg 1152w, https:\/\/www.hlas-pravoslavi.cz\/wp-content\/uploads\/2023\/10\/5.07-1.jpg 1536w\" sizes=\"auto, (max-width: 768px) 100vw, 768px\" \/><\/a><\/figure>\n\n\n\n<figure class=\"wp-block-image size-large\"><a href=\"https:\/\/www.hlas-pravoslavi.cz\/wp-content\/uploads\/2023\/10\/5.07-2.jpg\" data-lbwps-width=\"2048\" data-lbwps-height=\"1536\" data-lbwps-srcsmall=\"http:\/\/www.hlas-pravoslavi.cz\/wp-content\/uploads\/2023\/10\/5.07-2-300x225.jpg\"><img loading=\"lazy\" decoding=\"async\" width=\"1024\" height=\"768\" data-id=\"2368\" src=\"https:\/\/www.hlas-pravoslavi.cz\/wp-content\/uploads\/2023\/10\/5.07-2-1024x768.jpg\" alt=\"\" class=\"wp-image-2368\" srcset=\"https:\/\/www.hlas-pravoslavi.cz\/wp-content\/uploads\/2023\/10\/5.07-2-1024x768.jpg 1024w, https:\/\/www.hlas-pravoslavi.cz\/wp-content\/uploads\/2023\/10\/5.07-2-300x225.jpg 300w, https:\/\/www.hlas-pravoslavi.cz\/wp-content\/uploads\/2023\/10\/5.07-2-768x576.jpg 768w, https:\/\/www.hlas-pravoslavi.cz\/wp-content\/uploads\/2023\/10\/5.07-2-1536x1152.jpg 1536w, https:\/\/www.hlas-pravoslavi.cz\/wp-content\/uploads\/2023\/10\/5.07-2-1920x1440.jpg 1920w, https:\/\/www.hlas-pravoslavi.cz\/wp-content\/uploads\/2023\/10\/5.07-2.jpg 2048w\" sizes=\"auto, (max-width: 1024px) 100vw, 1024px\" \/><\/a><\/figure>\n\n\n\n<figure class=\"wp-block-image size-large\"><a href=\"https:\/\/www.hlas-pravoslavi.cz\/wp-content\/uploads\/2023\/10\/5.07-3.jpg\" data-lbwps-width=\"2048\" data-lbwps-height=\"1536\" data-lbwps-srcsmall=\"http:\/\/www.hlas-pravoslavi.cz\/wp-content\/uploads\/2023\/10\/5.07-3-300x225.jpg\"><img loading=\"lazy\" decoding=\"async\" width=\"1024\" height=\"768\" data-id=\"2369\" src=\"https:\/\/www.hlas-pravoslavi.cz\/wp-content\/uploads\/2023\/10\/5.07-3-1024x768.jpg\" alt=\"\" class=\"wp-image-2369\" srcset=\"https:\/\/www.hlas-pravoslavi.cz\/wp-content\/uploads\/2023\/10\/5.07-3-1024x768.jpg 1024w, https:\/\/www.hlas-pravoslavi.cz\/wp-content\/uploads\/2023\/10\/5.07-3-300x225.jpg 300w, https:\/\/www.hlas-pravoslavi.cz\/wp-content\/uploads\/2023\/10\/5.07-3-768x576.jpg 768w, https:\/\/www.hlas-pravoslavi.cz\/wp-content\/uploads\/2023\/10\/5.07-3-1536x1152.jpg 1536w, https:\/\/www.hlas-pravoslavi.cz\/wp-content\/uploads\/2023\/10\/5.07-3-1920x1440.jpg 1920w, https:\/\/www.hlas-pravoslavi.cz\/wp-content\/uploads\/2023\/10\/5.07-3.jpg 2048w\" sizes=\"auto, (max-width: 1024px) 100vw, 1024px\" \/><\/a><\/figure>\n<\/figure>\n\n\n\n<p><strong>6. 7. 2023<\/strong> Vladyka Michal slou\u017eil sv. liturgii v\u00a0monast\u00fdru sv. Cyrila a Metod\u011bje v\u00a0Ho\u0159ovi\u010dk\u00e1ch. Na z\u00e1v\u011br arcibiskup poblahop\u0159\u00e1l p\u0159edstaven\u00e9mu monast\u00fdru archimandritovi Metod\u011bjovi k\u00a020. v\u00fdro\u010d\u00ed jeho kn\u011b\u017esk\u00e9 chirotonie.<\/p>\n\n\n\n<figure class=\"wp-block-gallery has-nested-images columns-default is-cropped wp-block-gallery-3 is-layout-flex wp-block-gallery-is-layout-flex\">\n<figure class=\"wp-block-image size-large\"><a href=\"https:\/\/www.hlas-pravoslavi.cz\/wp-content\/uploads\/2023\/10\/6.07-1.jpg\" data-lbwps-width=\"2048\" data-lbwps-height=\"1604\" data-lbwps-srcsmall=\"http:\/\/www.hlas-pravoslavi.cz\/wp-content\/uploads\/2023\/10\/6.07-1-300x235.jpg\"><img loading=\"lazy\" decoding=\"async\" width=\"1024\" height=\"802\" data-id=\"2370\" src=\"https:\/\/www.hlas-pravoslavi.cz\/wp-content\/uploads\/2023\/10\/6.07-1-1024x802.jpg\" alt=\"\" class=\"wp-image-2370\" srcset=\"https:\/\/www.hlas-pravoslavi.cz\/wp-content\/uploads\/2023\/10\/6.07-1-1024x802.jpg 1024w, https:\/\/www.hlas-pravoslavi.cz\/wp-content\/uploads\/2023\/10\/6.07-1-300x235.jpg 300w, https:\/\/www.hlas-pravoslavi.cz\/wp-content\/uploads\/2023\/10\/6.07-1-768x602.jpg 768w, https:\/\/www.hlas-pravoslavi.cz\/wp-content\/uploads\/2023\/10\/6.07-1-1536x1203.jpg 1536w, https:\/\/www.hlas-pravoslavi.cz\/wp-content\/uploads\/2023\/10\/6.07-1-1920x1504.jpg 1920w, https:\/\/www.hlas-pravoslavi.cz\/wp-content\/uploads\/2023\/10\/6.07-1.jpg 2048w\" sizes=\"auto, (max-width: 1024px) 100vw, 1024px\" \/><\/a><\/figure>\n\n\n\n<figure class=\"wp-block-image size-large\"><a href=\"https:\/\/www.hlas-pravoslavi.cz\/wp-content\/uploads\/2023\/10\/6.07-2.jpg\" data-lbwps-width=\"2048\" data-lbwps-height=\"1536\" data-lbwps-srcsmall=\"http:\/\/www.hlas-pravoslavi.cz\/wp-content\/uploads\/2023\/10\/6.07-2-300x225.jpg\"><img loading=\"lazy\" decoding=\"async\" width=\"1024\" height=\"768\" data-id=\"2371\" src=\"https:\/\/www.hlas-pravoslavi.cz\/wp-content\/uploads\/2023\/10\/6.07-2-1024x768.jpg\" alt=\"\" class=\"wp-image-2371\" srcset=\"https:\/\/www.hlas-pravoslavi.cz\/wp-content\/uploads\/2023\/10\/6.07-2-1024x768.jpg 1024w, https:\/\/www.hlas-pravoslavi.cz\/wp-content\/uploads\/2023\/10\/6.07-2-300x225.jpg 300w, https:\/\/www.hlas-pravoslavi.cz\/wp-content\/uploads\/2023\/10\/6.07-2-768x576.jpg 768w, https:\/\/www.hlas-pravoslavi.cz\/wp-content\/uploads\/2023\/10\/6.07-2-1536x1152.jpg 1536w, https:\/\/www.hlas-pravoslavi.cz\/wp-content\/uploads\/2023\/10\/6.07-2-1920x1440.jpg 1920w, https:\/\/www.hlas-pravoslavi.cz\/wp-content\/uploads\/2023\/10\/6.07-2.jpg 2048w\" sizes=\"auto, (max-width: 1024px) 100vw, 1024px\" \/><\/a><\/figure>\n<\/figure>\n\n\n\n<p><strong>7. 7. 2023<\/strong> V\u00a0den sv\u00e1tku sv. Jana K\u0159titele arcibiskup pra\u017esk\u00fd a \u010desk\u00fdch zem\u00ed Michal slou\u017eil sv. liturgii v\u00a0chr\u00e1mu Zv\u011bstov\u00e1n\u00ed p\u0159esvat\u00e9 Bohorodice Na Slupi, v\u00a0Praze 2.<\/p>\n\n\n\n<figure class=\"wp-block-gallery has-nested-images columns-default is-cropped wp-block-gallery-4 is-layout-flex wp-block-gallery-is-layout-flex\">\n<figure class=\"wp-block-image size-large\"><a href=\"https:\/\/www.hlas-pravoslavi.cz\/wp-content\/uploads\/2023\/10\/7.07-1.jpg\" data-lbwps-width=\"2048\" data-lbwps-height=\"1536\" data-lbwps-srcsmall=\"http:\/\/www.hlas-pravoslavi.cz\/wp-content\/uploads\/2023\/10\/7.07-1-300x225.jpg\"><img loading=\"lazy\" decoding=\"async\" width=\"1024\" height=\"768\" data-id=\"2372\" src=\"https:\/\/www.hlas-pravoslavi.cz\/wp-content\/uploads\/2023\/10\/7.07-1-1024x768.jpg\" alt=\"\" class=\"wp-image-2372\" srcset=\"https:\/\/www.hlas-pravoslavi.cz\/wp-content\/uploads\/2023\/10\/7.07-1-1024x768.jpg 1024w, https:\/\/www.hlas-pravoslavi.cz\/wp-content\/uploads\/2023\/10\/7.07-1-300x225.jpg 300w, https:\/\/www.hlas-pravoslavi.cz\/wp-content\/uploads\/2023\/10\/7.07-1-768x576.jpg 768w, https:\/\/www.hlas-pravoslavi.cz\/wp-content\/uploads\/2023\/10\/7.07-1-1536x1152.jpg 1536w, https:\/\/www.hlas-pravoslavi.cz\/wp-content\/uploads\/2023\/10\/7.07-1-1920x1440.jpg 1920w, https:\/\/www.hlas-pravoslavi.cz\/wp-content\/uploads\/2023\/10\/7.07-1.jpg 2048w\" sizes=\"auto, (max-width: 1024px) 100vw, 1024px\" \/><\/a><\/figure>\n\n\n\n<figure class=\"wp-block-image size-large\"><a href=\"https:\/\/www.hlas-pravoslavi.cz\/wp-content\/uploads\/2023\/10\/7.07-2.jpg\" data-lbwps-width=\"1600\" data-lbwps-height=\"1066\" data-lbwps-srcsmall=\"http:\/\/www.hlas-pravoslavi.cz\/wp-content\/uploads\/2023\/10\/7.07-2-300x200.jpg\"><img loading=\"lazy\" decoding=\"async\" width=\"1024\" height=\"682\" data-id=\"2373\" src=\"https:\/\/www.hlas-pravoslavi.cz\/wp-content\/uploads\/2023\/10\/7.07-2-1024x682.jpg\" alt=\"\" class=\"wp-image-2373\" srcset=\"https:\/\/www.hlas-pravoslavi.cz\/wp-content\/uploads\/2023\/10\/7.07-2-1024x682.jpg 1024w, https:\/\/www.hlas-pravoslavi.cz\/wp-content\/uploads\/2023\/10\/7.07-2-300x200.jpg 300w, https:\/\/www.hlas-pravoslavi.cz\/wp-content\/uploads\/2023\/10\/7.07-2-768x512.jpg 768w, https:\/\/www.hlas-pravoslavi.cz\/wp-content\/uploads\/2023\/10\/7.07-2-1536x1023.jpg 1536w, https:\/\/www.hlas-pravoslavi.cz\/wp-content\/uploads\/2023\/10\/7.07-2.jpg 1600w\" sizes=\"auto, (max-width: 1024px) 100vw, 1024px\" \/><\/a><\/figure>\n\n\n\n<figure class=\"wp-block-image size-large\"><a href=\"https:\/\/www.hlas-pravoslavi.cz\/wp-content\/uploads\/2023\/10\/7.07-3.jpg\" data-lbwps-width=\"1600\" data-lbwps-height=\"1066\" data-lbwps-srcsmall=\"http:\/\/www.hlas-pravoslavi.cz\/wp-content\/uploads\/2023\/10\/7.07-3-300x200.jpg\"><img loading=\"lazy\" decoding=\"async\" width=\"1024\" height=\"682\" data-id=\"2374\" src=\"https:\/\/www.hlas-pravoslavi.cz\/wp-content\/uploads\/2023\/10\/7.07-3-1024x682.jpg\" alt=\"\" class=\"wp-image-2374\" srcset=\"https:\/\/www.hlas-pravoslavi.cz\/wp-content\/uploads\/2023\/10\/7.07-3-1024x682.jpg 1024w, https:\/\/www.hlas-pravoslavi.cz\/wp-content\/uploads\/2023\/10\/7.07-3-300x200.jpg 300w, https:\/\/www.hlas-pravoslavi.cz\/wp-content\/uploads\/2023\/10\/7.07-3-768x512.jpg 768w, https:\/\/www.hlas-pravoslavi.cz\/wp-content\/uploads\/2023\/10\/7.07-3-1536x1023.jpg 1536w, https:\/\/www.hlas-pravoslavi.cz\/wp-content\/uploads\/2023\/10\/7.07-3.jpg 1600w\" sizes=\"auto, (max-width: 1024px) 100vw, 1024px\" \/><\/a><\/figure>\n<\/figure>\n\n\n\n<p><strong>8. 7. 2023 <\/strong>U p\u0159\u00edle\u017eitosti sv\u00e1tku sv. Ivana \u010cesk\u00e9ho se uskute\u010dnila tradi\u010dn\u00ed pou\u0165 k\u00a0jeskyni v\u00a0obci Svat\u00fd Jan pod Skalou, kde \u017eil tento v\u00fdznamn\u00fd poustevn\u00edk. Arcibiskup Michal zde spolu s\u00a0duchovn\u00edmi PPE slou\u017eil slavnostn\u00ed sv. liturgii. Na z\u00e1v\u011br bohoslu\u017eby se vladyka spolu s duchovenstvem a v\u011b\u0159\u00edc\u00edmi vydali proces\u00edm ke k\u0159\u00ed\u017ei, kter\u00fd se nach\u00e1z\u00ed u jeskyn\u011b, a pokropil v\u011b\u0159\u00edc\u00ed sv\u011bcenou vodou.<\/p>\n\n\n\n<figure class=\"wp-block-gallery has-nested-images columns-default is-cropped wp-block-gallery-5 is-layout-flex wp-block-gallery-is-layout-flex\">\n<figure class=\"wp-block-image size-large\"><a href=\"https:\/\/www.hlas-pravoslavi.cz\/wp-content\/uploads\/2023\/10\/8.07-1.jpg\" data-lbwps-width=\"1600\" data-lbwps-height=\"1066\" data-lbwps-srcsmall=\"http:\/\/www.hlas-pravoslavi.cz\/wp-content\/uploads\/2023\/10\/8.07-1-300x200.jpg\"><img loading=\"lazy\" decoding=\"async\" width=\"1024\" height=\"682\" data-id=\"2375\" src=\"https:\/\/www.hlas-pravoslavi.cz\/wp-content\/uploads\/2023\/10\/8.07-1-1024x682.jpg\" alt=\"\" class=\"wp-image-2375\" srcset=\"https:\/\/www.hlas-pravoslavi.cz\/wp-content\/uploads\/2023\/10\/8.07-1-1024x682.jpg 1024w, https:\/\/www.hlas-pravoslavi.cz\/wp-content\/uploads\/2023\/10\/8.07-1-300x200.jpg 300w, https:\/\/www.hlas-pravoslavi.cz\/wp-content\/uploads\/2023\/10\/8.07-1-768x512.jpg 768w, https:\/\/www.hlas-pravoslavi.cz\/wp-content\/uploads\/2023\/10\/8.07-1-1536x1023.jpg 1536w, https:\/\/www.hlas-pravoslavi.cz\/wp-content\/uploads\/2023\/10\/8.07-1.jpg 1600w\" sizes=\"auto, (max-width: 1024px) 100vw, 1024px\" \/><\/a><\/figure>\n\n\n\n<figure class=\"wp-block-image size-large\"><a href=\"https:\/\/www.hlas-pravoslavi.cz\/wp-content\/uploads\/2023\/10\/8.07-2.jpg\" data-lbwps-width=\"1600\" data-lbwps-height=\"1066\" data-lbwps-srcsmall=\"http:\/\/www.hlas-pravoslavi.cz\/wp-content\/uploads\/2023\/10\/8.07-2-300x200.jpg\"><img loading=\"lazy\" decoding=\"async\" width=\"1024\" height=\"682\" data-id=\"2377\" src=\"https:\/\/www.hlas-pravoslavi.cz\/wp-content\/uploads\/2023\/10\/8.07-2-1024x682.jpg\" alt=\"\" class=\"wp-image-2377\" srcset=\"https:\/\/www.hlas-pravoslavi.cz\/wp-content\/uploads\/2023\/10\/8.07-2-1024x682.jpg 1024w, https:\/\/www.hlas-pravoslavi.cz\/wp-content\/uploads\/2023\/10\/8.07-2-300x200.jpg 300w, https:\/\/www.hlas-pravoslavi.cz\/wp-content\/uploads\/2023\/10\/8.07-2-768x512.jpg 768w, https:\/\/www.hlas-pravoslavi.cz\/wp-content\/uploads\/2023\/10\/8.07-2-1536x1023.jpg 1536w, https:\/\/www.hlas-pravoslavi.cz\/wp-content\/uploads\/2023\/10\/8.07-2.jpg 1600w\" sizes=\"auto, (max-width: 1024px) 100vw, 1024px\" \/><\/a><\/figure>\n\n\n\n<figure class=\"wp-block-image size-large\"><a href=\"https:\/\/www.hlas-pravoslavi.cz\/wp-content\/uploads\/2023\/10\/8.07-3.jpg\" data-lbwps-width=\"2048\" data-lbwps-height=\"1536\" data-lbwps-srcsmall=\"http:\/\/www.hlas-pravoslavi.cz\/wp-content\/uploads\/2023\/10\/8.07-3-300x225.jpg\"><img loading=\"lazy\" decoding=\"async\" width=\"1024\" height=\"768\" data-id=\"2379\" src=\"https:\/\/www.hlas-pravoslavi.cz\/wp-content\/uploads\/2023\/10\/8.07-3-1024x768.jpg\" alt=\"\" class=\"wp-image-2379\" srcset=\"https:\/\/www.hlas-pravoslavi.cz\/wp-content\/uploads\/2023\/10\/8.07-3-1024x768.jpg 1024w, https:\/\/www.hlas-pravoslavi.cz\/wp-content\/uploads\/2023\/10\/8.07-3-300x225.jpg 300w, https:\/\/www.hlas-pravoslavi.cz\/wp-content\/uploads\/2023\/10\/8.07-3-768x576.jpg 768w, https:\/\/www.hlas-pravoslavi.cz\/wp-content\/uploads\/2023\/10\/8.07-3-1536x1152.jpg 1536w, https:\/\/www.hlas-pravoslavi.cz\/wp-content\/uploads\/2023\/10\/8.07-3-1920x1440.jpg 1920w, https:\/\/www.hlas-pravoslavi.cz\/wp-content\/uploads\/2023\/10\/8.07-3.jpg 2048w\" sizes=\"auto, (max-width: 1024px) 100vw, 1024px\" \/><\/a><\/figure>\n\n\n\n<figure class=\"wp-block-image size-large\"><a href=\"https:\/\/www.hlas-pravoslavi.cz\/wp-content\/uploads\/2023\/10\/8.07-4.jpg\" data-lbwps-width=\"1600\" data-lbwps-height=\"1066\" data-lbwps-srcsmall=\"http:\/\/www.hlas-pravoslavi.cz\/wp-content\/uploads\/2023\/10\/8.07-4-300x200.jpg\"><img loading=\"lazy\" decoding=\"async\" width=\"1024\" height=\"682\" data-id=\"2376\" src=\"https:\/\/www.hlas-pravoslavi.cz\/wp-content\/uploads\/2023\/10\/8.07-4-1024x682.jpg\" alt=\"\" class=\"wp-image-2376\" srcset=\"https:\/\/www.hlas-pravoslavi.cz\/wp-content\/uploads\/2023\/10\/8.07-4-1024x682.jpg 1024w, https:\/\/www.hlas-pravoslavi.cz\/wp-content\/uploads\/2023\/10\/8.07-4-300x200.jpg 300w, https:\/\/www.hlas-pravoslavi.cz\/wp-content\/uploads\/2023\/10\/8.07-4-768x512.jpg 768w, https:\/\/www.hlas-pravoslavi.cz\/wp-content\/uploads\/2023\/10\/8.07-4-1536x1023.jpg 1536w, https:\/\/www.hlas-pravoslavi.cz\/wp-content\/uploads\/2023\/10\/8.07-4.jpg 1600w\" sizes=\"auto, (max-width: 1024px) 100vw, 1024px\" \/><\/a><\/figure>\n\n\n\n<figure class=\"wp-block-image size-large\"><a href=\"https:\/\/www.hlas-pravoslavi.cz\/wp-content\/uploads\/2023\/10\/8.07-5.jpg\" data-lbwps-width=\"1600\" data-lbwps-height=\"1066\" data-lbwps-srcsmall=\"http:\/\/www.hlas-pravoslavi.cz\/wp-content\/uploads\/2023\/10\/8.07-5-300x200.jpg\"><img loading=\"lazy\" decoding=\"async\" width=\"1024\" height=\"682\" data-id=\"2378\" src=\"https:\/\/www.hlas-pravoslavi.cz\/wp-content\/uploads\/2023\/10\/8.07-5-1024x682.jpg\" alt=\"\" class=\"wp-image-2378\" srcset=\"https:\/\/www.hlas-pravoslavi.cz\/wp-content\/uploads\/2023\/10\/8.07-5-1024x682.jpg 1024w, https:\/\/www.hlas-pravoslavi.cz\/wp-content\/uploads\/2023\/10\/8.07-5-300x200.jpg 300w, https:\/\/www.hlas-pravoslavi.cz\/wp-content\/uploads\/2023\/10\/8.07-5-768x512.jpg 768w, https:\/\/www.hlas-pravoslavi.cz\/wp-content\/uploads\/2023\/10\/8.07-5-1536x1023.jpg 1536w, https:\/\/www.hlas-pravoslavi.cz\/wp-content\/uploads\/2023\/10\/8.07-5.jpg 1600w\" sizes=\"auto, (max-width: 1024px) 100vw, 1024px\" \/><\/a><\/figure>\n<\/figure>\n\n\n\n<p><strong>9. 7. 2023 <\/strong>Vladyka Michal nav\u0161t\u00edvil PCO Kol\u00edn, kde slou\u017eil sv. liturgii v\u00a0chr\u00e1mu sv. Proroka, P\u0159edch\u016fdce a K\u0159titele Jana. Na z\u00e1v\u011br bohoslu\u017eby arcibiskup ud\u011blil p\u0159edstaven\u00e9mu chr\u00e1mu mitr. prot. Mgr. Zoranu Drenovaci, fotografce Elen\u011b Slav\u011b, kter\u00e1 poskytuje ofici\u00e1ln\u00edm str\u00e1nk\u00e1m PPE kvalitn\u00ed a profesion\u00e1ln\u00ed fotografie z bohoslu\u017eeb Jeho Vysokop\u0159eosv\u00edcenosti, a n\u011bkolika farn\u00edk\u016fm pam\u011btn\u00ed medaili sv. Cyrila a Metod\u011bje.<\/p>\n\n\n\n<figure class=\"wp-block-gallery has-nested-images columns-2 is-cropped wp-block-gallery-6 is-layout-flex wp-block-gallery-is-layout-flex\">\n<figure class=\"wp-block-image size-large\"><a href=\"https:\/\/www.hlas-pravoslavi.cz\/wp-content\/uploads\/2023\/10\/9.07-1.jpg\" data-lbwps-width=\"1600\" data-lbwps-height=\"1066\" data-lbwps-srcsmall=\"http:\/\/www.hlas-pravoslavi.cz\/wp-content\/uploads\/2023\/10\/9.07-1-300x200.jpg\"><img loading=\"lazy\" decoding=\"async\" width=\"1024\" height=\"682\" data-id=\"2380\" src=\"https:\/\/www.hlas-pravoslavi.cz\/wp-content\/uploads\/2023\/10\/9.07-1-1024x682.jpg\" alt=\"\" class=\"wp-image-2380\" srcset=\"https:\/\/www.hlas-pravoslavi.cz\/wp-content\/uploads\/2023\/10\/9.07-1-1024x682.jpg 1024w, https:\/\/www.hlas-pravoslavi.cz\/wp-content\/uploads\/2023\/10\/9.07-1-300x200.jpg 300w, https:\/\/www.hlas-pravoslavi.cz\/wp-content\/uploads\/2023\/10\/9.07-1-768x512.jpg 768w, https:\/\/www.hlas-pravoslavi.cz\/wp-content\/uploads\/2023\/10\/9.07-1-1536x1023.jpg 1536w, https:\/\/www.hlas-pravoslavi.cz\/wp-content\/uploads\/2023\/10\/9.07-1.jpg 1600w\" sizes=\"auto, (max-width: 1024px) 100vw, 1024px\" \/><\/a><\/figure>\n\n\n\n<figure class=\"wp-block-image size-large\"><a href=\"https:\/\/www.hlas-pravoslavi.cz\/wp-content\/uploads\/2023\/10\/9.07-2.jpg\" data-lbwps-width=\"1600\" data-lbwps-height=\"1066\" data-lbwps-srcsmall=\"http:\/\/www.hlas-pravoslavi.cz\/wp-content\/uploads\/2023\/10\/9.07-2-300x200.jpg\"><img loading=\"lazy\" decoding=\"async\" width=\"1024\" height=\"682\" data-id=\"2382\" src=\"https:\/\/www.hlas-pravoslavi.cz\/wp-content\/uploads\/2023\/10\/9.07-2-1024x682.jpg\" alt=\"\" class=\"wp-image-2382\" srcset=\"https:\/\/www.hlas-pravoslavi.cz\/wp-content\/uploads\/2023\/10\/9.07-2-1024x682.jpg 1024w, https:\/\/www.hlas-pravoslavi.cz\/wp-content\/uploads\/2023\/10\/9.07-2-300x200.jpg 300w, https:\/\/www.hlas-pravoslavi.cz\/wp-content\/uploads\/2023\/10\/9.07-2-768x512.jpg 768w, https:\/\/www.hlas-pravoslavi.cz\/wp-content\/uploads\/2023\/10\/9.07-2-1536x1023.jpg 1536w, https:\/\/www.hlas-pravoslavi.cz\/wp-content\/uploads\/2023\/10\/9.07-2.jpg 1600w\" sizes=\"auto, (max-width: 1024px) 100vw, 1024px\" \/><\/a><\/figure>\n\n\n\n<figure class=\"wp-block-image size-large\"><a href=\"https:\/\/www.hlas-pravoslavi.cz\/wp-content\/uploads\/2023\/10\/9.07-3.jpg\" data-lbwps-width=\"960\" data-lbwps-height=\"640\" data-lbwps-srcsmall=\"http:\/\/www.hlas-pravoslavi.cz\/wp-content\/uploads\/2023\/10\/9.07-3-300x200.jpg\"><img loading=\"lazy\" decoding=\"async\" width=\"960\" height=\"640\" data-id=\"2381\" src=\"https:\/\/www.hlas-pravoslavi.cz\/wp-content\/uploads\/2023\/10\/9.07-3.jpg\" alt=\"\" class=\"wp-image-2381\" srcset=\"https:\/\/www.hlas-pravoslavi.cz\/wp-content\/uploads\/2023\/10\/9.07-3.jpg 960w, https:\/\/www.hlas-pravoslavi.cz\/wp-content\/uploads\/2023\/10\/9.07-3-300x200.jpg 300w, https:\/\/www.hlas-pravoslavi.cz\/wp-content\/uploads\/2023\/10\/9.07-3-768x512.jpg 768w\" sizes=\"auto, (max-width: 960px) 100vw, 960px\" \/><\/a><\/figure>\n\n\n\n<figure class=\"wp-block-image size-large\"><a href=\"https:\/\/www.hlas-pravoslavi.cz\/wp-content\/uploads\/2023\/10\/9.07-4.jpg\" data-lbwps-width=\"1600\" data-lbwps-height=\"1066\" data-lbwps-srcsmall=\"http:\/\/www.hlas-pravoslavi.cz\/wp-content\/uploads\/2023\/10\/9.07-4-300x200.jpg\"><img loading=\"lazy\" decoding=\"async\" width=\"1024\" height=\"682\" data-id=\"2383\" src=\"https:\/\/www.hlas-pravoslavi.cz\/wp-content\/uploads\/2023\/10\/9.07-4-1024x682.jpg\" alt=\"\" class=\"wp-image-2383\" srcset=\"https:\/\/www.hlas-pravoslavi.cz\/wp-content\/uploads\/2023\/10\/9.07-4-1024x682.jpg 1024w, https:\/\/www.hlas-pravoslavi.cz\/wp-content\/uploads\/2023\/10\/9.07-4-300x200.jpg 300w, https:\/\/www.hlas-pravoslavi.cz\/wp-content\/uploads\/2023\/10\/9.07-4-768x512.jpg 768w, https:\/\/www.hlas-pravoslavi.cz\/wp-content\/uploads\/2023\/10\/9.07-4-1536x1023.jpg 1536w, https:\/\/www.hlas-pravoslavi.cz\/wp-content\/uploads\/2023\/10\/9.07-4.jpg 1600w\" sizes=\"auto, (max-width: 1024px) 100vw, 1024px\" \/><\/a><\/figure>\n<\/figure>\n\n\n\n<p><strong>16. 7. 2023 <\/strong>V\u00a06. ned\u011bli po Pades\u00e1tnici arcibiskup Michal nav\u0161t\u00edvil PCO Mlad\u00e1 Boleslav \u2013 Deb\u0159, kde slou\u017eil sv. liturgii v\u00a0chr\u00e1mu sv. Barbory. Uskute\u010dnilo se tak\u00e9 sv\u011bcen\u00ed nov\u00e9ho prestolu a cel\u00e9ho chr\u00e1mu po rozs\u00e1hl\u00e9 rekonstrukci.<\/p>\n\n\n\n<figure class=\"wp-block-gallery has-nested-images columns-default is-cropped wp-block-gallery-7 is-layout-flex wp-block-gallery-is-layout-flex\">\n<figure class=\"wp-block-image size-large\"><a href=\"https:\/\/www.hlas-pravoslavi.cz\/wp-content\/uploads\/2023\/10\/16.07-1.jpg\" data-lbwps-width=\"1170\" data-lbwps-height=\"879\" data-lbwps-srcsmall=\"http:\/\/www.hlas-pravoslavi.cz\/wp-content\/uploads\/2023\/10\/16.07-1-300x225.jpg\"><img loading=\"lazy\" decoding=\"async\" width=\"1024\" height=\"769\" data-id=\"2384\" src=\"https:\/\/www.hlas-pravoslavi.cz\/wp-content\/uploads\/2023\/10\/16.07-1-1024x769.jpg\" alt=\"\" class=\"wp-image-2384\" srcset=\"https:\/\/www.hlas-pravoslavi.cz\/wp-content\/uploads\/2023\/10\/16.07-1-1024x769.jpg 1024w, https:\/\/www.hlas-pravoslavi.cz\/wp-content\/uploads\/2023\/10\/16.07-1-300x225.jpg 300w, https:\/\/www.hlas-pravoslavi.cz\/wp-content\/uploads\/2023\/10\/16.07-1-768x577.jpg 768w, https:\/\/www.hlas-pravoslavi.cz\/wp-content\/uploads\/2023\/10\/16.07-1.jpg 1170w\" sizes=\"auto, (max-width: 1024px) 100vw, 1024px\" \/><\/a><\/figure>\n\n\n\n<figure class=\"wp-block-image size-large\"><a href=\"https:\/\/www.hlas-pravoslavi.cz\/wp-content\/uploads\/2023\/10\/16.07-2.jpg\" data-lbwps-width=\"1536\" data-lbwps-height=\"2048\" data-lbwps-srcsmall=\"http:\/\/www.hlas-pravoslavi.cz\/wp-content\/uploads\/2023\/10\/16.07-2-225x300.jpg\"><img loading=\"lazy\" decoding=\"async\" width=\"768\" height=\"1024\" data-id=\"2385\" src=\"https:\/\/www.hlas-pravoslavi.cz\/wp-content\/uploads\/2023\/10\/16.07-2-768x1024.jpg\" alt=\"\" class=\"wp-image-2385\" srcset=\"https:\/\/www.hlas-pravoslavi.cz\/wp-content\/uploads\/2023\/10\/16.07-2-768x1024.jpg 768w, https:\/\/www.hlas-pravoslavi.cz\/wp-content\/uploads\/2023\/10\/16.07-2-225x300.jpg 225w, https:\/\/www.hlas-pravoslavi.cz\/wp-content\/uploads\/2023\/10\/16.07-2-1152x1536.jpg 1152w, https:\/\/www.hlas-pravoslavi.cz\/wp-content\/uploads\/2023\/10\/16.07-2.jpg 1536w\" sizes=\"auto, (max-width: 768px) 100vw, 768px\" \/><\/a><\/figure>\n\n\n\n<figure class=\"wp-block-image size-large\"><a href=\"https:\/\/www.hlas-pravoslavi.cz\/wp-content\/uploads\/2023\/10\/16.07-3.jpg\" data-lbwps-width=\"2048\" data-lbwps-height=\"1536\" data-lbwps-srcsmall=\"http:\/\/www.hlas-pravoslavi.cz\/wp-content\/uploads\/2023\/10\/16.07-3-300x225.jpg\"><img loading=\"lazy\" decoding=\"async\" width=\"1024\" height=\"768\" data-id=\"2386\" src=\"https:\/\/www.hlas-pravoslavi.cz\/wp-content\/uploads\/2023\/10\/16.07-3-1024x768.jpg\" alt=\"\" class=\"wp-image-2386\" srcset=\"https:\/\/www.hlas-pravoslavi.cz\/wp-content\/uploads\/2023\/10\/16.07-3-1024x768.jpg 1024w, https:\/\/www.hlas-pravoslavi.cz\/wp-content\/uploads\/2023\/10\/16.07-3-300x225.jpg 300w, https:\/\/www.hlas-pravoslavi.cz\/wp-content\/uploads\/2023\/10\/16.07-3-768x576.jpg 768w, https:\/\/www.hlas-pravoslavi.cz\/wp-content\/uploads\/2023\/10\/16.07-3-1536x1152.jpg 1536w, https:\/\/www.hlas-pravoslavi.cz\/wp-content\/uploads\/2023\/10\/16.07-3-1920x1440.jpg 1920w, https:\/\/www.hlas-pravoslavi.cz\/wp-content\/uploads\/2023\/10\/16.07-3.jpg 2048w\" sizes=\"auto, (max-width: 1024px) 100vw, 1024px\" \/><\/a><\/figure>\n\n\n\n<figure class=\"wp-block-image size-large\"><a href=\"https:\/\/www.hlas-pravoslavi.cz\/wp-content\/uploads\/2023\/10\/16.07-4.jpg\" data-lbwps-width=\"2048\" data-lbwps-height=\"1536\" data-lbwps-srcsmall=\"http:\/\/www.hlas-pravoslavi.cz\/wp-content\/uploads\/2023\/10\/16.07-4-300x225.jpg\"><img loading=\"lazy\" decoding=\"async\" width=\"1024\" height=\"768\" data-id=\"2387\" src=\"https:\/\/www.hlas-pravoslavi.cz\/wp-content\/uploads\/2023\/10\/16.07-4-1024x768.jpg\" alt=\"\" class=\"wp-image-2387\" srcset=\"https:\/\/www.hlas-pravoslavi.cz\/wp-content\/uploads\/2023\/10\/16.07-4-1024x768.jpg 1024w, https:\/\/www.hlas-pravoslavi.cz\/wp-content\/uploads\/2023\/10\/16.07-4-300x225.jpg 300w, https:\/\/www.hlas-pravoslavi.cz\/wp-content\/uploads\/2023\/10\/16.07-4-768x576.jpg 768w, https:\/\/www.hlas-pravoslavi.cz\/wp-content\/uploads\/2023\/10\/16.07-4-1536x1152.jpg 1536w, https:\/\/www.hlas-pravoslavi.cz\/wp-content\/uploads\/2023\/10\/16.07-4-1920x1440.jpg 1920w, https:\/\/www.hlas-pravoslavi.cz\/wp-content\/uploads\/2023\/10\/16.07-4.jpg 2048w\" sizes=\"auto, (max-width: 1024px) 100vw, 1024px\" \/><\/a><\/figure>\n\n\n\n<figure class=\"wp-block-image size-large\"><a href=\"https:\/\/www.hlas-pravoslavi.cz\/wp-content\/uploads\/2023\/10\/16.07-5.jpg\" data-lbwps-width=\"2048\" data-lbwps-height=\"1536\" data-lbwps-srcsmall=\"http:\/\/www.hlas-pravoslavi.cz\/wp-content\/uploads\/2023\/10\/16.07-5-300x225.jpg\"><img loading=\"lazy\" decoding=\"async\" width=\"1024\" height=\"768\" data-id=\"2388\" src=\"https:\/\/www.hlas-pravoslavi.cz\/wp-content\/uploads\/2023\/10\/16.07-5-1024x768.jpg\" alt=\"\" class=\"wp-image-2388\" srcset=\"https:\/\/www.hlas-pravoslavi.cz\/wp-content\/uploads\/2023\/10\/16.07-5-1024x768.jpg 1024w, https:\/\/www.hlas-pravoslavi.cz\/wp-content\/uploads\/2023\/10\/16.07-5-300x225.jpg 300w, https:\/\/www.hlas-pravoslavi.cz\/wp-content\/uploads\/2023\/10\/16.07-5-768x576.jpg 768w, https:\/\/www.hlas-pravoslavi.cz\/wp-content\/uploads\/2023\/10\/16.07-5-1536x1152.jpg 1536w, https:\/\/www.hlas-pravoslavi.cz\/wp-content\/uploads\/2023\/10\/16.07-5-1920x1440.jpg 1920w, https:\/\/www.hlas-pravoslavi.cz\/wp-content\/uploads\/2023\/10\/16.07-5.jpg 2048w\" sizes=\"auto, (max-width: 1024px) 100vw, 1024px\" \/><\/a><\/figure>\n<\/figure>\n\n\n\n<p><strong>23. 7. 2023 <\/strong>V\u00a07. ned\u011bli po Pades\u00e1tnici arcibiskup Michal slou\u017eil sv. liturgii v\u00a0katedr\u00e1le sv. Cyrila a Metod\u011bje.<\/p>\n\n\n\n<figure class=\"wp-block-gallery has-nested-images columns-default is-cropped wp-block-gallery-8 is-layout-flex wp-block-gallery-is-layout-flex\">\n<figure class=\"wp-block-image size-large\"><a href=\"https:\/\/www.hlas-pravoslavi.cz\/wp-content\/uploads\/2023\/10\/23.07-1.jpg\" data-lbwps-width=\"2048\" data-lbwps-height=\"1536\" data-lbwps-srcsmall=\"http:\/\/www.hlas-pravoslavi.cz\/wp-content\/uploads\/2023\/10\/23.07-1-300x225.jpg\"><img loading=\"lazy\" decoding=\"async\" width=\"1024\" height=\"768\" data-id=\"2389\" src=\"https:\/\/www.hlas-pravoslavi.cz\/wp-content\/uploads\/2023\/10\/23.07-1-1024x768.jpg\" alt=\"\" class=\"wp-image-2389\" srcset=\"https:\/\/www.hlas-pravoslavi.cz\/wp-content\/uploads\/2023\/10\/23.07-1-1024x768.jpg 1024w, https:\/\/www.hlas-pravoslavi.cz\/wp-content\/uploads\/2023\/10\/23.07-1-300x225.jpg 300w, https:\/\/www.hlas-pravoslavi.cz\/wp-content\/uploads\/2023\/10\/23.07-1-768x576.jpg 768w, https:\/\/www.hlas-pravoslavi.cz\/wp-content\/uploads\/2023\/10\/23.07-1-1536x1152.jpg 1536w, https:\/\/www.hlas-pravoslavi.cz\/wp-content\/uploads\/2023\/10\/23.07-1-1920x1440.jpg 1920w, https:\/\/www.hlas-pravoslavi.cz\/wp-content\/uploads\/2023\/10\/23.07-1.jpg 2048w\" sizes=\"auto, (max-width: 1024px) 100vw, 1024px\" \/><\/a><\/figure>\n\n\n\n<figure class=\"wp-block-image size-large\"><a href=\"https:\/\/www.hlas-pravoslavi.cz\/wp-content\/uploads\/2023\/10\/23.07-2.jpg\" data-lbwps-width=\"2048\" data-lbwps-height=\"1536\" data-lbwps-srcsmall=\"http:\/\/www.hlas-pravoslavi.cz\/wp-content\/uploads\/2023\/10\/23.07-2-300x225.jpg\"><img loading=\"lazy\" decoding=\"async\" width=\"1024\" height=\"768\" data-id=\"2390\" src=\"https:\/\/www.hlas-pravoslavi.cz\/wp-content\/uploads\/2023\/10\/23.07-2-1024x768.jpg\" alt=\"\" class=\"wp-image-2390\" srcset=\"https:\/\/www.hlas-pravoslavi.cz\/wp-content\/uploads\/2023\/10\/23.07-2-1024x768.jpg 1024w, https:\/\/www.hlas-pravoslavi.cz\/wp-content\/uploads\/2023\/10\/23.07-2-300x225.jpg 300w, https:\/\/www.hlas-pravoslavi.cz\/wp-content\/uploads\/2023\/10\/23.07-2-768x576.jpg 768w, https:\/\/www.hlas-pravoslavi.cz\/wp-content\/uploads\/2023\/10\/23.07-2-1536x1152.jpg 1536w, https:\/\/www.hlas-pravoslavi.cz\/wp-content\/uploads\/2023\/10\/23.07-2-1920x1440.jpg 1920w, https:\/\/www.hlas-pravoslavi.cz\/wp-content\/uploads\/2023\/10\/23.07-2.jpg 2048w\" sizes=\"auto, (max-width: 1024px) 100vw, 1024px\" \/><\/a><\/figure>\n<\/figure>\n\n\n\n<p><strong>30. 7. 2023 <\/strong>V\u00a08. ned\u011bli po Pades\u00e1tnici vladyka Michal nav\u0161t\u00edvil chr\u00e1m sv. proroka Eli\u00e1\u0161e v\u00a0Kladn\u011b, kde slou\u017eil sv. liturgii. Sv\u00e1tek proroka Eli\u00e1\u0161e se v\u00a0pravoslavn\u00e9 c\u00edrkvi slav\u00ed 2. srpna.<\/p>\n\n\n\n<figure class=\"wp-block-gallery has-nested-images columns-default is-cropped wp-block-gallery-9 is-layout-flex wp-block-gallery-is-layout-flex\">\n<figure class=\"wp-block-image size-large\"><a href=\"https:\/\/www.hlas-pravoslavi.cz\/wp-content\/uploads\/2023\/10\/30.07-1.jpg\" data-lbwps-width=\"2048\" data-lbwps-height=\"1536\" data-lbwps-srcsmall=\"http:\/\/www.hlas-pravoslavi.cz\/wp-content\/uploads\/2023\/10\/30.07-1-300x225.jpg\"><img loading=\"lazy\" decoding=\"async\" width=\"1024\" height=\"768\" data-id=\"2391\" src=\"https:\/\/www.hlas-pravoslavi.cz\/wp-content\/uploads\/2023\/10\/30.07-1-1024x768.jpg\" alt=\"\" class=\"wp-image-2391\" srcset=\"https:\/\/www.hlas-pravoslavi.cz\/wp-content\/uploads\/2023\/10\/30.07-1-1024x768.jpg 1024w, https:\/\/www.hlas-pravoslavi.cz\/wp-content\/uploads\/2023\/10\/30.07-1-300x225.jpg 300w, https:\/\/www.hlas-pravoslavi.cz\/wp-content\/uploads\/2023\/10\/30.07-1-768x576.jpg 768w, https:\/\/www.hlas-pravoslavi.cz\/wp-content\/uploads\/2023\/10\/30.07-1-1536x1152.jpg 1536w, https:\/\/www.hlas-pravoslavi.cz\/wp-content\/uploads\/2023\/10\/30.07-1-1920x1440.jpg 1920w, https:\/\/www.hlas-pravoslavi.cz\/wp-content\/uploads\/2023\/10\/30.07-1.jpg 2048w\" sizes=\"auto, (max-width: 1024px) 100vw, 1024px\" \/><\/a><\/figure>\n\n\n\n<figure class=\"wp-block-image size-large\"><a href=\"https:\/\/www.hlas-pravoslavi.cz\/wp-content\/uploads\/2023\/10\/30.07-2.jpg\" data-lbwps-width=\"2048\" data-lbwps-height=\"1536\" data-lbwps-srcsmall=\"http:\/\/www.hlas-pravoslavi.cz\/wp-content\/uploads\/2023\/10\/30.07-2-300x225.jpg\"><img loading=\"lazy\" decoding=\"async\" width=\"1024\" height=\"768\" data-id=\"2392\" src=\"https:\/\/www.hlas-pravoslavi.cz\/wp-content\/uploads\/2023\/10\/30.07-2-1024x768.jpg\" alt=\"\" class=\"wp-image-2392\" srcset=\"https:\/\/www.hlas-pravoslavi.cz\/wp-content\/uploads\/2023\/10\/30.07-2-1024x768.jpg 1024w, https:\/\/www.hlas-pravoslavi.cz\/wp-content\/uploads\/2023\/10\/30.07-2-300x225.jpg 300w, https:\/\/www.hlas-pravoslavi.cz\/wp-content\/uploads\/2023\/10\/30.07-2-768x576.jpg 768w, https:\/\/www.hlas-pravoslavi.cz\/wp-content\/uploads\/2023\/10\/30.07-2-1536x1152.jpg 1536w, https:\/\/www.hlas-pravoslavi.cz\/wp-content\/uploads\/2023\/10\/30.07-2-1920x1440.jpg 1920w, https:\/\/www.hlas-pravoslavi.cz\/wp-content\/uploads\/2023\/10\/30.07-2.jpg 2048w\" sizes=\"auto, (max-width: 1024px) 100vw, 1024px\" \/><\/a><\/figure>\n<\/figure>\n","protected":false},"excerpt":{"rendered":"<p>2. 7. 2023 Arcibiskup pra\u017esk\u00fd a \u010desk\u00fdch zem\u00ed Michal podnikl cestu na Slovensko a v PCO Trebi\u0161ov slou\u017eil sv. liturgii spolu s\u00a0arcibiskupem michalovsko-ko\u0161ick\u00fdm Jurajem. Spolu&hellip;<\/p>\n","protected":false},"author":1,"featured_media":0,"comment_status":"closed","ping_status":"open","sticky":false,"template":"","format":"standard","meta":{"footnotes":""},"categories":[1],"tags":[],"class_list":["post-2363","post","type-post","status-publish","format-standard","hentry","category-uncategorized"],"_links":{"self":[{"href":"https:\/\/www.hlas-pravoslavi.cz\/index.php\/wp-json\/wp\/v2\/posts\/2363","targetHints":{"allow":["GET"]}}],"collection":[{"href":"https:\/\/www.hlas-pravoslavi.cz\/index.php\/wp-json\/wp\/v2\/posts"}],"about":[{"href":"https:\/\/www.hlas-pravoslavi.cz\/index.php\/wp-json\/wp\/v2\/types\/post"}],"author":[{"embeddable":true,"href":"https:\/\/www.hlas-pravoslavi.cz\/index.php\/wp-json\/wp\/v2\/users\/1"}],"replies":[{"embeddable":true,"href":"https:\/\/www.hlas-pravoslavi.cz\/index.php\/wp-json\/wp\/v2\/comments?post=2363"}],"version-history":[{"count":1,"href":"https:\/\/www.hlas-pravoslavi.cz\/index.php\/wp-json\/wp\/v2\/posts\/2363\/revisions"}],"predecessor-version":[{"id":2393,"href":"https:\/\/www.hlas-pravoslavi.cz\/index.php\/wp-json\/wp\/v2\/posts\/2363\/revisions\/2393"}],"wp:attachment":[{"href":"https:\/\/www.hlas-pravoslavi.cz\/index.php\/wp-json\/wp\/v2\/media?parent=2363"}],"wp:term":[{"taxonomy":"category","embeddable":true,"href":"https:\/\/www.hlas-pravoslavi.cz\/index.php\/wp-json\/wp\/v2\/categories?post=2363"},{"taxonomy":"post_tag","embeddable":true,"href":"https:\/\/www.hlas-pravoslavi.cz\/index.php\/wp-json\/wp\/v2\/tags?post=2363"}],"curies":[{"name":"wp","href":"https:\/\/api.w.org\/{rel}","templated":true}]}}