{"id":2316,"date":"2023-09-09T11:27:05","date_gmt":"2023-09-09T10:27:05","guid":{"rendered":"https:\/\/www.hlas-pravoslavi.cz\/?p=2316"},"modified":"2023-10-09T11:27:13","modified_gmt":"2023-10-09T10:27:13","slug":"z-programu-bohosluzeb-a-dalsich-aktivit-arcibiskupa-michala-v-srpnu-2023","status":"publish","type":"post","link":"https:\/\/www.hlas-pravoslavi.cz\/index.php\/2023\/09\/09\/z-programu-bohosluzeb-a-dalsich-aktivit-arcibiskupa-michala-v-srpnu-2023\/","title":{"rendered":"Z\u00a0programu bohoslu\u017eeb a dal\u0161\u00edch aktivit arcibiskupa Michala v\u00a0srpnu 2023"},"content":{"rendered":"\n<p><strong>13. 8. 2023<\/strong> Arcibiskup pra\u017esk\u00fd a \u010desk\u00fdch zem\u00ed Michal podnikl cestu na Slovensko a v chr\u00e1mu sv. Panteleimona v Bardejovsk\u00fdch K\u00fape\u013eoch slou\u017eil sv. liturgii spolu s\u00a0Jeho Bla\u017eenost\u00ed Rostislavem, arcibiskupem pre\u0161ovsk\u00fdm, metropolitou \u010cesk\u00fdch zem\u00ed a Slovenska.<\/p>\n\n\n\n<figure class=\"wp-block-gallery has-nested-images columns-2 is-cropped wp-block-gallery-1 is-layout-flex wp-block-gallery-is-layout-flex\">\n<figure class=\"wp-block-image size-large\"><a href=\"https:\/\/www.hlas-pravoslavi.cz\/wp-content\/uploads\/2023\/10\/13.08-1-2.jpg\" data-lbwps-width=\"2046\" data-lbwps-height=\"1364\" data-lbwps-srcsmall=\"http:\/\/www.hlas-pravoslavi.cz\/wp-content\/uploads\/2023\/10\/13.08-1-2-300x200.jpg\"><img loading=\"lazy\" decoding=\"async\" width=\"1024\" height=\"683\" data-id=\"2337\" src=\"https:\/\/www.hlas-pravoslavi.cz\/wp-content\/uploads\/2023\/10\/13.08-1-2-1024x683.jpg\" alt=\"\" class=\"wp-image-2337\" srcset=\"https:\/\/www.hlas-pravoslavi.cz\/wp-content\/uploads\/2023\/10\/13.08-1-2-1024x683.jpg 1024w, https:\/\/www.hlas-pravoslavi.cz\/wp-content\/uploads\/2023\/10\/13.08-1-2-300x200.jpg 300w, https:\/\/www.hlas-pravoslavi.cz\/wp-content\/uploads\/2023\/10\/13.08-1-2-768x512.jpg 768w, https:\/\/www.hlas-pravoslavi.cz\/wp-content\/uploads\/2023\/10\/13.08-1-2-1536x1024.jpg 1536w, https:\/\/www.hlas-pravoslavi.cz\/wp-content\/uploads\/2023\/10\/13.08-1-2-1920x1280.jpg 1920w, https:\/\/www.hlas-pravoslavi.cz\/wp-content\/uploads\/2023\/10\/13.08-1-2.jpg 2046w\" sizes=\"auto, (max-width: 1024px) 100vw, 1024px\" \/><\/a><\/figure>\n\n\n\n<figure class=\"wp-block-image size-large\"><a href=\"https:\/\/www.hlas-pravoslavi.cz\/wp-content\/uploads\/2023\/10\/13.08-2-1.jpg\" data-lbwps-width=\"2046\" data-lbwps-height=\"1534\" data-lbwps-srcsmall=\"http:\/\/www.hlas-pravoslavi.cz\/wp-content\/uploads\/2023\/10\/13.08-2-1-300x225.jpg\"><img loading=\"lazy\" decoding=\"async\" width=\"1024\" height=\"768\" data-id=\"2336\" src=\"https:\/\/www.hlas-pravoslavi.cz\/wp-content\/uploads\/2023\/10\/13.08-2-1-1024x768.jpg\" alt=\"\" class=\"wp-image-2336\" srcset=\"https:\/\/www.hlas-pravoslavi.cz\/wp-content\/uploads\/2023\/10\/13.08-2-1-1024x768.jpg 1024w, https:\/\/www.hlas-pravoslavi.cz\/wp-content\/uploads\/2023\/10\/13.08-2-1-300x225.jpg 300w, https:\/\/www.hlas-pravoslavi.cz\/wp-content\/uploads\/2023\/10\/13.08-2-1-768x576.jpg 768w, https:\/\/www.hlas-pravoslavi.cz\/wp-content\/uploads\/2023\/10\/13.08-2-1-1536x1152.jpg 1536w, https:\/\/www.hlas-pravoslavi.cz\/wp-content\/uploads\/2023\/10\/13.08-2-1-1920x1440.jpg 1920w, https:\/\/www.hlas-pravoslavi.cz\/wp-content\/uploads\/2023\/10\/13.08-2-1.jpg 2046w\" sizes=\"auto, (max-width: 1024px) 100vw, 1024px\" \/><\/a><\/figure>\n\n\n\n<figure class=\"wp-block-image size-large\"><a href=\"https:\/\/www.hlas-pravoslavi.cz\/wp-content\/uploads\/2023\/10\/13.08-3-1.jpg\" data-lbwps-width=\"2046\" data-lbwps-height=\"1364\" data-lbwps-srcsmall=\"http:\/\/www.hlas-pravoslavi.cz\/wp-content\/uploads\/2023\/10\/13.08-3-1-300x200.jpg\"><img loading=\"lazy\" decoding=\"async\" width=\"1024\" height=\"683\" data-id=\"2335\" src=\"https:\/\/www.hlas-pravoslavi.cz\/wp-content\/uploads\/2023\/10\/13.08-3-1-1024x683.jpg\" alt=\"\" class=\"wp-image-2335\" srcset=\"https:\/\/www.hlas-pravoslavi.cz\/wp-content\/uploads\/2023\/10\/13.08-3-1-1024x683.jpg 1024w, https:\/\/www.hlas-pravoslavi.cz\/wp-content\/uploads\/2023\/10\/13.08-3-1-300x200.jpg 300w, https:\/\/www.hlas-pravoslavi.cz\/wp-content\/uploads\/2023\/10\/13.08-3-1-768x512.jpg 768w, https:\/\/www.hlas-pravoslavi.cz\/wp-content\/uploads\/2023\/10\/13.08-3-1-1536x1024.jpg 1536w, https:\/\/www.hlas-pravoslavi.cz\/wp-content\/uploads\/2023\/10\/13.08-3-1-1920x1280.jpg 1920w, https:\/\/www.hlas-pravoslavi.cz\/wp-content\/uploads\/2023\/10\/13.08-3-1.jpg 2046w\" sizes=\"auto, (max-width: 1024px) 100vw, 1024px\" \/><\/a><\/figure>\n\n\n\n<figure class=\"wp-block-image size-large\"><a href=\"https:\/\/www.hlas-pravoslavi.cz\/wp-content\/uploads\/2023\/10\/13.08-4-1.jpg\" data-lbwps-width=\"2048\" data-lbwps-height=\"1536\" data-lbwps-srcsmall=\"http:\/\/www.hlas-pravoslavi.cz\/wp-content\/uploads\/2023\/10\/13.08-4-1-300x225.jpg\"><img loading=\"lazy\" decoding=\"async\" width=\"1024\" height=\"768\" data-id=\"2334\" src=\"https:\/\/www.hlas-pravoslavi.cz\/wp-content\/uploads\/2023\/10\/13.08-4-1-1024x768.jpg\" alt=\"\" class=\"wp-image-2334\" srcset=\"https:\/\/www.hlas-pravoslavi.cz\/wp-content\/uploads\/2023\/10\/13.08-4-1-1024x768.jpg 1024w, https:\/\/www.hlas-pravoslavi.cz\/wp-content\/uploads\/2023\/10\/13.08-4-1-300x225.jpg 300w, https:\/\/www.hlas-pravoslavi.cz\/wp-content\/uploads\/2023\/10\/13.08-4-1-768x576.jpg 768w, https:\/\/www.hlas-pravoslavi.cz\/wp-content\/uploads\/2023\/10\/13.08-4-1-1536x1152.jpg 1536w, https:\/\/www.hlas-pravoslavi.cz\/wp-content\/uploads\/2023\/10\/13.08-4-1-1920x1440.jpg 1920w, https:\/\/www.hlas-pravoslavi.cz\/wp-content\/uploads\/2023\/10\/13.08-4-1.jpg 2048w\" sizes=\"auto, (max-width: 1024px) 100vw, 1024px\" \/><\/a><\/figure>\n<\/figure>\n\n\n\n<p><strong>19. 8. 2023 <\/strong>V\u00a0den sv\u00e1tku Prom\u011bn\u011bn\u00ed P\u00e1n\u011b arcibiskup Michal slou\u017eil sv. liturgii v\u00a0chr\u00e1mu Zv\u011bstov\u00e1n\u00ed p\u0159esvat\u00e9 Bohorodici Na Slupi, v\u00a0Praze 2. Po bohoslu\u017eb\u011b vladyka podle star\u00e9 pravoslavn\u00e9 tradice posv\u011btil ovoce p\u0159inesen\u00e9 v\u011b\u0159\u00edc\u00edmi.<\/p>\n\n\n\n<figure class=\"wp-block-gallery has-nested-images columns-default is-cropped wp-block-gallery-2 is-layout-flex wp-block-gallery-is-layout-flex\">\n<figure class=\"wp-block-image size-large\"><img loading=\"lazy\" decoding=\"async\" width=\"1024\" height=\"683\" data-id=\"2338\" src=\"https:\/\/www.hlas-pravoslavi.cz\/wp-content\/uploads\/2023\/10\/19.08-1-1-1024x683.jpg\" alt=\"\" class=\"wp-image-2338\" srcset=\"https:\/\/www.hlas-pravoslavi.cz\/wp-content\/uploads\/2023\/10\/19.08-1-1-1024x683.jpg 1024w, https:\/\/www.hlas-pravoslavi.cz\/wp-content\/uploads\/2023\/10\/19.08-1-1-300x200.jpg 300w, https:\/\/www.hlas-pravoslavi.cz\/wp-content\/uploads\/2023\/10\/19.08-1-1-768x512.jpg 768w, https:\/\/www.hlas-pravoslavi.cz\/wp-content\/uploads\/2023\/10\/19.08-1-1-1536x1024.jpg 1536w, https:\/\/www.hlas-pravoslavi.cz\/wp-content\/uploads\/2023\/10\/19.08-1-1-2048x1365.jpg 2048w, https:\/\/www.hlas-pravoslavi.cz\/wp-content\/uploads\/2023\/10\/19.08-1-1-1920x1280.jpg 1920w\" sizes=\"auto, (max-width: 1024px) 100vw, 1024px\" \/><\/figure>\n\n\n\n<figure class=\"wp-block-image size-large\"><img loading=\"lazy\" decoding=\"async\" width=\"1024\" height=\"683\" data-id=\"2339\" src=\"https:\/\/www.hlas-pravoslavi.cz\/wp-content\/uploads\/2023\/10\/19.08-2-1-1024x683.jpg\" alt=\"\" class=\"wp-image-2339\" srcset=\"https:\/\/www.hlas-pravoslavi.cz\/wp-content\/uploads\/2023\/10\/19.08-2-1-1024x683.jpg 1024w, https:\/\/www.hlas-pravoslavi.cz\/wp-content\/uploads\/2023\/10\/19.08-2-1-300x200.jpg 300w, https:\/\/www.hlas-pravoslavi.cz\/wp-content\/uploads\/2023\/10\/19.08-2-1-768x512.jpg 768w, https:\/\/www.hlas-pravoslavi.cz\/wp-content\/uploads\/2023\/10\/19.08-2-1-1536x1024.jpg 1536w, https:\/\/www.hlas-pravoslavi.cz\/wp-content\/uploads\/2023\/10\/19.08-2-1-2048x1365.jpg 2048w, https:\/\/www.hlas-pravoslavi.cz\/wp-content\/uploads\/2023\/10\/19.08-2-1-1920x1280.jpg 1920w\" sizes=\"auto, (max-width: 1024px) 100vw, 1024px\" \/><\/figure>\n<\/figure>\n\n\n\n<p><strong>20. 8. 2023<\/strong> Vladyka Michal nav\u0161t\u00edvil PCO Liberec, kde slou\u017eil sv. liturgii v\u00a0chr\u00e1mu Prom\u011bn\u011bn\u00ed P\u00e1n\u011b. Spolu s\u00a0arcibiskupem slou\u017eil duchovn\u00ed spr\u00e1vce chr\u00e1mu mitr. prot. Mgr. Mykola Mas\u0148uk a dal\u0161\u00ed duchovn\u00ed PPE. <\/p>\n\n\n\n<figure class=\"wp-block-gallery has-nested-images columns-default is-cropped wp-block-gallery-3 is-layout-flex wp-block-gallery-is-layout-flex\">\n<figure class=\"wp-block-image size-large\"><a href=\"https:\/\/www.hlas-pravoslavi.cz\/wp-content\/uploads\/2023\/10\/20.08-1-1.jpg\" data-lbwps-width=\"5472\" data-lbwps-height=\"3648\" data-lbwps-srcsmall=\"http:\/\/www.hlas-pravoslavi.cz\/wp-content\/uploads\/2023\/10\/20.08-1-1-300x200.jpg\"><img loading=\"lazy\" decoding=\"async\" width=\"1024\" height=\"683\" data-id=\"2340\" src=\"https:\/\/www.hlas-pravoslavi.cz\/wp-content\/uploads\/2023\/10\/20.08-1-1-1024x683.jpg\" alt=\"\" class=\"wp-image-2340\" srcset=\"https:\/\/www.hlas-pravoslavi.cz\/wp-content\/uploads\/2023\/10\/20.08-1-1-1024x683.jpg 1024w, https:\/\/www.hlas-pravoslavi.cz\/wp-content\/uploads\/2023\/10\/20.08-1-1-300x200.jpg 300w, https:\/\/www.hlas-pravoslavi.cz\/wp-content\/uploads\/2023\/10\/20.08-1-1-768x512.jpg 768w, https:\/\/www.hlas-pravoslavi.cz\/wp-content\/uploads\/2023\/10\/20.08-1-1-1536x1024.jpg 1536w, https:\/\/www.hlas-pravoslavi.cz\/wp-content\/uploads\/2023\/10\/20.08-1-1-2048x1365.jpg 2048w, https:\/\/www.hlas-pravoslavi.cz\/wp-content\/uploads\/2023\/10\/20.08-1-1-1920x1280.jpg 1920w\" sizes=\"auto, (max-width: 1024px) 100vw, 1024px\" \/><\/a><\/figure>\n<\/figure>\n\n\n\n<p><strong>26. 8. 2023<\/strong> Arcibiskup pra\u017esk\u00fd a \u010desk\u00fdch zem\u00ed Michal nav\u0161t\u00edvil PCO \u017delezn\u00fd Brod a spolu s\u00a0duchovn\u00edm spr\u00e1vcem prot. Josefem Bro\u017ekem, mitr. prot. Mgr. et Mgr. Antonijem Drdou, mitr. prot. Ing. Mgr. Romanem Hajdama\u010denkem, prot. Michalem Hryhou a jer. Ivanem P\u0159emyslem Hadravou slou\u017eil sv. liturgii v chr\u00e1mu sv. Jana K\u0159titele. <\/p>\n\n\n\n<figure class=\"wp-block-gallery has-nested-images columns-default is-cropped wp-block-gallery-4 is-layout-flex wp-block-gallery-is-layout-flex\">\n<figure class=\"wp-block-image size-large\"><a href=\"https:\/\/www.hlas-pravoslavi.cz\/wp-content\/uploads\/2023\/10\/26.08-1-1.jpg\" data-lbwps-width=\"2048\" data-lbwps-height=\"1536\" data-lbwps-srcsmall=\"http:\/\/www.hlas-pravoslavi.cz\/wp-content\/uploads\/2023\/10\/26.08-1-1-300x225.jpg\"><img loading=\"lazy\" decoding=\"async\" width=\"1024\" height=\"768\" data-id=\"2341\" src=\"https:\/\/www.hlas-pravoslavi.cz\/wp-content\/uploads\/2023\/10\/26.08-1-1-1024x768.jpg\" alt=\"\" class=\"wp-image-2341\" srcset=\"https:\/\/www.hlas-pravoslavi.cz\/wp-content\/uploads\/2023\/10\/26.08-1-1-1024x768.jpg 1024w, https:\/\/www.hlas-pravoslavi.cz\/wp-content\/uploads\/2023\/10\/26.08-1-1-300x225.jpg 300w, https:\/\/www.hlas-pravoslavi.cz\/wp-content\/uploads\/2023\/10\/26.08-1-1-768x576.jpg 768w, https:\/\/www.hlas-pravoslavi.cz\/wp-content\/uploads\/2023\/10\/26.08-1-1-1536x1152.jpg 1536w, https:\/\/www.hlas-pravoslavi.cz\/wp-content\/uploads\/2023\/10\/26.08-1-1-1920x1440.jpg 1920w, https:\/\/www.hlas-pravoslavi.cz\/wp-content\/uploads\/2023\/10\/26.08-1-1.jpg 2048w\" sizes=\"auto, (max-width: 1024px) 100vw, 1024px\" \/><\/a><\/figure>\n\n\n\n<figure class=\"wp-block-image size-large\"><a href=\"https:\/\/www.hlas-pravoslavi.cz\/wp-content\/uploads\/2023\/10\/26.08-2-1.jpg\" data-lbwps-width=\"2048\" data-lbwps-height=\"1536\" data-lbwps-srcsmall=\"http:\/\/www.hlas-pravoslavi.cz\/wp-content\/uploads\/2023\/10\/26.08-2-1-300x225.jpg\"><img loading=\"lazy\" decoding=\"async\" width=\"1024\" height=\"768\" data-id=\"2343\" src=\"https:\/\/www.hlas-pravoslavi.cz\/wp-content\/uploads\/2023\/10\/26.08-2-1-1024x768.jpg\" alt=\"\" class=\"wp-image-2343\" srcset=\"https:\/\/www.hlas-pravoslavi.cz\/wp-content\/uploads\/2023\/10\/26.08-2-1-1024x768.jpg 1024w, https:\/\/www.hlas-pravoslavi.cz\/wp-content\/uploads\/2023\/10\/26.08-2-1-300x225.jpg 300w, https:\/\/www.hlas-pravoslavi.cz\/wp-content\/uploads\/2023\/10\/26.08-2-1-768x576.jpg 768w, https:\/\/www.hlas-pravoslavi.cz\/wp-content\/uploads\/2023\/10\/26.08-2-1-1536x1152.jpg 1536w, https:\/\/www.hlas-pravoslavi.cz\/wp-content\/uploads\/2023\/10\/26.08-2-1-1920x1440.jpg 1920w, https:\/\/www.hlas-pravoslavi.cz\/wp-content\/uploads\/2023\/10\/26.08-2-1.jpg 2048w\" sizes=\"auto, (max-width: 1024px) 100vw, 1024px\" \/><\/a><\/figure>\n\n\n\n<figure class=\"wp-block-image size-large\"><a href=\"https:\/\/www.hlas-pravoslavi.cz\/wp-content\/uploads\/2023\/10\/26.08-3-1.jpg\" data-lbwps-width=\"2048\" data-lbwps-height=\"1536\" data-lbwps-srcsmall=\"http:\/\/www.hlas-pravoslavi.cz\/wp-content\/uploads\/2023\/10\/26.08-3-1-300x225.jpg\"><img loading=\"lazy\" decoding=\"async\" width=\"1024\" height=\"768\" data-id=\"2342\" src=\"https:\/\/www.hlas-pravoslavi.cz\/wp-content\/uploads\/2023\/10\/26.08-3-1-1024x768.jpg\" alt=\"\" class=\"wp-image-2342\" srcset=\"https:\/\/www.hlas-pravoslavi.cz\/wp-content\/uploads\/2023\/10\/26.08-3-1-1024x768.jpg 1024w, https:\/\/www.hlas-pravoslavi.cz\/wp-content\/uploads\/2023\/10\/26.08-3-1-300x225.jpg 300w, https:\/\/www.hlas-pravoslavi.cz\/wp-content\/uploads\/2023\/10\/26.08-3-1-768x576.jpg 768w, https:\/\/www.hlas-pravoslavi.cz\/wp-content\/uploads\/2023\/10\/26.08-3-1-1536x1152.jpg 1536w, https:\/\/www.hlas-pravoslavi.cz\/wp-content\/uploads\/2023\/10\/26.08-3-1-1920x1440.jpg 1920w, https:\/\/www.hlas-pravoslavi.cz\/wp-content\/uploads\/2023\/10\/26.08-3-1.jpg 2048w\" sizes=\"auto, (max-width: 1024px) 100vw, 1024px\" \/><\/a><\/figure>\n<\/figure>\n\n\n\n<p><strong>27. 8. 2023 <\/strong>V\u00a012. ned\u011bli po Pades\u00e1tnici arcibiskup Michal nav\u0161t\u00edvil PCO \u010cesk\u00e9 Bud\u011bjovice a vykonal zde sv\u011bcen\u00ed nov\u00e9ho prestolu, ikonostasu a cel\u00e9ho chr\u00e1mu po rozs\u00e1hl\u00e9 rekonstrukci, pot\u00e9 se konala sv. liturgie. Na z\u00e1v\u011br vladyka pod\u011bkoval duchovn\u00edm a v\u011b\u0159\u00edc\u00edm a tak\u00e9 Jeho Eminenci Vlastimilu Kro\u010dilovi, biskupu \u010deskobud\u011bjovick\u00e9mu (\u0158\u00edmskokatolick\u00e1 c\u00edrkev), za spolupr\u00e1ci, vz\u00e1jemn\u00e9 pochopen\u00ed a za p\u0159ed\u00e1n\u00ed chr\u00e1mu v \u010cesk\u00fdch Bud\u011bjovic\u00edch do u\u017e\u00edv\u00e1n\u00ed pravoslavn\u00fdm v\u011b\u0159\u00edc\u00edm. <\/p>\n\n\n\n<figure class=\"wp-block-gallery has-nested-images columns-default is-cropped wp-block-gallery-5 is-layout-flex wp-block-gallery-is-layout-flex\">\n<figure class=\"wp-block-image size-large\"><a href=\"https:\/\/www.hlas-pravoslavi.cz\/wp-content\/uploads\/2023\/10\/27.08-1-1.jpg\" data-lbwps-width=\"2048\" data-lbwps-height=\"1536\" data-lbwps-srcsmall=\"http:\/\/www.hlas-pravoslavi.cz\/wp-content\/uploads\/2023\/10\/27.08-1-1-300x225.jpg\"><img loading=\"lazy\" decoding=\"async\" width=\"1024\" height=\"768\" data-id=\"2344\" src=\"https:\/\/www.hlas-pravoslavi.cz\/wp-content\/uploads\/2023\/10\/27.08-1-1-1024x768.jpg\" alt=\"\" class=\"wp-image-2344\" srcset=\"https:\/\/www.hlas-pravoslavi.cz\/wp-content\/uploads\/2023\/10\/27.08-1-1-1024x768.jpg 1024w, https:\/\/www.hlas-pravoslavi.cz\/wp-content\/uploads\/2023\/10\/27.08-1-1-300x225.jpg 300w, https:\/\/www.hlas-pravoslavi.cz\/wp-content\/uploads\/2023\/10\/27.08-1-1-768x576.jpg 768w, https:\/\/www.hlas-pravoslavi.cz\/wp-content\/uploads\/2023\/10\/27.08-1-1-1536x1152.jpg 1536w, https:\/\/www.hlas-pravoslavi.cz\/wp-content\/uploads\/2023\/10\/27.08-1-1-1920x1440.jpg 1920w, https:\/\/www.hlas-pravoslavi.cz\/wp-content\/uploads\/2023\/10\/27.08-1-1.jpg 2048w\" sizes=\"auto, (max-width: 1024px) 100vw, 1024px\" \/><\/a><\/figure>\n\n\n\n<figure class=\"wp-block-image size-large\"><a href=\"https:\/\/www.hlas-pravoslavi.cz\/wp-content\/uploads\/2023\/10\/27.08-2-1.jpg\" data-lbwps-width=\"2048\" data-lbwps-height=\"1536\" data-lbwps-srcsmall=\"http:\/\/www.hlas-pravoslavi.cz\/wp-content\/uploads\/2023\/10\/27.08-2-1-300x225.jpg\"><img loading=\"lazy\" decoding=\"async\" width=\"1024\" height=\"768\" data-id=\"2345\" src=\"https:\/\/www.hlas-pravoslavi.cz\/wp-content\/uploads\/2023\/10\/27.08-2-1-1024x768.jpg\" alt=\"\" class=\"wp-image-2345\" srcset=\"https:\/\/www.hlas-pravoslavi.cz\/wp-content\/uploads\/2023\/10\/27.08-2-1-1024x768.jpg 1024w, https:\/\/www.hlas-pravoslavi.cz\/wp-content\/uploads\/2023\/10\/27.08-2-1-300x225.jpg 300w, https:\/\/www.hlas-pravoslavi.cz\/wp-content\/uploads\/2023\/10\/27.08-2-1-768x576.jpg 768w, https:\/\/www.hlas-pravoslavi.cz\/wp-content\/uploads\/2023\/10\/27.08-2-1-1536x1152.jpg 1536w, https:\/\/www.hlas-pravoslavi.cz\/wp-content\/uploads\/2023\/10\/27.08-2-1-1920x1440.jpg 1920w, https:\/\/www.hlas-pravoslavi.cz\/wp-content\/uploads\/2023\/10\/27.08-2-1.jpg 2048w\" sizes=\"auto, (max-width: 1024px) 100vw, 1024px\" \/><\/a><\/figure>\n\n\n\n<figure class=\"wp-block-image size-large\"><a href=\"https:\/\/www.hlas-pravoslavi.cz\/wp-content\/uploads\/2023\/10\/27.08-3-1.jpg\" data-lbwps-width=\"2048\" data-lbwps-height=\"1536\" data-lbwps-srcsmall=\"http:\/\/www.hlas-pravoslavi.cz\/wp-content\/uploads\/2023\/10\/27.08-3-1-300x225.jpg\"><img loading=\"lazy\" decoding=\"async\" width=\"1024\" height=\"768\" data-id=\"2346\" src=\"https:\/\/www.hlas-pravoslavi.cz\/wp-content\/uploads\/2023\/10\/27.08-3-1-1024x768.jpg\" alt=\"\" class=\"wp-image-2346\" srcset=\"https:\/\/www.hlas-pravoslavi.cz\/wp-content\/uploads\/2023\/10\/27.08-3-1-1024x768.jpg 1024w, https:\/\/www.hlas-pravoslavi.cz\/wp-content\/uploads\/2023\/10\/27.08-3-1-300x225.jpg 300w, https:\/\/www.hlas-pravoslavi.cz\/wp-content\/uploads\/2023\/10\/27.08-3-1-768x576.jpg 768w, https:\/\/www.hlas-pravoslavi.cz\/wp-content\/uploads\/2023\/10\/27.08-3-1-1536x1152.jpg 1536w, https:\/\/www.hlas-pravoslavi.cz\/wp-content\/uploads\/2023\/10\/27.08-3-1-1920x1440.jpg 1920w, https:\/\/www.hlas-pravoslavi.cz\/wp-content\/uploads\/2023\/10\/27.08-3-1.jpg 2048w\" sizes=\"auto, (max-width: 1024px) 100vw, 1024px\" \/><\/a><\/figure>\n<\/figure>\n\n\n\n<p>\u00a0<strong>28. 8. 2023 <\/strong>V\u00a0den sv\u00e1tku Zesnut\u00ed p\u0159esvat\u00e9 Bohorodice vladyka Michal slou\u017eil sv. liturgii v\u00a0chr\u00e1mu zasv\u011bcen\u00e9m tomuto sv\u00e1tku na Ol\u0161ansk\u00e9m h\u0159bitov\u011b v\u00a0Praze 3.<\/p>\n\n\n\n<figure class=\"wp-block-gallery has-nested-images columns-default is-cropped wp-block-gallery-6 is-layout-flex wp-block-gallery-is-layout-flex\">\n<figure class=\"wp-block-image size-large\"><a href=\"https:\/\/www.hlas-pravoslavi.cz\/wp-content\/uploads\/2023\/10\/28.08-1-1.jpg\" data-lbwps-width=\"2048\" data-lbwps-height=\"1536\" data-lbwps-srcsmall=\"http:\/\/www.hlas-pravoslavi.cz\/wp-content\/uploads\/2023\/10\/28.08-1-1-300x225.jpg\"><img loading=\"lazy\" decoding=\"async\" width=\"1024\" height=\"768\" data-id=\"2347\" src=\"https:\/\/www.hlas-pravoslavi.cz\/wp-content\/uploads\/2023\/10\/28.08-1-1-1024x768.jpg\" alt=\"\" class=\"wp-image-2347\" srcset=\"https:\/\/www.hlas-pravoslavi.cz\/wp-content\/uploads\/2023\/10\/28.08-1-1-1024x768.jpg 1024w, https:\/\/www.hlas-pravoslavi.cz\/wp-content\/uploads\/2023\/10\/28.08-1-1-300x225.jpg 300w, https:\/\/www.hlas-pravoslavi.cz\/wp-content\/uploads\/2023\/10\/28.08-1-1-768x576.jpg 768w, https:\/\/www.hlas-pravoslavi.cz\/wp-content\/uploads\/2023\/10\/28.08-1-1-1536x1152.jpg 1536w, https:\/\/www.hlas-pravoslavi.cz\/wp-content\/uploads\/2023\/10\/28.08-1-1-1920x1440.jpg 1920w, https:\/\/www.hlas-pravoslavi.cz\/wp-content\/uploads\/2023\/10\/28.08-1-1.jpg 2048w\" sizes=\"auto, (max-width: 1024px) 100vw, 1024px\" \/><\/a><\/figure>\n\n\n\n<figure class=\"wp-block-image size-large\"><a href=\"https:\/\/www.hlas-pravoslavi.cz\/wp-content\/uploads\/2023\/10\/28.08-2-1.jpg\" data-lbwps-width=\"2048\" data-lbwps-height=\"1536\" data-lbwps-srcsmall=\"http:\/\/www.hlas-pravoslavi.cz\/wp-content\/uploads\/2023\/10\/28.08-2-1-300x225.jpg\"><img loading=\"lazy\" decoding=\"async\" width=\"1024\" height=\"768\" data-id=\"2348\" src=\"https:\/\/www.hlas-pravoslavi.cz\/wp-content\/uploads\/2023\/10\/28.08-2-1-1024x768.jpg\" alt=\"\" class=\"wp-image-2348\" srcset=\"https:\/\/www.hlas-pravoslavi.cz\/wp-content\/uploads\/2023\/10\/28.08-2-1-1024x768.jpg 1024w, https:\/\/www.hlas-pravoslavi.cz\/wp-content\/uploads\/2023\/10\/28.08-2-1-300x225.jpg 300w, https:\/\/www.hlas-pravoslavi.cz\/wp-content\/uploads\/2023\/10\/28.08-2-1-768x576.jpg 768w, https:\/\/www.hlas-pravoslavi.cz\/wp-content\/uploads\/2023\/10\/28.08-2-1-1536x1152.jpg 1536w, https:\/\/www.hlas-pravoslavi.cz\/wp-content\/uploads\/2023\/10\/28.08-2-1-1920x1440.jpg 1920w, https:\/\/www.hlas-pravoslavi.cz\/wp-content\/uploads\/2023\/10\/28.08-2-1.jpg 2048w\" sizes=\"auto, (max-width: 1024px) 100vw, 1024px\" \/><\/a><\/figure>\n\n\n\n<figure class=\"wp-block-image size-large\"><a href=\"https:\/\/www.hlas-pravoslavi.cz\/wp-content\/uploads\/2023\/10\/28.08-3-1.jpg\" data-lbwps-width=\"2048\" data-lbwps-height=\"1536\" data-lbwps-srcsmall=\"http:\/\/www.hlas-pravoslavi.cz\/wp-content\/uploads\/2023\/10\/28.08-3-1-300x225.jpg\"><img loading=\"lazy\" decoding=\"async\" width=\"1024\" height=\"768\" data-id=\"2349\" src=\"https:\/\/www.hlas-pravoslavi.cz\/wp-content\/uploads\/2023\/10\/28.08-3-1-1024x768.jpg\" alt=\"\" class=\"wp-image-2349\" srcset=\"https:\/\/www.hlas-pravoslavi.cz\/wp-content\/uploads\/2023\/10\/28.08-3-1-1024x768.jpg 1024w, https:\/\/www.hlas-pravoslavi.cz\/wp-content\/uploads\/2023\/10\/28.08-3-1-300x225.jpg 300w, https:\/\/www.hlas-pravoslavi.cz\/wp-content\/uploads\/2023\/10\/28.08-3-1-768x576.jpg 768w, https:\/\/www.hlas-pravoslavi.cz\/wp-content\/uploads\/2023\/10\/28.08-3-1-1536x1152.jpg 1536w, https:\/\/www.hlas-pravoslavi.cz\/wp-content\/uploads\/2023\/10\/28.08-3-1-1920x1440.jpg 1920w, https:\/\/www.hlas-pravoslavi.cz\/wp-content\/uploads\/2023\/10\/28.08-3-1.jpg 2048w\" sizes=\"auto, (max-width: 1024px) 100vw, 1024px\" \/><\/a><\/figure>\n<\/figure>\n\n\n\n<p><\/p>\n","protected":false},"excerpt":{"rendered":"<p>13. 8. 2023 Arcibiskup pra\u017esk\u00fd a \u010desk\u00fdch zem\u00ed Michal podnikl cestu na Slovensko a v chr\u00e1mu sv. Panteleimona v Bardejovsk\u00fdch K\u00fape\u013eoch slou\u017eil sv. liturgii spolu&hellip;<\/p>\n","protected":false},"author":1,"featured_media":0,"comment_status":"closed","ping_status":"open","sticky":false,"template":"","format":"standard","meta":{"footnotes":""},"categories":[36],"tags":[78],"class_list":["post-2316","post","type-post","status-publish","format-standard","hentry","category-aktivity-arcibiskupa-michala","tag-2023-09"],"_links":{"self":[{"href":"https:\/\/www.hlas-pravoslavi.cz\/index.php\/wp-json\/wp\/v2\/posts\/2316","targetHints":{"allow":["GET"]}}],"collection":[{"href":"https:\/\/www.hlas-pravoslavi.cz\/index.php\/wp-json\/wp\/v2\/posts"}],"about":[{"href":"https:\/\/www.hlas-pravoslavi.cz\/index.php\/wp-json\/wp\/v2\/types\/post"}],"author":[{"embeddable":true,"href":"https:\/\/www.hlas-pravoslavi.cz\/index.php\/wp-json\/wp\/v2\/users\/1"}],"replies":[{"embeddable":true,"href":"https:\/\/www.hlas-pravoslavi.cz\/index.php\/wp-json\/wp\/v2\/comments?post=2316"}],"version-history":[{"count":1,"href":"https:\/\/www.hlas-pravoslavi.cz\/index.php\/wp-json\/wp\/v2\/posts\/2316\/revisions"}],"predecessor-version":[{"id":2350,"href":"https:\/\/www.hlas-pravoslavi.cz\/index.php\/wp-json\/wp\/v2\/posts\/2316\/revisions\/2350"}],"wp:attachment":[{"href":"https:\/\/www.hlas-pravoslavi.cz\/index.php\/wp-json\/wp\/v2\/media?parent=2316"}],"wp:term":[{"taxonomy":"category","embeddable":true,"href":"https:\/\/www.hlas-pravoslavi.cz\/index.php\/wp-json\/wp\/v2\/categories?post=2316"},{"taxonomy":"post_tag","embeddable":true,"href":"https:\/\/www.hlas-pravoslavi.cz\/index.php\/wp-json\/wp\/v2\/tags?post=2316"}],"curies":[{"name":"wp","href":"https:\/\/api.w.org\/{rel}","templated":true}]}}