{"id":2257,"date":"2023-08-07T10:26:42","date_gmt":"2023-08-07T09:26:42","guid":{"rendered":"https:\/\/www.hlas-pravoslavi.cz\/?p=2257"},"modified":"2023-08-22T10:26:52","modified_gmt":"2023-08-22T09:26:52","slug":"pout-do-cerne-hory","status":"publish","type":"post","link":"https:\/\/www.hlas-pravoslavi.cz\/index.php\/2023\/08\/07\/pout-do-cerne-hory\/","title":{"rendered":"Pou\u0165 do \u010cern\u00e9 Hory"},"content":{"rendered":"\n<p>Ve dnech 17.\u2013 22. \u010dervence s po\u017eehn\u00e1n\u00edm Jejich Vysokop\u0159eosv\u00edcenost\u00ed arcibiskupa pra\u017esk\u00e9ho a \u010desk\u00fdch zem\u00ed Michala a metropolity \u010cern\u00e9 Hory Ioanikije v\u011b\u0159\u00edc\u00ed pravoslavn\u00e9ho chr\u00e1mu sv. Cyrila a Metod\u011bje v&nbsp;Praze nav\u0161t\u00edvili posv\u00e1tn\u00e1 m\u00edsta \u010cern\u00e9 Hory. Cesta z Prahy trvala 18 hodin a byla n\u00e1ro\u010dn\u00e1. Jeliko\u017e je \u010cern\u00e1 Hora hornat\u00e1, jeli jsme krut\u00fdmi zat\u00e1\u010dkami. V\u011bt\u0161inu \u010dasu jsme tr\u00e1vili na pob\u0159e\u017e\u00ed Jadersk\u00e9ho mo\u0159e, ve vesnici \u010caj\u0148, a odtud jsme putovali po r\u016fzn\u00fdch monast\u00fdrech a chr\u00e1mech.<\/p>\n\n\n\n<p>V \u00fater\u00fd 18. \u010dervence, v den pam\u00e1tky ctihodn\u00e9ho Sergije Radon\u011b\u017esk\u00e9ho, jsme se z\u00fa\u010dastnili sv\u00e1te\u010dn\u00ed bohoslu\u017eby v monast\u00fdru nedaleko m\u011bsta Bar, zasv\u011bcen\u00e9m tomuto sv\u011btci. Monast\u00fdr se nach\u00e1z\u00ed na \u00fapat\u00ed hory Rumija, cesta tam byla stra\u0161ideln\u00e1. N\u011bkte\u0159\u00ed poutn\u00edci si pozd\u011bji st\u011b\u017eovali, \u017ee kdyby v\u011bd\u011bli p\u0159edem, kam pojedou, sotva by se toho odv\u00e1\u017eili. Samoz\u0159ejm\u011b m\u00edstn\u00ed p\u0159\u00edroda je n\u00e1dhern\u00e1, kochat se z takov\u00e9 v\u00fd\u0161ky krajinou je nepopsateln\u00fd z\u00e1\u017eitek, ale strach byl v\u011bt\u0161\u00ed ne\u017e nad\u0161en\u00ed. Spolu s m\u00edstn\u00edm duchovenstvem jsme slou\u017eili bo\u017eskou liturgii. Pot\u00e9 jsme m\u011bli sv\u00e1te\u010dn\u00ed ob\u011bd a po cest\u011b zp\u011bt jsme nav\u0161t\u00edvili n\u00e1dhern\u00fd katedr\u00e1ln\u00ed chr\u00e1m m\u011bsta Bar. Odpoledn\u00ed hodiny jsme tr\u00e1vili u mo\u0159e, odpo\u010d\u00edvaj\u00edce po dlouh\u00e9 cest\u011b.<\/p>\n\n\n\n<p>Ve st\u0159edu odpoledne jsme se vydali na dal\u0161\u00ed poutn\u00ed cestu do monast\u00fdr\u016f Re\u017eevi\u010di, Djuljovo a Praskvica. Po n\u00e1v\u0161t\u011bv\u011b t\u011bchto posv\u00e1tn\u00fdch m\u00edst n\u00e1s \u010dekal dobr\u00fd ob\u011bd v okol\u00ed m\u011bsta Budva a koup\u00e1n\u00ed v&nbsp;mo\u0159i. Ve\u010der jsme zav\u00edtali do zn\u00e1m\u00e9ho monast\u00fdru Ostroh. Cesta vedla p\u0159es m\u011bsto Kotor a pod\u00e9l pob\u0159e\u017e\u00ed Kotorsk\u00e9ho z\u00e1livu. Odolat kr\u00e1se m\u00edstn\u00ed p\u0159\u00edrody jsme nemohli a na kr\u00e1tk\u00fd \u010das jsme museli zastavit nad z\u00e1livem a kochat se touto n\u00e1dherou. I kdy\u017e jsme dorazili do monast\u00fdru pozd\u011b v noci, \u010dekala n\u00e1s ve\u010de\u0159e, za co\u017e d\u011bkujeme brat\u0159\u00edm monast\u00fdru. Jsou zde ulo\u017eeny ostatky sv. Vasilije Ostro\u017esk\u00e9ho. Je to velice inspiruj\u00edc\u00ed posv\u00e1tn\u00e9 m\u00edsto. Po rann\u00ed bohoslu\u017eb\u011b a sn\u00eddani jsme pokra\u010dovali ve sv\u00e9m putov\u00e1n\u00ed \u010cernou Horou a zam\u00ed\u0159ili do starobyl\u00e9ho m\u011bsta Cetinje, v tamn\u00edm monast\u00fdru se nach\u00e1z\u00ed \u010d\u00e1ste\u010dka \u017eivotod\u00e1rn\u00e9ho K\u0159\u00ed\u017ee, prav\u00e1 ruka svat\u00e9ho Jana K\u0159titele a ostatky svat\u00e9ho Petra Cetinsk\u00e9ho. Je zde i s\u00eddlo metropolity \u010cern\u00e9 Hory. Po cest\u011b jsme zav\u00edtali do \u017eensk\u00e9ho monast\u00fdru \u017ddrebaonik, kde jsme se poklonili ostatk\u016fm sv. Arsenije, druh\u00e9ho (po sv. S\u00e1vovi) srbsk\u00e9ho arcibiskupa.<\/p>\n\n\n\n<p>Kdy\u017e jsme p\u0159ijeli do cetinsk\u00e9ho monast\u00fdru, uv\u00edtal n\u00e1s s\u00e1m metropolita Ioanikij. Vladyka poslal pozdrav na\u0161emu arcibiskupu Michalovi a p\u0159ipomenul, \u017ee ho pozval na oslavu pam\u00e1tky sv. Petra Cetinsk\u00e9ho, kter\u00e1 je napl\u00e1nov\u00e1na na 31. \u0159\u00edjna. Na z\u00e1v\u011br n\u00e1m po\u017eehnal a v\u011bnoval pam\u00e1tn\u00ed d\u00e1rky. Vladykovi jsme darovali ikonu svat\u00e9 mu\u010dednice Ludmily. V monast\u00fdru jsme se tak\u00e9 pod\u00edvali na v\u00fdstavu c\u00edrkevn\u00edch p\u0159edm\u011bt\u016f a knih. Pot\u00e9 n\u00e1s brat\u0159i monast\u00fdru pohostili k\u00e1vou, rakij\u00ed a sladkostmi.<\/p>\n\n\n\n<p>Dal\u0161\u00ed cesta vedla do hlavn\u00edho m\u011bsta \u010cern\u00e9 Hory \u2013 Podgorici, tam jsme nav\u0161t\u00edvili ohromuj\u00edc\u00ed kr\u00e1sn\u00fd katedr\u00e1ln\u00ed chr\u00e1m. Fas\u00e1da symbolizuje duchovn\u00edho r\u016fstu \u010dlov\u011bka. Z\u00e1klady chr\u00e1mu jsou z obrovsk\u00fdch netesan\u00fdch kamen\u016f. \u010c\u00edm v\u00fd\u0161e, t\u00edm jsou kameny opracovan\u011bj\u0161\u00ed. Na vrcholu jsou \u010dist\u00e9 a rovn\u00e9. Kupoli zdob\u00ed obrovsk\u00e9 zlat\u00e9 k\u0159\u00ed\u017ee z\u00e1\u0159\u00edc\u00ed na slunci. Takto podle stavitel\u016f chr\u00e1mu vypad\u00e1 \u017eivot \u010dlov\u011bka, jen\u017e se rozhodne vydat na duchovn\u00ed cestu za Kristem. Za\u010d\u00e1tek cesty je hrub\u00fd a n\u00e1ro\u010dn\u00fd, ale postupn\u011b se zlep\u0161uje a usnad\u0148uje. Kdy\u017e se \u010dlov\u011bk pln\u011b o\u010dist\u00ed od v\u00e1\u0161n\u00ed, zaz\u00e1\u0159\u00ed sv\u011btlem Kristov\u00fdm. Uvnit\u0159 je chr\u00e1m z\u00e1zra\u010dn\u011b n\u00e1dhern\u00fd. V krypt\u011b je poh\u0159ben jeho zakladatel metropolita Amfilochij \u2013 velik\u00fd \u010dlov\u011bk, kter\u00fd nejen vybudoval katedr\u00e1lu, ale i obnovil celou c\u00edrkev v&nbsp;\u010cern\u00e9 Ho\u0159e. M\u00edstn\u00ed duchovn\u00ed \u0159\u00edkali, \u017ee kdy\u017e se stal arcibiskupem, bylo v cel\u00e9m st\u00e1t\u011b 12 kn\u011b\u017e\u00ed, aktu\u00e1ln\u011b je jich 120 a t\u00e9m\u011b\u0159 600 mnich\u016f a mni\u0161ek. Sou\u010dasn\u011b v \u010cern\u00e9 Ho\u0159e existuje 70 monast\u00fdr\u016f. Metropolita Amfilochij byl vynikaj\u00edc\u00ed teolog, duchovn\u00ed past\u00fd\u0159. Na jeho hrob\u011b jsme slou\u017eili panychidu. Necht\u011blo se n\u00e1m odch\u00e1zet z tohoto m\u00edsta.<\/p>\n\n\n\n<p>Po n\u00e1vratu do \u010cajnje jsme tr\u00e1vili \u010das u mo\u0159e. V p\u00e1tek r\u00e1no n\u011bkte\u0159\u00ed z n\u00e1s jeli na liturgii do monast\u00fdru Praskvica a po cest\u011b jsme se zastavili na k\u00e1vu u zn\u00e1m\u00e9ho ostr\u016fvku sv. \u0160tefana a kochali jsme se n\u00e1dhern\u00fdm v\u00fdhledem na mo\u0159e. Cel\u00fd den jsme se p\u0159ipravovali na cestu dom\u016f na pl\u00e1\u017ei.<\/p>\n\n\n\n<p>V sobotu r\u00e1no jsme se vydali na zp\u00e1te\u010dn\u00ed cestu. Napadlo n\u00e1s pod\u00edvat se do monast\u00fdru Mora\u010da, co\u017e byla chyba \u2013 na d\u00e1lnici jsme str\u00e1vili cel\u00fd den. V&nbsp;horsk\u00e9m monast\u00fdru jsme si trochu odpo\u010dinuli u studen\u00e9ho potoka se \u0161\u00e1lkem k\u00e1vy, a nakonec jeli dom\u016f. Do Prahy jsme dorazili v ned\u011bli r\u00e1no a stihli jsme liturgii v&nbsp;katedr\u00e1le sv. Cyrila a Metod\u011bje.<\/p>\n\n\n\n<p>Putov\u00e1n\u00ed neb\u00fdv\u00e1 snadn\u00e9, vr\u00e1tili jsme se vy\u010derpan\u00ed dlouhou cestou a horkem. Ale d\u011bkovali jsme P\u00e1nu Bohu za tuto mo\u017enost nav\u0161t\u00edvit posv\u00e1tn\u00e1 m\u00edsta, pomodlit se v n\u00e1dhern\u00fdch chr\u00e1mech u ostatk\u016f svat\u00fdch. Kochali jsme se kr\u00e1sami p\u0159\u00edrody a poznali jsme trochu duchovn\u00edho \u017eivot \u010cern\u00e9 Hory.<\/p>\n\n\n\n<p>T\u011b\u0161\u00edme se na dal\u0161\u00ed putov\u00e1n\u00ed!<\/p>\n\n\n\n<p>Prot. Mgr. Vasyl \u010cerepko<\/p>\n\n\n\n<figure class=\"wp-block-gallery has-nested-images columns-default is-cropped wp-block-gallery-1 is-layout-flex wp-block-gallery-is-layout-flex\">\n<figure class=\"wp-block-image size-large\"><img loading=\"lazy\" decoding=\"async\" width=\"1024\" height=\"864\" data-id=\"2258\" src=\"https:\/\/www.hlas-pravoslavi.cz\/wp-content\/uploads\/2023\/08\/362906590_6310391645682905_6434094599836185329_n.jpg\" alt=\"\" class=\"wp-image-2258\" srcset=\"https:\/\/www.hlas-pravoslavi.cz\/wp-content\/uploads\/2023\/08\/362906590_6310391645682905_6434094599836185329_n.jpg 1024w, https:\/\/www.hlas-pravoslavi.cz\/wp-content\/uploads\/2023\/08\/362906590_6310391645682905_6434094599836185329_n-300x253.jpg 300w, https:\/\/www.hlas-pravoslavi.cz\/wp-content\/uploads\/2023\/08\/362906590_6310391645682905_6434094599836185329_n-768x648.jpg 768w\" sizes=\"auto, (max-width: 1024px) 100vw, 1024px\" \/><\/figure>\n\n\n\n<figure class=\"wp-block-image size-large\"><img loading=\"lazy\" decoding=\"async\" width=\"1024\" height=\"936\" data-id=\"2259\" src=\"https:\/\/www.hlas-pravoslavi.cz\/wp-content\/uploads\/2023\/08\/362916673_6310392225682847_8561023000240992580_n.jpg\" alt=\"\" class=\"wp-image-2259\" srcset=\"https:\/\/www.hlas-pravoslavi.cz\/wp-content\/uploads\/2023\/08\/362916673_6310392225682847_8561023000240992580_n.jpg 1024w, https:\/\/www.hlas-pravoslavi.cz\/wp-content\/uploads\/2023\/08\/362916673_6310392225682847_8561023000240992580_n-300x274.jpg 300w, https:\/\/www.hlas-pravoslavi.cz\/wp-content\/uploads\/2023\/08\/362916673_6310392225682847_8561023000240992580_n-768x702.jpg 768w\" sizes=\"auto, (max-width: 1024px) 100vw, 1024px\" \/><\/figure>\n\n\n\n<figure class=\"wp-block-image size-large\"><img loading=\"lazy\" decoding=\"async\" width=\"1024\" height=\"682\" data-id=\"2260\" src=\"https:\/\/www.hlas-pravoslavi.cz\/wp-content\/uploads\/2023\/08\/362928978_6310391372349599_51317499035544036_n.jpg\" alt=\"\" class=\"wp-image-2260\" srcset=\"https:\/\/www.hlas-pravoslavi.cz\/wp-content\/uploads\/2023\/08\/362928978_6310391372349599_51317499035544036_n.jpg 1024w, https:\/\/www.hlas-pravoslavi.cz\/wp-content\/uploads\/2023\/08\/362928978_6310391372349599_51317499035544036_n-300x200.jpg 300w, https:\/\/www.hlas-pravoslavi.cz\/wp-content\/uploads\/2023\/08\/362928978_6310391372349599_51317499035544036_n-768x512.jpg 768w\" sizes=\"auto, (max-width: 1024px) 100vw, 1024px\" \/><\/figure>\n<\/figure>\n","protected":false},"excerpt":{"rendered":"<p>Ve dnech 17.\u2013 22. \u010dervence s po\u017eehn\u00e1n\u00edm Jejich Vysokop\u0159eosv\u00edcenost\u00ed arcibiskupa pra\u017esk\u00e9ho a \u010desk\u00fdch zem\u00ed Michala a metropolity \u010cern\u00e9 Hory Ioanikije v\u011b\u0159\u00edc\u00ed pravoslavn\u00e9ho chr\u00e1mu sv. Cyrila&hellip;<\/p>\n","protected":false},"author":1,"featured_media":2261,"comment_status":"closed","ping_status":"open","sticky":false,"template":"","format":"standard","meta":{"footnotes":""},"categories":[22,12],"tags":[76],"class_list":["post-2257","post","type-post","status-publish","format-standard","has-post-thumbnail","hentry","category-nedelni-skola","category-pro-deti","tag-2023-08","has-post-thumbnail-archive"],"_links":{"self":[{"href":"https:\/\/www.hlas-pravoslavi.cz\/index.php\/wp-json\/wp\/v2\/posts\/2257","targetHints":{"allow":["GET"]}}],"collection":[{"href":"https:\/\/www.hlas-pravoslavi.cz\/index.php\/wp-json\/wp\/v2\/posts"}],"about":[{"href":"https:\/\/www.hlas-pravoslavi.cz\/index.php\/wp-json\/wp\/v2\/types\/post"}],"author":[{"embeddable":true,"href":"https:\/\/www.hlas-pravoslavi.cz\/index.php\/wp-json\/wp\/v2\/users\/1"}],"replies":[{"embeddable":true,"href":"https:\/\/www.hlas-pravoslavi.cz\/index.php\/wp-json\/wp\/v2\/comments?post=2257"}],"version-history":[{"count":1,"href":"https:\/\/www.hlas-pravoslavi.cz\/index.php\/wp-json\/wp\/v2\/posts\/2257\/revisions"}],"predecessor-version":[{"id":2262,"href":"https:\/\/www.hlas-pravoslavi.cz\/index.php\/wp-json\/wp\/v2\/posts\/2257\/revisions\/2262"}],"wp:featuredmedia":[{"embeddable":true,"href":"https:\/\/www.hlas-pravoslavi.cz\/index.php\/wp-json\/wp\/v2\/media\/2261"}],"wp:attachment":[{"href":"https:\/\/www.hlas-pravoslavi.cz\/index.php\/wp-json\/wp\/v2\/media?parent=2257"}],"wp:term":[{"taxonomy":"category","embeddable":true,"href":"https:\/\/www.hlas-pravoslavi.cz\/index.php\/wp-json\/wp\/v2\/categories?post=2257"},{"taxonomy":"post_tag","embeddable":true,"href":"https:\/\/www.hlas-pravoslavi.cz\/index.php\/wp-json\/wp\/v2\/tags?post=2257"}],"curies":[{"name":"wp","href":"https:\/\/api.w.org\/{rel}","templated":true}]}}