{"id":225,"date":"2016-11-16T11:40:45","date_gmt":"2016-11-16T10:40:45","guid":{"rendered":"https:\/\/www.hlas-pravoslavi.cz\/?p=225"},"modified":"2021-11-16T11:40:56","modified_gmt":"2021-11-16T10:40:56","slug":"nasi-zaci-studuji-na-cirkevni-akademii-na-athosu","status":"publish","type":"post","link":"https:\/\/www.hlas-pravoslavi.cz\/index.php\/2016\/11\/16\/nasi-zaci-studuji-na-cirkevni-akademii-na-athosu\/","title":{"rendered":"Na\u0161i \u017e\u00e1ci studuj\u00ed na C\u00edrkevn\u00ed akademii na Athosu"},"content":{"rendered":"\n<p>V&nbsp;tomto roce ub\u011bhlo 9 let od zalo\u017een\u00ed Ned\u011bln\u00ed \u0161koly svat\u00fdch Cyrila a Metod\u011bje. Za tuto dobu \u0161kolu nav\u0161t\u011bvovalo v\u00edce ne\u017e 70 d\u011bt\u00ed. Mnoz\u00ed z&nbsp;nich ji\u017e postoupili do dal\u0161\u00edch \u0161kol, anebo dokonce zalo\u017eili vlastn\u00ed rodiny. Je kr\u00e1sn\u00e9 sledovat jejich \u017eivotn\u00ed \u00fasp\u011bchy. V&nbsp;tomto roce v\u0161ak m\u00e1me obzvl\u00e1\u0161tn\u00ed d\u016fvod k&nbsp;radosti. T\u0159i na\u0161i \u017e\u00e1ci se stali studenty athosk\u00e9 C\u00edrkevn\u00ed akademie. \u017d\u00edt na Svat\u00e9 ho\u0159e, zakusit moudrost athosk\u00fdch mnich\u016f, p\u0159ed\u00e1vanou nep\u0159etr\u017eit\u011b po tis\u00edc let \u2013 to je skute\u010dn\u00e9 Bo\u017e\u00ed po\u017eehn\u00e1n\u00ed. Prvn\u00ed rok se studenti u\u010d\u00ed \u0159ecky a dal\u0161\u00ed \u0161koln\u00ed rok \u2013 jestli budou m\u00edt dost sil a p\u0159\u00e1n\u00ed \u2013 se za\u010dnou u\u010dit v&nbsp;norm\u00e1ln\u00ed \u0161koln\u00ed t\u0159\u00edd\u011b. Mimo b\u011b\u017en\u00e9 \u0161koln\u00ed p\u0159edm\u011bty, kter\u00e9 se vyu\u010duj\u00ed ve st\u00e1tn\u00edch \u0161kol\u00e1ch, jsou do v\u00fduky za\u0159azeny i c\u00edrkevn\u00ed p\u0159edm\u011bty, jako nap\u0159\u00edklad Nov\u00fd z\u00e1kon, staro\u0159e\u010dtina, byzantsk\u00fd zp\u011bv nebo ikonografie. Hlavn\u00edm rozd\u00edlem mezi touto a st\u00e1tn\u00ed \u0161kolou je c\u00edrkevn\u00ed \u0159\u00e1d. \u0160kola m\u00e1 sv\u016fj chr\u00e1m a ka\u017ed\u00fd den se studenti z\u00fa\u010dast\u0148uj\u00ed bohoslu\u017eeb. R\u00e1no vst\u00e1vaj\u00ed trochu d\u0159\u00edve, v&nbsp;7 hodin za\u010d\u00edn\u00e1 jit\u0159n\u00ed, v&nbsp;8 hodin je sn\u00eddan\u011b a pot\u00e9 v\u00fduka. Po ob\u011bd\u011b je dvouhodinov\u00fd odpo\u010dinek, v&nbsp;16 hodin ve\u010dern\u00ed a pot\u00e9 p\u0159\u00edprava na dal\u0161\u00ed den. Ve\u010der je volno a v&nbsp;11 hodin ve\u010derka. Takto to prob\u00edh\u00e1 od pond\u011bl\u00ed do p\u00e1tku. V&nbsp;p\u00e1tek po ob\u011bd\u011b odj\u00ed\u017ed\u011bj\u00ed studenti do monast\u00fdr\u016f, kam jsou p\u0159id\u011bleni (ze kter\u00fdch byli do \u0161koly posl\u00e1ni). Nad ka\u017ed\u00fdm studentem m\u00e1 toti\u017e patron\u00e1t n\u011bjak\u00fd athosk\u00fd monast\u00fdr. Na\u0161i \u017e\u00e1ci pat\u0159\u00ed do monast\u00fdru Karakalu, kde \u017eije ji\u017e sedmn\u00e1ct let otec Joanikios \u2013 p\u016fvodem Slov\u00e1k. V&nbsp;monast\u00fdru d\u011bti \u017eij\u00ed podle monast\u00fdrsk\u00fdch pravidel \u2013 tj. chod\u00ed na no\u010dn\u00ed bohoslu\u017eby, stravuj\u00ed se spolu s&nbsp;mnichy a maj\u00ed tak\u00e9 sv\u00e9 \u00fakoly \u2013 tak jako ostatn\u00ed mni\u0161i v&nbsp;monast\u00fdru. V&nbsp;ned\u011bli po ve\u010dern\u00ed se op\u011bt vrac\u00ed do sv\u00e9 \u0161koly. Ned\u00e1vno napsali na\u0161i studenti dopis vysokop\u0159eosv\u00edcen\u00e9mu vladykovi Michalovi, kter\u00fd jim na toto studium ud\u011blil sv\u00e9 po\u017eehn\u00e1n\u00ed. Tento dopis se souhlasem vladyky otiskujeme.<\/p>\n\n\n\n<p>D\u011bkujeme Bohu za Jeho milost, v\u011b\u0159\u00edme, \u017ee v\u00fduka na Svat\u00e9 ho\u0159e p\u0159inese u\u017eitek nejen na\u0161im student\u016fm, ale v&nbsp;budoucnosti i na\u0161\u00ed Pravoslavn\u00e9 c\u00edrkvi v&nbsp;\u010desk\u00fdch zem\u00edch a na Slovensku.<\/p>\n\n\n\n<p>jer. Vasyl \u010cerepko<\/p>\n\n\n\n<figure class=\"wp-block-gallery columns-3 is-cropped wp-block-gallery-1 is-layout-flex wp-block-gallery-is-layout-flex\"><ul class=\"blocks-gallery-grid\"><li class=\"blocks-gallery-item\"><figure><img loading=\"lazy\" decoding=\"async\" width=\"225\" height=\"300\" src=\"https:\/\/www.hlas-pravoslavi.cz\/wp-content\/uploads\/2021\/11\/Akademie-na-Athosu-225x300.jpg\" alt=\"\" data-id=\"226\" data-link=\"https:\/\/www.hlas-pravoslavi.cz\/?attachment_id=226#main\" class=\"wp-image-226\" srcset=\"https:\/\/www.hlas-pravoslavi.cz\/wp-content\/uploads\/2021\/11\/Akademie-na-Athosu-225x300.jpg 225w, https:\/\/www.hlas-pravoslavi.cz\/wp-content\/uploads\/2021\/11\/Akademie-na-Athosu-768x1024.jpg 768w, https:\/\/www.hlas-pravoslavi.cz\/wp-content\/uploads\/2021\/11\/Akademie-na-Athosu-1152x1536.jpg 1152w, https:\/\/www.hlas-pravoslavi.cz\/wp-content\/uploads\/2021\/11\/Akademie-na-Athosu-1536x2048.jpg 1536w, https:\/\/www.hlas-pravoslavi.cz\/wp-content\/uploads\/2021\/11\/Akademie-na-Athosu-scaled.jpg 1920w\" sizes=\"auto, (max-width: 225px) 100vw, 225px\" \/><\/figure><\/li><li class=\"blocks-gallery-item\"><figure><img loading=\"lazy\" decoding=\"async\" width=\"300\" height=\"225\" src=\"https:\/\/www.hlas-pravoslavi.cz\/wp-content\/uploads\/2021\/11\/Akademie-na-Athosu3-300x225.jpg\" alt=\"\" data-id=\"227\" data-link=\"https:\/\/www.hlas-pravoslavi.cz\/?attachment_id=227#main\" class=\"wp-image-227\" srcset=\"https:\/\/www.hlas-pravoslavi.cz\/wp-content\/uploads\/2021\/11\/Akademie-na-Athosu3-300x225.jpg 300w, https:\/\/www.hlas-pravoslavi.cz\/wp-content\/uploads\/2021\/11\/Akademie-na-Athosu3-1024x768.jpg 1024w, https:\/\/www.hlas-pravoslavi.cz\/wp-content\/uploads\/2021\/11\/Akademie-na-Athosu3-768x576.jpg 768w, https:\/\/www.hlas-pravoslavi.cz\/wp-content\/uploads\/2021\/11\/Akademie-na-Athosu3-1536x1152.jpg 1536w, https:\/\/www.hlas-pravoslavi.cz\/wp-content\/uploads\/2021\/11\/Akademie-na-Athosu3-2048x1536.jpg 2048w, https:\/\/www.hlas-pravoslavi.cz\/wp-content\/uploads\/2021\/11\/Akademie-na-Athosu3-1920x1440.jpg 1920w\" sizes=\"auto, (max-width: 300px) 100vw, 300px\" \/><\/figure><\/li><li class=\"blocks-gallery-item\"><figure><img loading=\"lazy\" decoding=\"async\" width=\"768\" height=\"1024\" src=\"https:\/\/www.hlas-pravoslavi.cz\/wp-content\/uploads\/2021\/11\/Dopis-vladykovi-768x1024.jpg\" alt=\"\" data-id=\"228\" data-full-url=\"https:\/\/www.hlas-pravoslavi.cz\/wp-content\/uploads\/2021\/11\/Dopis-vladykovi-scaled.jpg\" data-link=\"https:\/\/www.hlas-pravoslavi.cz\/?attachment_id=228#main\" class=\"wp-image-228\" srcset=\"https:\/\/www.hlas-pravoslavi.cz\/wp-content\/uploads\/2021\/11\/Dopis-vladykovi-768x1024.jpg 768w, https:\/\/www.hlas-pravoslavi.cz\/wp-content\/uploads\/2021\/11\/Dopis-vladykovi-225x300.jpg 225w, https:\/\/www.hlas-pravoslavi.cz\/wp-content\/uploads\/2021\/11\/Dopis-vladykovi-1152x1536.jpg 1152w, https:\/\/www.hlas-pravoslavi.cz\/wp-content\/uploads\/2021\/11\/Dopis-vladykovi-1536x2048.jpg 1536w, https:\/\/www.hlas-pravoslavi.cz\/wp-content\/uploads\/2021\/11\/Dopis-vladykovi-scaled.jpg 1920w\" sizes=\"auto, (max-width: 768px) 100vw, 768px\" \/><\/figure><\/li><\/ul><\/figure>\n","protected":false},"excerpt":{"rendered":"<p>V&nbsp;tomto roce ub\u011bhlo 9 let od zalo\u017een\u00ed Ned\u011bln\u00ed \u0161koly svat\u00fdch Cyrila a Metod\u011bje. Za tuto dobu \u0161kolu nav\u0161t\u011bvovalo v\u00edce ne\u017e 70 d\u011bt\u00ed. Mnoz\u00ed z&nbsp;nich ji\u017e&hellip;<\/p>\n","protected":false},"author":1,"featured_media":229,"comment_status":"closed","ping_status":"open","sticky":false,"template":"","format":"standard","meta":{"footnotes":""},"categories":[22],"tags":[15],"class_list":["post-225","post","type-post","status-publish","format-standard","has-post-thumbnail","hentry","category-nedelni-skola","tag-2016-11","has-post-thumbnail-archive"],"_links":{"self":[{"href":"https:\/\/www.hlas-pravoslavi.cz\/index.php\/wp-json\/wp\/v2\/posts\/225","targetHints":{"allow":["GET"]}}],"collection":[{"href":"https:\/\/www.hlas-pravoslavi.cz\/index.php\/wp-json\/wp\/v2\/posts"}],"about":[{"href":"https:\/\/www.hlas-pravoslavi.cz\/index.php\/wp-json\/wp\/v2\/types\/post"}],"author":[{"embeddable":true,"href":"https:\/\/www.hlas-pravoslavi.cz\/index.php\/wp-json\/wp\/v2\/users\/1"}],"replies":[{"embeddable":true,"href":"https:\/\/www.hlas-pravoslavi.cz\/index.php\/wp-json\/wp\/v2\/comments?post=225"}],"version-history":[{"count":1,"href":"https:\/\/www.hlas-pravoslavi.cz\/index.php\/wp-json\/wp\/v2\/posts\/225\/revisions"}],"predecessor-version":[{"id":230,"href":"https:\/\/www.hlas-pravoslavi.cz\/index.php\/wp-json\/wp\/v2\/posts\/225\/revisions\/230"}],"wp:featuredmedia":[{"embeddable":true,"href":"https:\/\/www.hlas-pravoslavi.cz\/index.php\/wp-json\/wp\/v2\/media\/229"}],"wp:attachment":[{"href":"https:\/\/www.hlas-pravoslavi.cz\/index.php\/wp-json\/wp\/v2\/media?parent=225"}],"wp:term":[{"taxonomy":"category","embeddable":true,"href":"https:\/\/www.hlas-pravoslavi.cz\/index.php\/wp-json\/wp\/v2\/categories?post=225"},{"taxonomy":"post_tag","embeddable":true,"href":"https:\/\/www.hlas-pravoslavi.cz\/index.php\/wp-json\/wp\/v2\/tags?post=225"}],"curies":[{"name":"wp","href":"https:\/\/api.w.org\/{rel}","templated":true}]}}