{"id":2237,"date":"2023-07-07T10:16:55","date_gmt":"2023-07-07T09:16:55","guid":{"rendered":"https:\/\/www.hlas-pravoslavi.cz\/?p=2237"},"modified":"2023-08-22T10:17:44","modified_gmt":"2023-08-22T09:17:44","slug":"valne-shromazdeni-konference-evropskych-cirkvi","status":"publish","type":"post","link":"https:\/\/www.hlas-pravoslavi.cz\/index.php\/2023\/07\/07\/valne-shromazdeni-konference-evropskych-cirkvi\/","title":{"rendered":"Valn\u00e9 shrom\u00e1\u017ed\u011bn\u00ed Konference evropsk\u00fdch c\u00edrkv\u00ed"},"content":{"rendered":"\n<p>Ve dnech 14.\u201320. \u010dervna se v&nbsp;estonsk\u00e9m Tallinnu konalo valn\u00e9 shrom\u00e1\u017ed\u011bn\u00ed Konference evropsk\u00fdch c\u00edrkv\u00ed (CEC). Tato ekumenick\u00e1 organizace sdru\u017euje 113 protestantsk\u00fdch, anglik\u00e1nsk\u00fdch, starokatolick\u00fdch a pravoslavn\u00fdch c\u00edrkv\u00ed Evropy. Jej\u00ed prvn\u00ed valn\u00e9 shrom\u00e1\u017ed\u011bn\u00ed se konalo v&nbsp;roce 1959. C\u00edlem bylo znovuobnoven\u00ed dobr\u00fdch vztah\u016f mezi zem\u011bmi a c\u00edrkvemi pov\u00e1le\u010dn\u00e9 Evropy. Valn\u00e9 shrom\u00e1\u017ed\u011bn\u00ed je nejvy\u0161\u0161\u00edm \u0159\u00edd\u00edc\u00edm org\u00e1nem CEC.<\/p>\n\n\n\n<p>\u00dakolem valn\u00e9ho shrom\u00e1\u017ed\u011bn\u00ed byla volba nov\u00e9ho veden\u00ed v\u010detn\u011b \u010dlen\u016f n\u011bkolika komis\u00ed a zm\u011bna \u00fastavy v&nbsp;souvislosti se zm\u011bnami belgick\u00e9 legislativy. T\u00e9matem shrom\u00e1\u017ed\u011bn\u00ed bylo Pod Bo\u017e\u00edm po\u017eehn\u00e1n\u00edm \u2013 formov\u00e1n\u00ed budoucnosti. Deleg\u00e1ty evropsk\u00fdch c\u00edrkv\u00ed a dal\u0161\u00ed \u00fa\u010dastn\u00edky hostily dv\u011b m\u00edstn\u00ed estonsk\u00e9 c\u00edrkve \u2013 Evangelick\u00e1 luter\u00e1nsk\u00e1 a pravoslavn\u00e1 c\u00edrkev Estonska, je\u017e je v&nbsp;jurisdikci konstantinopolsk\u00e9ho patriarch\u00e1tu. Shrom\u00e1\u017ed\u011bn\u00ed se krom\u011b protestant\u016f \u00fa\u010dastnili p\u0159edstavitel\u00e9 n\u011bkolika pravoslavn\u00fdch c\u00edrkv\u00ed: \u0159eck\u00e9, rumunsk\u00e9, polsk\u00e9, kypersk\u00e9 a ekumenick\u00e9ho patriarch\u00e1tu. Pravoslavnou c\u00edrkev v&nbsp;\u010desk\u00fdch zem\u00edch a na Slovensku rozhodnut\u00edm Posv\u00e1tn\u00e9ho synodu zastupovala sestra Nad\u011b\u017eda Skvarnik, redaktorka Hlasu pravoslav\u00ed, \u010dlenka \u00fast\u0159edn\u00edho v\u00fdboru Sv\u011btov\u00e9 rady c\u00edrkv\u00ed.<\/p>\n\n\n\n<p>\u00da\u010dastn\u00edky p\u0159iv\u00edtal starosta Tallinnu Mihail K\u00f5lvart \u2013 rod\u00e1k z&nbsp;Kazachst\u00e1nu a v&nbsp;minulosti \u00fasp\u011b\u0161n\u00fd estonsk\u00fd sportovec. \u201eTallinn m\u00e1 v\u00fdjime\u010dn\u011b dlouhou k\u0159es\u0165anskou historii \u2013 t\u00e9m\u011b\u0159 800 let,\u201c \u0159ekl starosta a dodal, \u017ee nejstar\u0161\u00ed dochovanou knihou v eston\u0161tin\u011b je luter\u00e1nsk\u00fd katechismus. \u201eV na\u0161em m\u011bst\u011b spolu v m\u00edru \u017eij\u00ed r\u016fzn\u00e1 vyzn\u00e1n\u00ed,\u201c \u0159ekl. \u201eNa\u0161e dve\u0159e a du\u0161e jsou otev\u0159en\u00e9.\u201c<\/p>\n\n\n\n<p>O kr\u00e1se Estonska se vyj\u00e1d\u0159il arcibiskup Urmas Viilma z Estonsk\u00e9 evangelick\u00e9 luter\u00e1nsk\u00e9 c\u00edrkve: \u201eEstonci miluj\u00ed p\u0159\u00edrodu, a proto r\u00e1di \u017eij\u00ed na venkov\u011b mezi lesy a ba\u017einami. I kdy\u017e \u017eij\u00ed ve m\u011bst\u011b, Estonci jsou lid\u00e9 p\u0159\u00edrody. Cen\u00ed si svobody ve sv\u00e9m pohledu na sv\u011bt.\u201c \u201eMilujeme Boha \u2013 ale ne organizovanou c\u00edrkev!\u201c \u0159ekl Viilma a z\u00e1rove\u0148 poznamenal, \u017ee Estonsk\u00e1 evangelick\u00e1 luter\u00e1nsk\u00e1 c\u00edrkev je zakl\u00e1daj\u00edc\u00edm \u010dlenem CEC.<\/p>\n\n\n\n<p>Zvolen\u00e1 nomina\u010dn\u00ed komise navrhla kandid\u00e1ty do t\u0159\u00ed z\u00e1kladn\u00edch komis\u00ed \u2013 pro strategii a politiku, pro poselstv\u00ed a ve\u0159ejn\u00e9 z\u00e1le\u017eitosti a pro finance. Mezi \u010dleny komis\u00ed jsou samoz\u0159ejm\u011b i pravoslavn\u00ed, kte\u0159\u00ed v&nbsp;CEC tvo\u0159\u00ed 25 %.<\/p>\n\n\n\n<p>Hostem shrom\u00e1\u017ed\u011bn\u00ed byla Sv\u011btlana Cichanouskaja \u2013 v\u016fdkyn\u011b b\u011blorusk\u00e9 opozice. Politi\u010dka sezn\u00e1mila \u00fa\u010dastn\u00edky se situac\u00ed v&nbsp;B\u011blorusku a p\u0159\u00edb\u011bhy pron\u00e1sledovan\u00fdch \u010dlen\u016f opozice. Hodn\u011b se mluvilo tak\u00e9 o situaci na Ukrajin\u011b. P\u0159\u00edtomn\u00ed byli p\u0159edstavitel\u00e9 nekanonick\u00e9 PCU \u2013 c\u00edrkve z\u0159\u00edzen\u00e9 v&nbsp;roce 2018 konstantinopolsk\u00fdm patriarch\u00e1tem na Ukrajin\u011b a uzn\u00e1van\u00e9 pouze \u0159eck\u00fdmi c\u00edrkvemi, kter\u00e1 se p\u0159ipravuje st\u00e1t se \u010dlenem CEC. Kv\u016fli tomu Srbsk\u00e1 pravoslavn\u00e1 c\u00edrkev ozn\u00e1mila pozastaven\u00ed sv\u00e9ho \u010dlenstv\u00ed v&nbsp;t\u00e9to evropsk\u00e9 ekumenick\u00e9 organizaci.<\/p>\n\n\n\n<p>Dal\u0161\u00edm hostem byl patriarcha konstantinopolsk\u00fd Bartolom\u011bj, jen\u017e v&nbsp;ned\u011bli 18. \u010dervna slou\u017eil sv. liturgii v&nbsp;tallinnsk\u00e9m chr\u00e1mu sv. Simeona a Anny a odpoledne pronesl proslov, v&nbsp;n\u011bm\u017e se v\u011bnoval t\u00e9matu ekumenick\u00fdch \u00faloh v Evrop\u011b budoucna a d\u016fle\u017eitosti ekumenismu. Z&nbsp;jeho \u0159e\u010di vypl\u00fdvalo, \u017ee dobr\u00fd ekumenismus je pouze ten, kter\u00fd se zakl\u00e1d\u00e1 na liber\u00e1ln\u00edch hodnot\u00e1ch. Ale kdy\u017e c\u00edrkve cht\u011bj\u00ed spolupracovat na z\u00e1klad\u011b tradi\u010dn\u00edch hodnot, je to podle hierarchy s\u00eddl\u00edc\u00edho v&nbsp;tureck\u00e9m Istanbulu ekumenismus \u0161patn\u00fd. \u201eJsou tac\u00ed, kte\u0159\u00ed volaj\u00ed po \u201enov\u00e9m ekumenismu\u201c \u2013 sjednocen\u00ed k\u0159es\u0165ansk\u00fdch c\u00edrkv\u00ed kolem takzvan\u00fdch tradicionalistick\u00fdch hodnot. Tato forma ekumenismu nutn\u011b vytv\u00e1\u0159\u00ed podivn\u00e1 spojenectv\u00ed mezi k\u0159es\u0165ansk\u00fdmi c\u00edrkvemi. C\u00edrkve, kter\u00e9 byly d\u0159\u00edve proti jak\u00e9mukoli druhu ekumenick\u00e9 konverzace, jsou nyn\u00ed p\u0159ipraveny zapojit se do takzvan\u00e9ho \u201enov\u00e9ho ekumenismu\u201c, kter\u00fd podporuje tradicionalistick\u00e9 hodnoty,\u201c kriticky se vyj\u00e1d\u0159il Bartolom\u011bj.<\/p>\n\n\n\n<p>Za nov\u00e9ho prezidenta Konference evropsk\u00fdch c\u00edrkv\u00ed byl zvolen arcibiskup Thyatiry a Velk\u00e9 Brit\u00e1nie Nikitas z&nbsp;ekumenick\u00e9ho patriarch\u00e1tu. Dv\u011bma viceprezidenty se stali Dr. Dagmar Winter a Frank Kopania.<\/p>\n\n\n\n<p>Redakce<\/p>\n\n\n\n<figure class=\"wp-block-gallery has-nested-images columns-default is-cropped wp-block-gallery-1 is-layout-flex wp-block-gallery-is-layout-flex\">\n<figure class=\"wp-block-image size-large\"><a href=\"https:\/\/www.hlas-pravoslavi.cz\/wp-content\/uploads\/2023\/08\/52976331137_4e98d16c9a_c.jpg\" data-lbwps-width=\"799\" data-lbwps-height=\"532\" data-lbwps-srcsmall=\"http:\/\/www.hlas-pravoslavi.cz\/wp-content\/uploads\/2023\/08\/52976331137_4e98d16c9a_c-300x200.jpg\"><img loading=\"lazy\" decoding=\"async\" width=\"799\" height=\"532\" data-id=\"2238\" src=\"https:\/\/www.hlas-pravoslavi.cz\/wp-content\/uploads\/2023\/08\/52976331137_4e98d16c9a_c.jpg\" alt=\"\" class=\"wp-image-2238\" srcset=\"https:\/\/www.hlas-pravoslavi.cz\/wp-content\/uploads\/2023\/08\/52976331137_4e98d16c9a_c.jpg 799w, https:\/\/www.hlas-pravoslavi.cz\/wp-content\/uploads\/2023\/08\/52976331137_4e98d16c9a_c-300x200.jpg 300w, https:\/\/www.hlas-pravoslavi.cz\/wp-content\/uploads\/2023\/08\/52976331137_4e98d16c9a_c-768x511.jpg 768w\" sizes=\"auto, (max-width: 799px) 100vw, 799px\" \/><\/a><\/figure>\n\n\n\n<figure class=\"wp-block-image size-large\"><a href=\"https:\/\/www.hlas-pravoslavi.cz\/wp-content\/uploads\/2023\/08\/52976467010_80b6743455_c.jpg\" data-lbwps-width=\"799\" data-lbwps-height=\"541\" data-lbwps-srcsmall=\"http:\/\/www.hlas-pravoslavi.cz\/wp-content\/uploads\/2023\/08\/52976467010_80b6743455_c-300x203.jpg\"><img loading=\"lazy\" decoding=\"async\" width=\"799\" height=\"541\" data-id=\"2242\" src=\"https:\/\/www.hlas-pravoslavi.cz\/wp-content\/uploads\/2023\/08\/52976467010_80b6743455_c.jpg\" alt=\"\" class=\"wp-image-2242\" srcset=\"https:\/\/www.hlas-pravoslavi.cz\/wp-content\/uploads\/2023\/08\/52976467010_80b6743455_c.jpg 799w, https:\/\/www.hlas-pravoslavi.cz\/wp-content\/uploads\/2023\/08\/52976467010_80b6743455_c-300x203.jpg 300w, https:\/\/www.hlas-pravoslavi.cz\/wp-content\/uploads\/2023\/08\/52976467010_80b6743455_c-768x520.jpg 768w\" sizes=\"auto, (max-width: 799px) 100vw, 799px\" \/><\/a><\/figure>\n\n\n\n<figure class=\"wp-block-image size-large\"><a href=\"https:\/\/www.hlas-pravoslavi.cz\/wp-content\/uploads\/2023\/08\/52976558967_101014ec1f_c.jpg\" data-lbwps-width=\"799\" data-lbwps-height=\"532\" data-lbwps-srcsmall=\"http:\/\/www.hlas-pravoslavi.cz\/wp-content\/uploads\/2023\/08\/52976558967_101014ec1f_c-300x200.jpg\"><img loading=\"lazy\" decoding=\"async\" width=\"799\" height=\"532\" data-id=\"2246\" src=\"https:\/\/www.hlas-pravoslavi.cz\/wp-content\/uploads\/2023\/08\/52976558967_101014ec1f_c.jpg\" alt=\"\" class=\"wp-image-2246\" srcset=\"https:\/\/www.hlas-pravoslavi.cz\/wp-content\/uploads\/2023\/08\/52976558967_101014ec1f_c.jpg 799w, https:\/\/www.hlas-pravoslavi.cz\/wp-content\/uploads\/2023\/08\/52976558967_101014ec1f_c-300x200.jpg 300w, https:\/\/www.hlas-pravoslavi.cz\/wp-content\/uploads\/2023\/08\/52976558967_101014ec1f_c-768x511.jpg 768w\" sizes=\"auto, (max-width: 799px) 100vw, 799px\" \/><\/a><\/figure>\n\n\n\n<figure class=\"wp-block-image size-large\"><a href=\"https:\/\/www.hlas-pravoslavi.cz\/wp-content\/uploads\/2023\/08\/52976612579_e77532e9a9_c.jpg\" data-lbwps-width=\"799\" data-lbwps-height=\"533\" data-lbwps-srcsmall=\"http:\/\/www.hlas-pravoslavi.cz\/wp-content\/uploads\/2023\/08\/52976612579_e77532e9a9_c-300x200.jpg\"><img loading=\"lazy\" decoding=\"async\" width=\"799\" height=\"533\" data-id=\"2239\" src=\"https:\/\/www.hlas-pravoslavi.cz\/wp-content\/uploads\/2023\/08\/52976612579_e77532e9a9_c.jpg\" alt=\"\" class=\"wp-image-2239\" srcset=\"https:\/\/www.hlas-pravoslavi.cz\/wp-content\/uploads\/2023\/08\/52976612579_e77532e9a9_c.jpg 799w, https:\/\/www.hlas-pravoslavi.cz\/wp-content\/uploads\/2023\/08\/52976612579_e77532e9a9_c-300x200.jpg 300w, https:\/\/www.hlas-pravoslavi.cz\/wp-content\/uploads\/2023\/08\/52976612579_e77532e9a9_c-768x512.jpg 768w\" sizes=\"auto, (max-width: 799px) 100vw, 799px\" \/><\/a><\/figure>\n\n\n\n<figure class=\"wp-block-image size-large\"><a href=\"https:\/\/www.hlas-pravoslavi.cz\/wp-content\/uploads\/2023\/08\/52976731733_20e8863b3a_c.jpg\" data-lbwps-width=\"799\" data-lbwps-height=\"532\" data-lbwps-srcsmall=\"http:\/\/www.hlas-pravoslavi.cz\/wp-content\/uploads\/2023\/08\/52976731733_20e8863b3a_c-300x200.jpg\"><img loading=\"lazy\" decoding=\"async\" width=\"799\" height=\"532\" data-id=\"2240\" src=\"https:\/\/www.hlas-pravoslavi.cz\/wp-content\/uploads\/2023\/08\/52976731733_20e8863b3a_c.jpg\" alt=\"\" class=\"wp-image-2240\" srcset=\"https:\/\/www.hlas-pravoslavi.cz\/wp-content\/uploads\/2023\/08\/52976731733_20e8863b3a_c.jpg 799w, https:\/\/www.hlas-pravoslavi.cz\/wp-content\/uploads\/2023\/08\/52976731733_20e8863b3a_c-300x200.jpg 300w, https:\/\/www.hlas-pravoslavi.cz\/wp-content\/uploads\/2023\/08\/52976731733_20e8863b3a_c-768x511.jpg 768w\" sizes=\"auto, (max-width: 799px) 100vw, 799px\" \/><\/a><\/figure>\n\n\n\n<figure class=\"wp-block-image size-large\"><a href=\"https:\/\/www.hlas-pravoslavi.cz\/wp-content\/uploads\/2023\/08\/52978392504_270c14682e_c.jpg\" data-lbwps-width=\"799\" data-lbwps-height=\"533\" data-lbwps-srcsmall=\"http:\/\/www.hlas-pravoslavi.cz\/wp-content\/uploads\/2023\/08\/52978392504_270c14682e_c-300x200.jpg\"><img loading=\"lazy\" decoding=\"async\" width=\"799\" height=\"533\" data-id=\"2241\" src=\"https:\/\/www.hlas-pravoslavi.cz\/wp-content\/uploads\/2023\/08\/52978392504_270c14682e_c.jpg\" alt=\"\" class=\"wp-image-2241\" srcset=\"https:\/\/www.hlas-pravoslavi.cz\/wp-content\/uploads\/2023\/08\/52978392504_270c14682e_c.jpg 799w, https:\/\/www.hlas-pravoslavi.cz\/wp-content\/uploads\/2023\/08\/52978392504_270c14682e_c-300x200.jpg 300w, https:\/\/www.hlas-pravoslavi.cz\/wp-content\/uploads\/2023\/08\/52978392504_270c14682e_c-768x512.jpg 768w\" sizes=\"auto, (max-width: 799px) 100vw, 799px\" \/><\/a><\/figure>\n\n\n\n<figure class=\"wp-block-image size-large\"><a href=\"https:\/\/www.hlas-pravoslavi.cz\/wp-content\/uploads\/2023\/08\/52979557032_9e1dc12134_c.jpg\" data-lbwps-width=\"799\" data-lbwps-height=\"532\" data-lbwps-srcsmall=\"http:\/\/www.hlas-pravoslavi.cz\/wp-content\/uploads\/2023\/08\/52979557032_9e1dc12134_c-300x200.jpg\"><img loading=\"lazy\" decoding=\"async\" width=\"799\" height=\"532\" data-id=\"2243\" src=\"https:\/\/www.hlas-pravoslavi.cz\/wp-content\/uploads\/2023\/08\/52979557032_9e1dc12134_c.jpg\" alt=\"\" class=\"wp-image-2243\" srcset=\"https:\/\/www.hlas-pravoslavi.cz\/wp-content\/uploads\/2023\/08\/52979557032_9e1dc12134_c.jpg 799w, https:\/\/www.hlas-pravoslavi.cz\/wp-content\/uploads\/2023\/08\/52979557032_9e1dc12134_c-300x200.jpg 300w, https:\/\/www.hlas-pravoslavi.cz\/wp-content\/uploads\/2023\/08\/52979557032_9e1dc12134_c-768x511.jpg 768w\" sizes=\"auto, (max-width: 799px) 100vw, 799px\" \/><\/a><\/figure>\n\n\n\n<figure class=\"wp-block-image size-large\"><a href=\"https:\/\/www.hlas-pravoslavi.cz\/wp-content\/uploads\/2023\/08\/52981189975_f145b68cff_c.jpg\" data-lbwps-width=\"799\" data-lbwps-height=\"527\" data-lbwps-srcsmall=\"http:\/\/www.hlas-pravoslavi.cz\/wp-content\/uploads\/2023\/08\/52981189975_f145b68cff_c-300x198.jpg\"><img loading=\"lazy\" decoding=\"async\" width=\"799\" height=\"527\" data-id=\"2245\" src=\"https:\/\/www.hlas-pravoslavi.cz\/wp-content\/uploads\/2023\/08\/52981189975_f145b68cff_c.jpg\" alt=\"\" class=\"wp-image-2245\" srcset=\"https:\/\/www.hlas-pravoslavi.cz\/wp-content\/uploads\/2023\/08\/52981189975_f145b68cff_c.jpg 799w, https:\/\/www.hlas-pravoslavi.cz\/wp-content\/uploads\/2023\/08\/52981189975_f145b68cff_c-300x198.jpg 300w, https:\/\/www.hlas-pravoslavi.cz\/wp-content\/uploads\/2023\/08\/52981189975_f145b68cff_c-768x507.jpg 768w\" sizes=\"auto, (max-width: 799px) 100vw, 799px\" \/><\/a><\/figure>\n\n\n\n<figure class=\"wp-block-image size-large\"><a href=\"https:\/\/www.hlas-pravoslavi.cz\/wp-content\/uploads\/2023\/08\/52982923241_3bf5875ffb_c.jpg\" data-lbwps-width=\"799\" data-lbwps-height=\"532\" data-lbwps-srcsmall=\"http:\/\/www.hlas-pravoslavi.cz\/wp-content\/uploads\/2023\/08\/52982923241_3bf5875ffb_c-300x200.jpg\"><img loading=\"lazy\" decoding=\"async\" width=\"799\" height=\"532\" data-id=\"2244\" src=\"https:\/\/www.hlas-pravoslavi.cz\/wp-content\/uploads\/2023\/08\/52982923241_3bf5875ffb_c.jpg\" alt=\"\" class=\"wp-image-2244\" srcset=\"https:\/\/www.hlas-pravoslavi.cz\/wp-content\/uploads\/2023\/08\/52982923241_3bf5875ffb_c.jpg 799w, https:\/\/www.hlas-pravoslavi.cz\/wp-content\/uploads\/2023\/08\/52982923241_3bf5875ffb_c-300x200.jpg 300w, https:\/\/www.hlas-pravoslavi.cz\/wp-content\/uploads\/2023\/08\/52982923241_3bf5875ffb_c-768x511.jpg 768w\" sizes=\"auto, (max-width: 799px) 100vw, 799px\" \/><\/a><\/figure>\n<\/figure>\n","protected":false},"excerpt":{"rendered":"<p>Ve dnech 14.\u201320. \u010dervna se v&nbsp;estonsk\u00e9m Tallinnu konalo valn\u00e9 shrom\u00e1\u017ed\u011bn\u00ed Konference evropsk\u00fdch c\u00edrkv\u00ed (CEC). Tato ekumenick\u00e1 organizace sdru\u017euje 113 protestantsk\u00fdch, anglik\u00e1nsk\u00fdch, starokatolick\u00fdch a pravoslavn\u00fdch c\u00edrkv\u00ed&hellip;<\/p>\n","protected":false},"author":1,"featured_media":0,"comment_status":"closed","ping_status":"open","sticky":false,"template":"","format":"standard","meta":{"footnotes":""},"categories":[10],"tags":[77],"class_list":["post-2237","post","type-post","status-publish","format-standard","hentry","category-zpravy-ze-sveta","tag-2023-07"],"_links":{"self":[{"href":"https:\/\/www.hlas-pravoslavi.cz\/index.php\/wp-json\/wp\/v2\/posts\/2237","targetHints":{"allow":["GET"]}}],"collection":[{"href":"https:\/\/www.hlas-pravoslavi.cz\/index.php\/wp-json\/wp\/v2\/posts"}],"about":[{"href":"https:\/\/www.hlas-pravoslavi.cz\/index.php\/wp-json\/wp\/v2\/types\/post"}],"author":[{"embeddable":true,"href":"https:\/\/www.hlas-pravoslavi.cz\/index.php\/wp-json\/wp\/v2\/users\/1"}],"replies":[{"embeddable":true,"href":"https:\/\/www.hlas-pravoslavi.cz\/index.php\/wp-json\/wp\/v2\/comments?post=2237"}],"version-history":[{"count":1,"href":"https:\/\/www.hlas-pravoslavi.cz\/index.php\/wp-json\/wp\/v2\/posts\/2237\/revisions"}],"predecessor-version":[{"id":2247,"href":"https:\/\/www.hlas-pravoslavi.cz\/index.php\/wp-json\/wp\/v2\/posts\/2237\/revisions\/2247"}],"wp:attachment":[{"href":"https:\/\/www.hlas-pravoslavi.cz\/index.php\/wp-json\/wp\/v2\/media?parent=2237"}],"wp:term":[{"taxonomy":"category","embeddable":true,"href":"https:\/\/www.hlas-pravoslavi.cz\/index.php\/wp-json\/wp\/v2\/categories?post=2237"},{"taxonomy":"post_tag","embeddable":true,"href":"https:\/\/www.hlas-pravoslavi.cz\/index.php\/wp-json\/wp\/v2\/tags?post=2237"}],"curies":[{"name":"wp","href":"https:\/\/api.w.org\/{rel}","templated":true}]}}