{"id":2180,"date":"2023-07-07T15:02:53","date_gmt":"2023-07-07T14:02:53","guid":{"rendered":"https:\/\/www.hlas-pravoslavi.cz\/?p=2180"},"modified":"2023-08-07T15:03:10","modified_gmt":"2023-08-07T14:03:10","slug":"z-programu-bohosluzeb-a-dalsich-aktivit-arcibiskupa-michala-v-cervnu-2023","status":"publish","type":"post","link":"https:\/\/www.hlas-pravoslavi.cz\/index.php\/2023\/07\/07\/z-programu-bohosluzeb-a-dalsich-aktivit-arcibiskupa-michala-v-cervnu-2023\/","title":{"rendered":"Z\u00a0programu bohoslu\u017eeb a dal\u0161\u00edch aktivit arcibiskupa Michala v\u00a0\u010dervnu 2023"},"content":{"rendered":"\n<p><strong>3. 6. 2023<\/strong> Arcibiskup pra\u017esk\u00fd a \u010desk\u00fdch zem\u00ed Michal&nbsp;nav\u0161t\u00edvil PCO Vod\u0148any, kde slou\u017eil sv. liturgii v&nbsp;chr\u00e1mu sv. Jana K\u0159titele.<\/p>\n\n\n\n<p><strong>4. 6. 2023 <\/strong>V&nbsp;den sv\u00e1tku Pades\u00e1tnice arcibiskup Michal slou\u017eil sv. liturgii v&nbsp;katedr\u00e1le sv. Cyrila a Metod\u011bje v&nbsp;Praze 2.<\/p>\n\n\n\n<p><strong>&nbsp;5. 6. 2023<\/strong> V&nbsp;den Ducha Svat\u00e9ho se vladyka Michal vydal do Chomutova, kde se ten den slavil chr\u00e1mov\u00fd sv\u00e1tek. V&nbsp;chr\u00e1mu zasv\u011bcen\u00e9m Duchu Svat\u00e9mu arcibiskup Michal, duchovn\u00ed spr\u00e1vce prot. Vasyl Iovbak a \u010detn\u00ed duchovn\u00ed PPE slou\u017eili sv. liturgii.<\/p>\n\n\n\n<p><strong>9.\u201311. 06. 2023<\/strong> Arcibiskup pra\u017esk\u00fd a \u010desk\u00fdch zem\u00ed Michal s&nbsp;po\u017eehn\u00e1n\u00edm Jeho Bla\u017eenosti Rostislava a na pozv\u00e1n\u00ed biskupa rakousk\u00e9ho a \u0161v\u00fdcarsk\u00e9ho Andreje Srbsk\u00e9 pravoslavn\u00e9 c\u00edrkve nav\u0161t\u00edvil Rakousko, kde se uskute\u010dnila vzpom\u00ednkov\u00e1 akce v\u011bnovan\u00e1 uct\u011bn\u00ed pam\u00e1tky srbsk\u00fdch a \u010desk\u00fdch novomu\u010dedn\u00edk\u016f a jejich rodinn\u00fdch p\u0159\u00edslu\u0161n\u00edk\u016f umu\u010den\u00fdch v koncentra\u010dn\u00edm t\u00e1bo\u0159e Mauthausen. P\u0159\u00edtomen byl i srbsk\u00fd patriarcha Porfirij. Sou\u010d\u00e1st\u00ed vzpom\u00ednkov\u00e9 akce bylo sv\u011bcen\u00ed srbsk\u00e9 pravoslavn\u00e9 kaple v Mauthausenu.&nbsp;<\/p>\n\n\n\n<p><strong>18. 6. 2023 <\/strong>Arcibiskup Michal se z\u00fa\u010dastnil pietn\u00edho aktu s&nbsp;panychidou a pokl\u00e1d\u00e1n\u00edm v\u011bnc\u016f u p\u0159\u00edle\u017eitosti 81. v\u00fdro\u010d\u00ed hrdinn\u00e9ho boje s nacisty a smrti \u010deskoslovensk\u00fdch para\u0161utist\u016f, kter\u00fd se konal v pra\u017esk\u00e9 katedr\u00e1le sv. Cyrila a Metod\u011bje. Akce se z\u00fa\u010dastnili p\u0159edstavitel\u00e9 \u010desk\u00e9 vl\u00e1dy a arm\u00e1dy.<\/p>\n\n\n\n<p><strong>25. 6. 2023 <\/strong>V&nbsp;3. ned\u011bli po Pades\u00e1tnici a v den sv\u00e1tku sv. Onufrije Velik\u00e9ho vladyka Michal slou\u017eil sv. liturgii v&nbsp;chr\u00e1mu sv. Kate\u0159iny Alexandrijsk\u00e9. P\u0159i bohoslu\u017eb\u011b byla pronesena modlitba za m\u00edr na Ukrajin\u011b a za Jeho Bla\u017eenost Onufrije, metropolitu kyjevsk\u00e9ho a cel\u00e9 Ukrajiny, jen\u017e ten den slavil sv\u00e1tek sv\u00e9ho nebesk\u00e9ho ochr\u00e1nce.<\/p>\n\n\n\n<p><strong>28. 6. 2023 <\/strong>V den sv\u00e1tku sv. Lazara, kn\u00ed\u017eete srbsk\u00e9ho, arcibiskup Michal slou\u017eil sv. liturgii a panychidu v\u00a0mauzoleu v\u00a0Jind\u0159ichovic\u00edch na Sokolovsku na m\u00edst\u011b b\u00fdval\u00e9ho zajateck\u00e9ho t\u00e1bora vznikl\u00e9ho v\u00a0roce 1915. Spolu s\u00a0arcibiskupem slou\u017eil mitr. prot. Srdjan Jablanovi\u0107 a duchovn\u00ed spr\u00e1vce srbsk\u00e9 farnosti v\u00a0rakousk\u00e9m Linzu a kaple v\u00a0Mauthausenu prot. Dragan Mi\u010di\u010d. Na bohoslu\u017eb\u011b byl p\u0159\u00edtomen velvyslanec Srbsk\u00e9 republiky J. E. p. Berislav Veki\u0107 a p\u0159edstavitelka rusk\u00e9ho velvyslanectv\u00ed.<\/p>\n\n\n\n<figure class=\"wp-block-gallery has-nested-images columns-default is-cropped wp-block-gallery-1 is-layout-flex wp-block-gallery-is-layout-flex\">\n<figure class=\"wp-block-image size-large\"><a href=\"https:\/\/www.hlas-pravoslavi.cz\/wp-content\/uploads\/2023\/08\/3.6-1.jpg\" data-lbwps-width=\"2048\" data-lbwps-height=\"1536\" data-lbwps-srcsmall=\"http:\/\/www.hlas-pravoslavi.cz\/wp-content\/uploads\/2023\/08\/3.6-1-300x225.jpg\"><img loading=\"lazy\" decoding=\"async\" width=\"1024\" height=\"768\" data-id=\"2181\" src=\"https:\/\/www.hlas-pravoslavi.cz\/wp-content\/uploads\/2023\/08\/3.6-1-1024x768.jpg\" alt=\"\" class=\"wp-image-2181\" srcset=\"https:\/\/www.hlas-pravoslavi.cz\/wp-content\/uploads\/2023\/08\/3.6-1-1024x768.jpg 1024w, https:\/\/www.hlas-pravoslavi.cz\/wp-content\/uploads\/2023\/08\/3.6-1-300x225.jpg 300w, https:\/\/www.hlas-pravoslavi.cz\/wp-content\/uploads\/2023\/08\/3.6-1-768x576.jpg 768w, https:\/\/www.hlas-pravoslavi.cz\/wp-content\/uploads\/2023\/08\/3.6-1-1536x1152.jpg 1536w, https:\/\/www.hlas-pravoslavi.cz\/wp-content\/uploads\/2023\/08\/3.6-1-1920x1440.jpg 1920w, https:\/\/www.hlas-pravoslavi.cz\/wp-content\/uploads\/2023\/08\/3.6-1.jpg 2048w\" sizes=\"auto, (max-width: 1024px) 100vw, 1024px\" \/><\/a><figcaption class=\"wp-element-caption\">3.06.2023<\/figcaption><\/figure>\n\n\n\n<figure class=\"wp-block-image size-large\"><a href=\"https:\/\/www.hlas-pravoslavi.cz\/wp-content\/uploads\/2023\/08\/3.6-2.jpg\" data-lbwps-width=\"2048\" data-lbwps-height=\"1536\" data-lbwps-srcsmall=\"http:\/\/www.hlas-pravoslavi.cz\/wp-content\/uploads\/2023\/08\/3.6-2-300x225.jpg\"><img loading=\"lazy\" decoding=\"async\" width=\"1024\" height=\"768\" data-id=\"2189\" src=\"https:\/\/www.hlas-pravoslavi.cz\/wp-content\/uploads\/2023\/08\/3.6-2-1024x768.jpg\" alt=\"\" class=\"wp-image-2189\" srcset=\"https:\/\/www.hlas-pravoslavi.cz\/wp-content\/uploads\/2023\/08\/3.6-2-1024x768.jpg 1024w, https:\/\/www.hlas-pravoslavi.cz\/wp-content\/uploads\/2023\/08\/3.6-2-300x225.jpg 300w, https:\/\/www.hlas-pravoslavi.cz\/wp-content\/uploads\/2023\/08\/3.6-2-768x576.jpg 768w, https:\/\/www.hlas-pravoslavi.cz\/wp-content\/uploads\/2023\/08\/3.6-2-1536x1152.jpg 1536w, https:\/\/www.hlas-pravoslavi.cz\/wp-content\/uploads\/2023\/08\/3.6-2-1920x1440.jpg 1920w, https:\/\/www.hlas-pravoslavi.cz\/wp-content\/uploads\/2023\/08\/3.6-2.jpg 2048w\" sizes=\"auto, (max-width: 1024px) 100vw, 1024px\" \/><\/a><figcaption class=\"wp-element-caption\">3.06.2023<\/figcaption><\/figure>\n\n\n\n<figure class=\"wp-block-image size-large\"><a href=\"https:\/\/www.hlas-pravoslavi.cz\/wp-content\/uploads\/2023\/08\/3.6-3.jpg\" data-lbwps-width=\"2048\" data-lbwps-height=\"1536\" data-lbwps-srcsmall=\"http:\/\/www.hlas-pravoslavi.cz\/wp-content\/uploads\/2023\/08\/3.6-3-300x225.jpg\"><img loading=\"lazy\" decoding=\"async\" width=\"1024\" height=\"768\" data-id=\"2187\" src=\"https:\/\/www.hlas-pravoslavi.cz\/wp-content\/uploads\/2023\/08\/3.6-3-1024x768.jpg\" alt=\"\" class=\"wp-image-2187\" srcset=\"https:\/\/www.hlas-pravoslavi.cz\/wp-content\/uploads\/2023\/08\/3.6-3-1024x768.jpg 1024w, https:\/\/www.hlas-pravoslavi.cz\/wp-content\/uploads\/2023\/08\/3.6-3-300x225.jpg 300w, https:\/\/www.hlas-pravoslavi.cz\/wp-content\/uploads\/2023\/08\/3.6-3-768x576.jpg 768w, https:\/\/www.hlas-pravoslavi.cz\/wp-content\/uploads\/2023\/08\/3.6-3-1536x1152.jpg 1536w, https:\/\/www.hlas-pravoslavi.cz\/wp-content\/uploads\/2023\/08\/3.6-3-1920x1440.jpg 1920w, https:\/\/www.hlas-pravoslavi.cz\/wp-content\/uploads\/2023\/08\/3.6-3.jpg 2048w\" sizes=\"auto, (max-width: 1024px) 100vw, 1024px\" \/><\/a><figcaption class=\"wp-element-caption\">3.06.2023<\/figcaption><\/figure>\n\n\n\n<figure class=\"wp-block-image size-large\"><a href=\"https:\/\/www.hlas-pravoslavi.cz\/wp-content\/uploads\/2023\/08\/4.6-1.jpg\" data-lbwps-width=\"2048\" data-lbwps-height=\"1536\" data-lbwps-srcsmall=\"http:\/\/www.hlas-pravoslavi.cz\/wp-content\/uploads\/2023\/08\/4.6-1-300x225.jpg\"><img loading=\"lazy\" decoding=\"async\" width=\"1024\" height=\"768\" data-id=\"2188\" src=\"https:\/\/www.hlas-pravoslavi.cz\/wp-content\/uploads\/2023\/08\/4.6-1-1024x768.jpg\" alt=\"\" class=\"wp-image-2188\" srcset=\"https:\/\/www.hlas-pravoslavi.cz\/wp-content\/uploads\/2023\/08\/4.6-1-1024x768.jpg 1024w, https:\/\/www.hlas-pravoslavi.cz\/wp-content\/uploads\/2023\/08\/4.6-1-300x225.jpg 300w, https:\/\/www.hlas-pravoslavi.cz\/wp-content\/uploads\/2023\/08\/4.6-1-768x576.jpg 768w, https:\/\/www.hlas-pravoslavi.cz\/wp-content\/uploads\/2023\/08\/4.6-1-1536x1152.jpg 1536w, https:\/\/www.hlas-pravoslavi.cz\/wp-content\/uploads\/2023\/08\/4.6-1-1920x1440.jpg 1920w, https:\/\/www.hlas-pravoslavi.cz\/wp-content\/uploads\/2023\/08\/4.6-1.jpg 2048w\" sizes=\"auto, (max-width: 1024px) 100vw, 1024px\" \/><\/a><figcaption class=\"wp-element-caption\">4.06.2023<\/figcaption><\/figure>\n\n\n\n<figure class=\"wp-block-image size-large\"><a href=\"https:\/\/www.hlas-pravoslavi.cz\/wp-content\/uploads\/2023\/08\/4.6-2.jpg\" data-lbwps-width=\"2048\" data-lbwps-height=\"1536\" data-lbwps-srcsmall=\"http:\/\/www.hlas-pravoslavi.cz\/wp-content\/uploads\/2023\/08\/4.6-2-300x225.jpg\"><img loading=\"lazy\" decoding=\"async\" width=\"1024\" height=\"768\" data-id=\"2191\" src=\"https:\/\/www.hlas-pravoslavi.cz\/wp-content\/uploads\/2023\/08\/4.6-2-1024x768.jpg\" alt=\"\" class=\"wp-image-2191\" srcset=\"https:\/\/www.hlas-pravoslavi.cz\/wp-content\/uploads\/2023\/08\/4.6-2-1024x768.jpg 1024w, https:\/\/www.hlas-pravoslavi.cz\/wp-content\/uploads\/2023\/08\/4.6-2-300x225.jpg 300w, https:\/\/www.hlas-pravoslavi.cz\/wp-content\/uploads\/2023\/08\/4.6-2-768x576.jpg 768w, https:\/\/www.hlas-pravoslavi.cz\/wp-content\/uploads\/2023\/08\/4.6-2-1536x1152.jpg 1536w, https:\/\/www.hlas-pravoslavi.cz\/wp-content\/uploads\/2023\/08\/4.6-2-1920x1440.jpg 1920w, https:\/\/www.hlas-pravoslavi.cz\/wp-content\/uploads\/2023\/08\/4.6-2.jpg 2048w\" sizes=\"auto, (max-width: 1024px) 100vw, 1024px\" \/><\/a><figcaption class=\"wp-element-caption\">4.06.2023<\/figcaption><\/figure>\n\n\n\n<figure class=\"wp-block-image size-large\"><a href=\"https:\/\/www.hlas-pravoslavi.cz\/wp-content\/uploads\/2023\/08\/4.6-3.jpg\" data-lbwps-width=\"2048\" data-lbwps-height=\"1536\" data-lbwps-srcsmall=\"http:\/\/www.hlas-pravoslavi.cz\/wp-content\/uploads\/2023\/08\/4.6-3-300x225.jpg\"><img loading=\"lazy\" decoding=\"async\" width=\"1024\" height=\"768\" data-id=\"2194\" src=\"https:\/\/www.hlas-pravoslavi.cz\/wp-content\/uploads\/2023\/08\/4.6-3-1024x768.jpg\" alt=\"\" class=\"wp-image-2194\" srcset=\"https:\/\/www.hlas-pravoslavi.cz\/wp-content\/uploads\/2023\/08\/4.6-3-1024x768.jpg 1024w, https:\/\/www.hlas-pravoslavi.cz\/wp-content\/uploads\/2023\/08\/4.6-3-300x225.jpg 300w, https:\/\/www.hlas-pravoslavi.cz\/wp-content\/uploads\/2023\/08\/4.6-3-768x576.jpg 768w, https:\/\/www.hlas-pravoslavi.cz\/wp-content\/uploads\/2023\/08\/4.6-3-1536x1152.jpg 1536w, https:\/\/www.hlas-pravoslavi.cz\/wp-content\/uploads\/2023\/08\/4.6-3-1920x1440.jpg 1920w, https:\/\/www.hlas-pravoslavi.cz\/wp-content\/uploads\/2023\/08\/4.6-3.jpg 2048w\" sizes=\"auto, (max-width: 1024px) 100vw, 1024px\" \/><\/a><figcaption class=\"wp-element-caption\">4.06.2023<\/figcaption><\/figure>\n\n\n\n<figure class=\"wp-block-image size-large\"><a href=\"https:\/\/www.hlas-pravoslavi.cz\/wp-content\/uploads\/2023\/08\/5.6-1.jpg\" data-lbwps-width=\"2048\" data-lbwps-height=\"1536\" data-lbwps-srcsmall=\"http:\/\/www.hlas-pravoslavi.cz\/wp-content\/uploads\/2023\/08\/5.6-1-300x225.jpg\"><img loading=\"lazy\" decoding=\"async\" width=\"1024\" height=\"768\" data-id=\"2190\" src=\"https:\/\/www.hlas-pravoslavi.cz\/wp-content\/uploads\/2023\/08\/5.6-1-1024x768.jpg\" alt=\"\" class=\"wp-image-2190\" srcset=\"https:\/\/www.hlas-pravoslavi.cz\/wp-content\/uploads\/2023\/08\/5.6-1-1024x768.jpg 1024w, https:\/\/www.hlas-pravoslavi.cz\/wp-content\/uploads\/2023\/08\/5.6-1-300x225.jpg 300w, https:\/\/www.hlas-pravoslavi.cz\/wp-content\/uploads\/2023\/08\/5.6-1-768x576.jpg 768w, https:\/\/www.hlas-pravoslavi.cz\/wp-content\/uploads\/2023\/08\/5.6-1-1536x1152.jpg 1536w, https:\/\/www.hlas-pravoslavi.cz\/wp-content\/uploads\/2023\/08\/5.6-1-1920x1440.jpg 1920w, https:\/\/www.hlas-pravoslavi.cz\/wp-content\/uploads\/2023\/08\/5.6-1.jpg 2048w\" sizes=\"auto, (max-width: 1024px) 100vw, 1024px\" \/><\/a><figcaption class=\"wp-element-caption\">5.06.2023<\/figcaption><\/figure>\n\n\n\n<figure class=\"wp-block-image size-large\"><a href=\"https:\/\/www.hlas-pravoslavi.cz\/wp-content\/uploads\/2023\/08\/5.6-2.jpg\" data-lbwps-width=\"2048\" data-lbwps-height=\"1536\" data-lbwps-srcsmall=\"http:\/\/www.hlas-pravoslavi.cz\/wp-content\/uploads\/2023\/08\/5.6-2-300x225.jpg\"><img loading=\"lazy\" decoding=\"async\" width=\"1024\" height=\"768\" data-id=\"2193\" src=\"https:\/\/www.hlas-pravoslavi.cz\/wp-content\/uploads\/2023\/08\/5.6-2-1024x768.jpg\" alt=\"\" class=\"wp-image-2193\" srcset=\"https:\/\/www.hlas-pravoslavi.cz\/wp-content\/uploads\/2023\/08\/5.6-2-1024x768.jpg 1024w, https:\/\/www.hlas-pravoslavi.cz\/wp-content\/uploads\/2023\/08\/5.6-2-300x225.jpg 300w, https:\/\/www.hlas-pravoslavi.cz\/wp-content\/uploads\/2023\/08\/5.6-2-768x576.jpg 768w, https:\/\/www.hlas-pravoslavi.cz\/wp-content\/uploads\/2023\/08\/5.6-2-1536x1152.jpg 1536w, https:\/\/www.hlas-pravoslavi.cz\/wp-content\/uploads\/2023\/08\/5.6-2-1920x1440.jpg 1920w, https:\/\/www.hlas-pravoslavi.cz\/wp-content\/uploads\/2023\/08\/5.6-2.jpg 2048w\" sizes=\"auto, (max-width: 1024px) 100vw, 1024px\" \/><\/a><figcaption class=\"wp-element-caption\">5.06.2023<\/figcaption><\/figure>\n\n\n\n<figure class=\"wp-block-image size-large\"><a href=\"https:\/\/www.hlas-pravoslavi.cz\/wp-content\/uploads\/2023\/08\/10.6-1.jpg\" data-lbwps-width=\"1024\" data-lbwps-height=\"768\" data-lbwps-srcsmall=\"http:\/\/www.hlas-pravoslavi.cz\/wp-content\/uploads\/2023\/08\/10.6-1-300x225.jpg\"><img loading=\"lazy\" decoding=\"async\" width=\"1024\" height=\"768\" data-id=\"2183\" src=\"https:\/\/www.hlas-pravoslavi.cz\/wp-content\/uploads\/2023\/08\/10.6-1.jpg\" alt=\"\" class=\"wp-image-2183\" srcset=\"https:\/\/www.hlas-pravoslavi.cz\/wp-content\/uploads\/2023\/08\/10.6-1.jpg 1024w, https:\/\/www.hlas-pravoslavi.cz\/wp-content\/uploads\/2023\/08\/10.6-1-300x225.jpg 300w, https:\/\/www.hlas-pravoslavi.cz\/wp-content\/uploads\/2023\/08\/10.6-1-768x576.jpg 768w\" sizes=\"auto, (max-width: 1024px) 100vw, 1024px\" \/><\/a><figcaption class=\"wp-element-caption\">10.06.2023<\/figcaption><\/figure>\n\n\n\n<figure class=\"wp-block-image size-large\"><a href=\"https:\/\/www.hlas-pravoslavi.cz\/wp-content\/uploads\/2023\/08\/10.6-2.jpg\" data-lbwps-width=\"1024\" data-lbwps-height=\"768\" data-lbwps-srcsmall=\"http:\/\/www.hlas-pravoslavi.cz\/wp-content\/uploads\/2023\/08\/10.6-2-300x225.jpg\"><img loading=\"lazy\" decoding=\"async\" width=\"1024\" height=\"768\" data-id=\"2182\" src=\"https:\/\/www.hlas-pravoslavi.cz\/wp-content\/uploads\/2023\/08\/10.6-2.jpg\" alt=\"\" class=\"wp-image-2182\" srcset=\"https:\/\/www.hlas-pravoslavi.cz\/wp-content\/uploads\/2023\/08\/10.6-2.jpg 1024w, https:\/\/www.hlas-pravoslavi.cz\/wp-content\/uploads\/2023\/08\/10.6-2-300x225.jpg 300w, https:\/\/www.hlas-pravoslavi.cz\/wp-content\/uploads\/2023\/08\/10.6-2-768x576.jpg 768w\" sizes=\"auto, (max-width: 1024px) 100vw, 1024px\" \/><\/a><figcaption class=\"wp-element-caption\">10.06.2023<\/figcaption><\/figure>\n\n\n\n<figure class=\"wp-block-image size-large\"><a href=\"https:\/\/www.hlas-pravoslavi.cz\/wp-content\/uploads\/2023\/08\/10.6-3.jpg\" data-lbwps-width=\"3605\" data-lbwps-height=\"2766\" data-lbwps-srcsmall=\"http:\/\/www.hlas-pravoslavi.cz\/wp-content\/uploads\/2023\/08\/10.6-3-300x230.jpg\"><img loading=\"lazy\" decoding=\"async\" width=\"1024\" height=\"786\" data-id=\"2197\" src=\"https:\/\/www.hlas-pravoslavi.cz\/wp-content\/uploads\/2023\/08\/10.6-3-1024x786.jpg\" alt=\"\" class=\"wp-image-2197\" srcset=\"https:\/\/www.hlas-pravoslavi.cz\/wp-content\/uploads\/2023\/08\/10.6-3-1024x786.jpg 1024w, https:\/\/www.hlas-pravoslavi.cz\/wp-content\/uploads\/2023\/08\/10.6-3-300x230.jpg 300w, https:\/\/www.hlas-pravoslavi.cz\/wp-content\/uploads\/2023\/08\/10.6-3-768x589.jpg 768w, https:\/\/www.hlas-pravoslavi.cz\/wp-content\/uploads\/2023\/08\/10.6-3-1536x1179.jpg 1536w, https:\/\/www.hlas-pravoslavi.cz\/wp-content\/uploads\/2023\/08\/10.6-3-2048x1571.jpg 2048w, https:\/\/www.hlas-pravoslavi.cz\/wp-content\/uploads\/2023\/08\/10.6-3-1920x1473.jpg 1920w\" sizes=\"auto, (max-width: 1024px) 100vw, 1024px\" \/><\/a><figcaption class=\"wp-element-caption\">10.06.2023<\/figcaption><\/figure>\n\n\n\n<figure class=\"wp-block-image size-large\"><a href=\"https:\/\/www.hlas-pravoslavi.cz\/wp-content\/uploads\/2023\/08\/10.6-5.jpg\" data-lbwps-width=\"2157\" data-lbwps-height=\"1795\" data-lbwps-srcsmall=\"http:\/\/www.hlas-pravoslavi.cz\/wp-content\/uploads\/2023\/08\/10.6-5-300x250.jpg\"><img loading=\"lazy\" decoding=\"async\" width=\"1024\" height=\"852\" data-id=\"2195\" src=\"https:\/\/www.hlas-pravoslavi.cz\/wp-content\/uploads\/2023\/08\/10.6-5-1024x852.jpg\" alt=\"\" class=\"wp-image-2195\" srcset=\"https:\/\/www.hlas-pravoslavi.cz\/wp-content\/uploads\/2023\/08\/10.6-5-1024x852.jpg 1024w, https:\/\/www.hlas-pravoslavi.cz\/wp-content\/uploads\/2023\/08\/10.6-5-300x250.jpg 300w, https:\/\/www.hlas-pravoslavi.cz\/wp-content\/uploads\/2023\/08\/10.6-5-768x639.jpg 768w, https:\/\/www.hlas-pravoslavi.cz\/wp-content\/uploads\/2023\/08\/10.6-5-1536x1278.jpg 1536w, https:\/\/www.hlas-pravoslavi.cz\/wp-content\/uploads\/2023\/08\/10.6-5-2048x1704.jpg 2048w, https:\/\/www.hlas-pravoslavi.cz\/wp-content\/uploads\/2023\/08\/10.6-5-1920x1598.jpg 1920w\" sizes=\"auto, (max-width: 1024px) 100vw, 1024px\" \/><\/a><figcaption class=\"wp-element-caption\">10.06.2023<\/figcaption><\/figure>\n\n\n\n<figure class=\"wp-block-image size-large\"><a href=\"https:\/\/www.hlas-pravoslavi.cz\/wp-content\/uploads\/2023\/08\/10.6-6.jpg\" data-lbwps-width=\"3140\" data-lbwps-height=\"2453\" data-lbwps-srcsmall=\"http:\/\/www.hlas-pravoslavi.cz\/wp-content\/uploads\/2023\/08\/10.6-6-300x234.jpg\"><img loading=\"lazy\" decoding=\"async\" width=\"1024\" height=\"800\" data-id=\"2198\" src=\"https:\/\/www.hlas-pravoslavi.cz\/wp-content\/uploads\/2023\/08\/10.6-6-1024x800.jpg\" alt=\"\" class=\"wp-image-2198\" srcset=\"https:\/\/www.hlas-pravoslavi.cz\/wp-content\/uploads\/2023\/08\/10.6-6-1024x800.jpg 1024w, https:\/\/www.hlas-pravoslavi.cz\/wp-content\/uploads\/2023\/08\/10.6-6-300x234.jpg 300w, https:\/\/www.hlas-pravoslavi.cz\/wp-content\/uploads\/2023\/08\/10.6-6-768x600.jpg 768w, https:\/\/www.hlas-pravoslavi.cz\/wp-content\/uploads\/2023\/08\/10.6-6-1536x1200.jpg 1536w, https:\/\/www.hlas-pravoslavi.cz\/wp-content\/uploads\/2023\/08\/10.6-6-2048x1600.jpg 2048w, https:\/\/www.hlas-pravoslavi.cz\/wp-content\/uploads\/2023\/08\/10.6-6-1920x1500.jpg 1920w\" sizes=\"auto, (max-width: 1024px) 100vw, 1024px\" \/><\/a><figcaption class=\"wp-element-caption\">10.06.2023<\/figcaption><\/figure>\n\n\n\n<figure class=\"wp-block-image size-large\"><a href=\"https:\/\/www.hlas-pravoslavi.cz\/wp-content\/uploads\/2023\/08\/10.6-7.jpg\" data-lbwps-width=\"3496\" data-lbwps-height=\"2789\" data-lbwps-srcsmall=\"http:\/\/www.hlas-pravoslavi.cz\/wp-content\/uploads\/2023\/08\/10.6-7-300x239.jpg\"><img loading=\"lazy\" decoding=\"async\" width=\"1024\" height=\"817\" data-id=\"2199\" src=\"https:\/\/www.hlas-pravoslavi.cz\/wp-content\/uploads\/2023\/08\/10.6-7-1024x817.jpg\" alt=\"\" class=\"wp-image-2199\" srcset=\"https:\/\/www.hlas-pravoslavi.cz\/wp-content\/uploads\/2023\/08\/10.6-7-1024x817.jpg 1024w, https:\/\/www.hlas-pravoslavi.cz\/wp-content\/uploads\/2023\/08\/10.6-7-300x239.jpg 300w, https:\/\/www.hlas-pravoslavi.cz\/wp-content\/uploads\/2023\/08\/10.6-7-768x613.jpg 768w, https:\/\/www.hlas-pravoslavi.cz\/wp-content\/uploads\/2023\/08\/10.6-7-1536x1225.jpg 1536w, https:\/\/www.hlas-pravoslavi.cz\/wp-content\/uploads\/2023\/08\/10.6-7-2048x1634.jpg 2048w, https:\/\/www.hlas-pravoslavi.cz\/wp-content\/uploads\/2023\/08\/10.6-7-1920x1532.jpg 1920w\" sizes=\"auto, (max-width: 1024px) 100vw, 1024px\" \/><\/a><figcaption class=\"wp-element-caption\">10.06.2023<\/figcaption><\/figure>\n\n\n\n<figure class=\"wp-block-image size-large\"><a href=\"https:\/\/www.hlas-pravoslavi.cz\/wp-content\/uploads\/2023\/08\/18.6-1.jpg\" data-lbwps-width=\"2048\" data-lbwps-height=\"1536\" data-lbwps-srcsmall=\"http:\/\/www.hlas-pravoslavi.cz\/wp-content\/uploads\/2023\/08\/18.6-1-300x225.jpg\"><img loading=\"lazy\" decoding=\"async\" width=\"1024\" height=\"768\" data-id=\"2186\" src=\"https:\/\/www.hlas-pravoslavi.cz\/wp-content\/uploads\/2023\/08\/18.6-1-1024x768.jpg\" alt=\"\" class=\"wp-image-2186\" srcset=\"https:\/\/www.hlas-pravoslavi.cz\/wp-content\/uploads\/2023\/08\/18.6-1-1024x768.jpg 1024w, https:\/\/www.hlas-pravoslavi.cz\/wp-content\/uploads\/2023\/08\/18.6-1-300x225.jpg 300w, https:\/\/www.hlas-pravoslavi.cz\/wp-content\/uploads\/2023\/08\/18.6-1-768x576.jpg 768w, https:\/\/www.hlas-pravoslavi.cz\/wp-content\/uploads\/2023\/08\/18.6-1-1536x1152.jpg 1536w, https:\/\/www.hlas-pravoslavi.cz\/wp-content\/uploads\/2023\/08\/18.6-1-1920x1440.jpg 1920w, https:\/\/www.hlas-pravoslavi.cz\/wp-content\/uploads\/2023\/08\/18.6-1.jpg 2048w\" sizes=\"auto, (max-width: 1024px) 100vw, 1024px\" \/><\/a><figcaption class=\"wp-element-caption\">18.06.2023<\/figcaption><\/figure>\n\n\n\n<figure class=\"wp-block-image size-large\"><a href=\"https:\/\/www.hlas-pravoslavi.cz\/wp-content\/uploads\/2023\/08\/18.6-2.jpg\" data-lbwps-width=\"2048\" data-lbwps-height=\"1224\" data-lbwps-srcsmall=\"http:\/\/www.hlas-pravoslavi.cz\/wp-content\/uploads\/2023\/08\/18.6-2-300x179.jpg\"><img loading=\"lazy\" decoding=\"async\" width=\"1024\" height=\"612\" data-id=\"2185\" src=\"https:\/\/www.hlas-pravoslavi.cz\/wp-content\/uploads\/2023\/08\/18.6-2-1024x612.jpg\" alt=\"\" class=\"wp-image-2185\" srcset=\"https:\/\/www.hlas-pravoslavi.cz\/wp-content\/uploads\/2023\/08\/18.6-2-1024x612.jpg 1024w, https:\/\/www.hlas-pravoslavi.cz\/wp-content\/uploads\/2023\/08\/18.6-2-300x179.jpg 300w, https:\/\/www.hlas-pravoslavi.cz\/wp-content\/uploads\/2023\/08\/18.6-2-768x459.jpg 768w, https:\/\/www.hlas-pravoslavi.cz\/wp-content\/uploads\/2023\/08\/18.6-2-1536x918.jpg 1536w, https:\/\/www.hlas-pravoslavi.cz\/wp-content\/uploads\/2023\/08\/18.6-2-1920x1148.jpg 1920w, https:\/\/www.hlas-pravoslavi.cz\/wp-content\/uploads\/2023\/08\/18.6-2.jpg 2048w\" sizes=\"auto, (max-width: 1024px) 100vw, 1024px\" \/><\/a><figcaption class=\"wp-element-caption\">18.06.2023<\/figcaption><\/figure>\n\n\n\n<figure class=\"wp-block-image size-large\"><a href=\"https:\/\/www.hlas-pravoslavi.cz\/wp-content\/uploads\/2023\/08\/18.6-3.jpg\" data-lbwps-width=\"2048\" data-lbwps-height=\"1536\" data-lbwps-srcsmall=\"http:\/\/www.hlas-pravoslavi.cz\/wp-content\/uploads\/2023\/08\/18.6-3-300x225.jpg\"><img loading=\"lazy\" decoding=\"async\" width=\"1024\" height=\"768\" data-id=\"2192\" src=\"https:\/\/www.hlas-pravoslavi.cz\/wp-content\/uploads\/2023\/08\/18.6-3-1024x768.jpg\" alt=\"\" class=\"wp-image-2192\" srcset=\"https:\/\/www.hlas-pravoslavi.cz\/wp-content\/uploads\/2023\/08\/18.6-3-1024x768.jpg 1024w, https:\/\/www.hlas-pravoslavi.cz\/wp-content\/uploads\/2023\/08\/18.6-3-300x225.jpg 300w, https:\/\/www.hlas-pravoslavi.cz\/wp-content\/uploads\/2023\/08\/18.6-3-768x576.jpg 768w, https:\/\/www.hlas-pravoslavi.cz\/wp-content\/uploads\/2023\/08\/18.6-3-1536x1152.jpg 1536w, https:\/\/www.hlas-pravoslavi.cz\/wp-content\/uploads\/2023\/08\/18.6-3-1920x1440.jpg 1920w, https:\/\/www.hlas-pravoslavi.cz\/wp-content\/uploads\/2023\/08\/18.6-3.jpg 2048w\" sizes=\"auto, (max-width: 1024px) 100vw, 1024px\" \/><\/a><figcaption class=\"wp-element-caption\">18.06.2023<\/figcaption><\/figure>\n\n\n\n<figure class=\"wp-block-image size-large\"><a href=\"https:\/\/www.hlas-pravoslavi.cz\/wp-content\/uploads\/2023\/08\/28.6-1.jpg\" data-lbwps-width=\"2048\" data-lbwps-height=\"1536\" data-lbwps-srcsmall=\"http:\/\/www.hlas-pravoslavi.cz\/wp-content\/uploads\/2023\/08\/28.6-1-300x225.jpg\"><img loading=\"lazy\" decoding=\"async\" width=\"1024\" height=\"768\" data-id=\"2184\" src=\"https:\/\/www.hlas-pravoslavi.cz\/wp-content\/uploads\/2023\/08\/28.6-1-1024x768.jpg\" alt=\"\" class=\"wp-image-2184\" srcset=\"https:\/\/www.hlas-pravoslavi.cz\/wp-content\/uploads\/2023\/08\/28.6-1-1024x768.jpg 1024w, https:\/\/www.hlas-pravoslavi.cz\/wp-content\/uploads\/2023\/08\/28.6-1-300x225.jpg 300w, https:\/\/www.hlas-pravoslavi.cz\/wp-content\/uploads\/2023\/08\/28.6-1-768x576.jpg 768w, https:\/\/www.hlas-pravoslavi.cz\/wp-content\/uploads\/2023\/08\/28.6-1-1536x1152.jpg 1536w, https:\/\/www.hlas-pravoslavi.cz\/wp-content\/uploads\/2023\/08\/28.6-1-1920x1440.jpg 1920w, https:\/\/www.hlas-pravoslavi.cz\/wp-content\/uploads\/2023\/08\/28.6-1.jpg 2048w\" sizes=\"auto, (max-width: 1024px) 100vw, 1024px\" \/><\/a><figcaption class=\"wp-element-caption\">28.06.2023<\/figcaption><\/figure>\n\n\n\n<figure class=\"wp-block-image size-large\"><a href=\"https:\/\/www.hlas-pravoslavi.cz\/wp-content\/uploads\/2023\/08\/28.6-2.jpg\" data-lbwps-width=\"2048\" data-lbwps-height=\"1536\" data-lbwps-srcsmall=\"http:\/\/www.hlas-pravoslavi.cz\/wp-content\/uploads\/2023\/08\/28.6-2-300x225.jpg\"><img loading=\"lazy\" decoding=\"async\" width=\"1024\" height=\"768\" data-id=\"2196\" src=\"https:\/\/www.hlas-pravoslavi.cz\/wp-content\/uploads\/2023\/08\/28.6-2-1024x768.jpg\" alt=\"\" class=\"wp-image-2196\" srcset=\"https:\/\/www.hlas-pravoslavi.cz\/wp-content\/uploads\/2023\/08\/28.6-2-1024x768.jpg 1024w, https:\/\/www.hlas-pravoslavi.cz\/wp-content\/uploads\/2023\/08\/28.6-2-300x225.jpg 300w, https:\/\/www.hlas-pravoslavi.cz\/wp-content\/uploads\/2023\/08\/28.6-2-768x576.jpg 768w, https:\/\/www.hlas-pravoslavi.cz\/wp-content\/uploads\/2023\/08\/28.6-2-1536x1152.jpg 1536w, https:\/\/www.hlas-pravoslavi.cz\/wp-content\/uploads\/2023\/08\/28.6-2-1920x1440.jpg 1920w, https:\/\/www.hlas-pravoslavi.cz\/wp-content\/uploads\/2023\/08\/28.6-2.jpg 2048w\" sizes=\"auto, (max-width: 1024px) 100vw, 1024px\" \/><\/a><figcaption class=\"wp-element-caption\">28.06.2023<\/figcaption><\/figure>\n<\/figure>\n","protected":false},"excerpt":{"rendered":"<p>3. 6. 2023 Arcibiskup pra\u017esk\u00fd a \u010desk\u00fdch zem\u00ed Michal&nbsp;nav\u0161t\u00edvil PCO Vod\u0148any, kde slou\u017eil sv. liturgii v&nbsp;chr\u00e1mu sv. Jana K\u0159titele. 4. 6. 2023 V&nbsp;den sv\u00e1tku Pades\u00e1tnice&hellip;<\/p>\n","protected":false},"author":1,"featured_media":0,"comment_status":"closed","ping_status":"open","sticky":false,"template":"","format":"standard","meta":{"footnotes":""},"categories":[36],"tags":[77],"class_list":["post-2180","post","type-post","status-publish","format-standard","hentry","category-aktivity-arcibiskupa-michala","tag-2023-07"],"_links":{"self":[{"href":"https:\/\/www.hlas-pravoslavi.cz\/index.php\/wp-json\/wp\/v2\/posts\/2180","targetHints":{"allow":["GET"]}}],"collection":[{"href":"https:\/\/www.hlas-pravoslavi.cz\/index.php\/wp-json\/wp\/v2\/posts"}],"about":[{"href":"https:\/\/www.hlas-pravoslavi.cz\/index.php\/wp-json\/wp\/v2\/types\/post"}],"author":[{"embeddable":true,"href":"https:\/\/www.hlas-pravoslavi.cz\/index.php\/wp-json\/wp\/v2\/users\/1"}],"replies":[{"embeddable":true,"href":"https:\/\/www.hlas-pravoslavi.cz\/index.php\/wp-json\/wp\/v2\/comments?post=2180"}],"version-history":[{"count":1,"href":"https:\/\/www.hlas-pravoslavi.cz\/index.php\/wp-json\/wp\/v2\/posts\/2180\/revisions"}],"predecessor-version":[{"id":2200,"href":"https:\/\/www.hlas-pravoslavi.cz\/index.php\/wp-json\/wp\/v2\/posts\/2180\/revisions\/2200"}],"wp:attachment":[{"href":"https:\/\/www.hlas-pravoslavi.cz\/index.php\/wp-json\/wp\/v2\/media?parent=2180"}],"wp:term":[{"taxonomy":"category","embeddable":true,"href":"https:\/\/www.hlas-pravoslavi.cz\/index.php\/wp-json\/wp\/v2\/categories?post=2180"},{"taxonomy":"post_tag","embeddable":true,"href":"https:\/\/www.hlas-pravoslavi.cz\/index.php\/wp-json\/wp\/v2\/tags?post=2180"}],"curies":[{"name":"wp","href":"https:\/\/api.w.org\/{rel}","templated":true}]}}