{"id":2135,"date":"2023-06-16T11:32:22","date_gmt":"2023-06-16T10:32:22","guid":{"rendered":"https:\/\/www.hlas-pravoslavi.cz\/?p=2135"},"modified":"2023-08-07T13:32:37","modified_gmt":"2023-08-07T12:32:37","slug":"pruzkum-86-americanu-si-mysli-ze-narod-je-v-moralnim-upadku","status":"publish","type":"post","link":"https:\/\/www.hlas-pravoslavi.cz\/index.php\/2023\/06\/16\/pruzkum-86-americanu-si-mysli-ze-narod-je-v-moralnim-upadku\/","title":{"rendered":"Pr\u016fzkum: 86 % Ameri\u010dan\u016f si mysl\u00ed, \u017ee n\u00e1rod je v mor\u00e1ln\u00edm \u00fapadku"},"content":{"rendered":"\n<p>Podle ned\u00e1vn\u00e9ho pr\u016fzkumu Americk\u00e9 biblick\u00e9 spole\u010dnosti drtiv\u00e1 v\u011bt\u0161ina obyvatel USA uzn\u00e1v\u00e1, \u017ee n\u00e1rod je v mor\u00e1ln\u00edm \u00fapadku, uv\u00e1d\u00ed Christian Headlines. Toto je n\u00e1zor 86 % dosp\u011bl\u00fdch Ameri\u010dan\u016f, p\u0159i\u010dem\u017e 26 % z nich vin\u00ed z poklesu \u201enedostatek pozitivn\u00edho zapojen\u00ed rodi\u010d\u016f do \u017eivota d\u011bt\u00ed\u201c.<\/p>\n\n\n\n<p>P\u0159ibli\u017en\u011b jeden ze \u010dty\u0159 dosp\u011bl\u00fdch respondent\u016f (23 %) p\u0159ipisuje probl\u00e9m \u201enegativn\u00edmu vlivu m\u00e9di\u00ed, film\u016f nebo hudby\u201c a 16 % je p\u0159esv\u011bd\u010deno, \u017ee probl\u00e9m spo\u010d\u00edv\u00e1 v \u201enezdrav\u00e9 z\u00e1vislosti na soci\u00e1ln\u00edch s\u00edt\u00edch\u201c. Dal\u0161\u00edch 14 % respondent\u016f pova\u017euje za d\u016fvod poklesu \u201enedostatek \u00facty k Bibli jako duchovn\u00edmu a mor\u00e1ln\u00edmu vod\u00edtku\u201c. 13 % respondent\u016f si je jisto, \u017ee probl\u00e9m spo\u010d\u00edv\u00e1 v \u201enegativn\u00edm vlivu vl\u00e1dy USA\u201c.<\/p>\n\n\n\n<p>Auto\u0159i studie uvedli, \u017ee t\u00e9m\u011b\u0159 v\u0161ichni dosp\u011bl\u00ed Ameri\u010dan\u00e9, \u201estoupenci r\u016fzn\u00fdch n\u00e1bo\u017eenstv\u00ed a zcela nev\u011b\u0159\u00edc\u00ed\u201c, souhlas\u00ed s t\u00edm, \u017ee spole\u010dnost je ve stavu mor\u00e1ln\u00edho \u00fapadku.<\/p>\n\n\n\n<p>\u201eAbsence pozitivn\u00edho p\u0159\u00edkladu rodi\u010d\u016f, hudba a soci\u00e1ln\u00ed s\u00edt\u011b \u2013 to v\u0161e m\u016f\u017ee probl\u00e9m prohloubit, ale existuje jedna p\u0159esn\u00e1 diagn\u00f3za, kterou jednomysln\u011b stanovili v\u011b\u0159\u00edc\u00ed respondenti. Ti, kte\u0159\u00ed znaj\u00ed Bibli a miluj\u00ed ji, ch\u00e1pou jej\u00ed moc jako nem\u011bnn\u00e9ho mor\u00e1ln\u00edho vod\u00edtka. Vid\u00ed, \u017ee mor\u00e1ln\u00ed \u00fapadek v zemi jde ruku v ruce s poklesem z\u00e1jmu o P\u00edsmo svat\u00e9 mezi Ameri\u010dany. Lze tedy tento negativn\u00ed proces zpomalit, zastavit, nebo dokonce zvr\u00e1tit t\u00edm, \u017ee budeme v\u011bnovat v\u00edce pozornosti P\u00edsmu? Je z\u0159ejm\u00e9, \u017ee mnoz\u00ed budou s touto tez\u00ed souhlasit,\u201c domn\u00edvaj\u00ed se auto\u0159i zpr\u00e1vy.<\/p>\n\n\n\n<p>Podle Americk\u00e9 biblick\u00e9 spole\u010dnosti ji\u017e druh\u00fd rok po sob\u011b pouze 39 % dosp\u011bl\u00fdch Ameri\u010dan\u016f otev\u0159e P\u00edsmo k samostatn\u00e9mu \u010dten\u00ed mimo chr\u00e1m alespo\u0148 3\u20134kr\u00e1t ro\u010dn\u011b. V roce 2021 pod\u00edl takov\u00fdch lid\u00ed v USA byl 50 %.<\/p>\n\n\n\n<p>www.christianheadlines.com<\/p>\n","protected":false},"excerpt":{"rendered":"<p>Podle ned\u00e1vn\u00e9ho pr\u016fzkumu Americk\u00e9 biblick\u00e9 spole\u010dnosti drtiv\u00e1 v\u011bt\u0161ina obyvatel USA uzn\u00e1v\u00e1, \u017ee n\u00e1rod je v mor\u00e1ln\u00edm \u00fapadku, uv\u00e1d\u00ed Christian Headlines. Toto je n\u00e1zor 86 %&hellip;<\/p>\n","protected":false},"author":1,"featured_media":0,"comment_status":"closed","ping_status":"open","sticky":false,"template":"","format":"standard","meta":{"footnotes":""},"categories":[10],"tags":[75],"class_list":["post-2135","post","type-post","status-publish","format-standard","hentry","category-zpravy-ze-sveta","tag-2023-06"],"_links":{"self":[{"href":"https:\/\/www.hlas-pravoslavi.cz\/index.php\/wp-json\/wp\/v2\/posts\/2135","targetHints":{"allow":["GET"]}}],"collection":[{"href":"https:\/\/www.hlas-pravoslavi.cz\/index.php\/wp-json\/wp\/v2\/posts"}],"about":[{"href":"https:\/\/www.hlas-pravoslavi.cz\/index.php\/wp-json\/wp\/v2\/types\/post"}],"author":[{"embeddable":true,"href":"https:\/\/www.hlas-pravoslavi.cz\/index.php\/wp-json\/wp\/v2\/users\/1"}],"replies":[{"embeddable":true,"href":"https:\/\/www.hlas-pravoslavi.cz\/index.php\/wp-json\/wp\/v2\/comments?post=2135"}],"version-history":[{"count":1,"href":"https:\/\/www.hlas-pravoslavi.cz\/index.php\/wp-json\/wp\/v2\/posts\/2135\/revisions"}],"predecessor-version":[{"id":2136,"href":"https:\/\/www.hlas-pravoslavi.cz\/index.php\/wp-json\/wp\/v2\/posts\/2135\/revisions\/2136"}],"wp:attachment":[{"href":"https:\/\/www.hlas-pravoslavi.cz\/index.php\/wp-json\/wp\/v2\/media?parent=2135"}],"wp:term":[{"taxonomy":"category","embeddable":true,"href":"https:\/\/www.hlas-pravoslavi.cz\/index.php\/wp-json\/wp\/v2\/categories?post=2135"},{"taxonomy":"post_tag","embeddable":true,"href":"https:\/\/www.hlas-pravoslavi.cz\/index.php\/wp-json\/wp\/v2\/tags?post=2135"}],"curies":[{"name":"wp","href":"https:\/\/api.w.org\/{rel}","templated":true}]}}