{"id":2132,"date":"2023-06-16T11:30:37","date_gmt":"2023-06-16T10:30:37","guid":{"rendered":"https:\/\/www.hlas-pravoslavi.cz\/?p=2132"},"modified":"2023-08-07T13:31:00","modified_gmt":"2023-08-07T12:31:00","slug":"stani-pred-kyjevskopecerskou-lavrou-se-zucastnili-predstavitele-svetove-rady-cirkvi","status":"publish","type":"post","link":"https:\/\/www.hlas-pravoslavi.cz\/index.php\/2023\/06\/16\/stani-pred-kyjevskopecerskou-lavrou-se-zucastnili-predstavitele-svetove-rady-cirkvi\/","title":{"rendered":"St\u00e1n\u00ed p\u0159ed Kyjevskope\u010derskou l\u00e1vrou se z\u00fa\u010dastnili p\u0159edstavitel\u00e9 Sv\u011btov\u00e9 rady c\u00edrkv\u00ed"},"content":{"rendered":"\n<p>Kyjev nav\u0161t\u00edvila delegace Sv\u011btov\u00e9 rady c\u00edrkv\u00ed. Jej\u00ed p\u0159edstavitel\u00e9 se 11. kv\u011btna z\u00fa\u010dastnili modlitebn\u00edho st\u00e1n\u00ed Ukrajinsk\u00e9 pravoslavn\u00e9 c\u00edrkve p\u0159ed Kyjevskope\u010derskou l\u00e1vrou. Gener\u00e1ln\u00ed sekret\u00e1\u0159 WCC Rev. Prof. Dr Jerry Pillay, moder\u00e1tor \u00fast\u0159edn\u00edho v\u00fdboru biskup Dr. Heinrich Bedford-Strohm, z\u00e1stupce moder\u00e1tora Jeho Eminence arcibiskup Vicken Aykazian a dal\u0161\u00ed \u010dlenov\u00e9 delegace se pomodlili spolu s&nbsp;duchovn\u00edmi, mnichy a v\u011b\u0159\u00edc\u00edmi pron\u00e1sledovan\u00e9 Ukrajinsk\u00e9 pravoslavn\u00e9 c\u00edrkve.<\/p>\n\n\n\n<p>D\u0159\u00edve Dr. Heinrich Bedford-Strohm ozn\u00e1mil, \u017ee delegace WCC nav\u0161t\u00edv\u00ed Ukrajinu a bude \u201ev\u00e9st dialog s&nbsp;c\u00edrkvemi, kter\u00e9 se nach\u00e1z\u00ed v&nbsp;slo\u017eit\u00e9 situaci zp\u016fsoben\u00e9 vnit\u0159n\u00edm nap\u011bt\u00edm\u201c.<\/p>\n\n\n\n<p>Delegace se tak\u00e9 setkala s&nbsp;p\u0159edstaviteli PCU a potvrdila p\u0159ipravenost WCC uspo\u0159\u00e1dat diskuse mezi ob\u011bma c\u00edrkvemi za \u00fa\u010delem vy\u0159e\u0161en\u00ed probl\u00e9m\u016f mezi nimi.<\/p>\n\n\n\n<p>D\u00e1le delegace nav\u0161t\u00edvila Moskvu a projednala ot\u00e1zku dialogu s&nbsp;moskevsk\u00fdm patriarchou Kirillem.<\/p>\n\n\n\n<p><a href=\"http:\/\/www.oikoumene.org\">www.oikoumene.org<\/a><\/p>\n","protected":false},"excerpt":{"rendered":"<p>Kyjev nav\u0161t\u00edvila delegace Sv\u011btov\u00e9 rady c\u00edrkv\u00ed. Jej\u00ed p\u0159edstavitel\u00e9 se 11. kv\u011btna z\u00fa\u010dastnili modlitebn\u00edho st\u00e1n\u00ed Ukrajinsk\u00e9 pravoslavn\u00e9 c\u00edrkve p\u0159ed Kyjevskope\u010derskou l\u00e1vrou. Gener\u00e1ln\u00ed sekret\u00e1\u0159 WCC Rev. Prof.&hellip;<\/p>\n","protected":false},"author":1,"featured_media":2133,"comment_status":"closed","ping_status":"open","sticky":false,"template":"","format":"standard","meta":{"footnotes":""},"categories":[10],"tags":[75],"class_list":["post-2132","post","type-post","status-publish","format-standard","has-post-thumbnail","hentry","category-zpravy-ze-sveta","tag-2023-06","has-post-thumbnail-archive"],"_links":{"self":[{"href":"https:\/\/www.hlas-pravoslavi.cz\/index.php\/wp-json\/wp\/v2\/posts\/2132","targetHints":{"allow":["GET"]}}],"collection":[{"href":"https:\/\/www.hlas-pravoslavi.cz\/index.php\/wp-json\/wp\/v2\/posts"}],"about":[{"href":"https:\/\/www.hlas-pravoslavi.cz\/index.php\/wp-json\/wp\/v2\/types\/post"}],"author":[{"embeddable":true,"href":"https:\/\/www.hlas-pravoslavi.cz\/index.php\/wp-json\/wp\/v2\/users\/1"}],"replies":[{"embeddable":true,"href":"https:\/\/www.hlas-pravoslavi.cz\/index.php\/wp-json\/wp\/v2\/comments?post=2132"}],"version-history":[{"count":1,"href":"https:\/\/www.hlas-pravoslavi.cz\/index.php\/wp-json\/wp\/v2\/posts\/2132\/revisions"}],"predecessor-version":[{"id":2134,"href":"https:\/\/www.hlas-pravoslavi.cz\/index.php\/wp-json\/wp\/v2\/posts\/2132\/revisions\/2134"}],"wp:featuredmedia":[{"embeddable":true,"href":"https:\/\/www.hlas-pravoslavi.cz\/index.php\/wp-json\/wp\/v2\/media\/2133"}],"wp:attachment":[{"href":"https:\/\/www.hlas-pravoslavi.cz\/index.php\/wp-json\/wp\/v2\/media?parent=2132"}],"wp:term":[{"taxonomy":"category","embeddable":true,"href":"https:\/\/www.hlas-pravoslavi.cz\/index.php\/wp-json\/wp\/v2\/categories?post=2132"},{"taxonomy":"post_tag","embeddable":true,"href":"https:\/\/www.hlas-pravoslavi.cz\/index.php\/wp-json\/wp\/v2\/tags?post=2132"}],"curies":[{"name":"wp","href":"https:\/\/api.w.org\/{rel}","templated":true}]}}