{"id":2077,"date":"2023-04-20T09:18:56","date_gmt":"2023-04-20T08:18:56","guid":{"rendered":"https:\/\/www.hlas-pravoslavi.cz\/?p=2077"},"modified":"2023-04-20T09:19:28","modified_gmt":"2023-04-20T08:19:28","slug":"mezinarodni-setkani-v-athenach","status":"publish","type":"post","link":"https:\/\/www.hlas-pravoslavi.cz\/index.php\/2023\/04\/20\/mezinarodni-setkani-v-athenach\/","title":{"rendered":"Mezin\u00e1rodn\u00ed setk\u00e1n\u00ed v Ath\u00e9n\u00e1ch"},"content":{"rendered":"\n<p>Ve dnech 5. \u2013 6. dubna 2023 se v&nbsp;Ath\u00e9n\u00e1ch konalo mezin\u00e1rodn\u00ed setk\u00e1n\u00ed na t\u00e9ma \u201eMigra\u010dn\u00ed v\u00fdzvy a mo\u017enosti \u2013 Organizace pro migraci OSN a pravoslavn\u00ed partne\u0159i\u201c. Z&nbsp;n\u00e1zvu vypl\u00fdv\u00e1, \u017ee hlavn\u00edmi \u00fa\u010dastn\u00edky setk\u00e1n\u00ed byli p\u0159edstavitele OSN a pravoslavn\u00fdch c\u00edrkv\u00ed.<\/p>\n\n\n\n<p>Mezi \u00fa\u010dastn\u00edky byli vysoce postaven\u00ed politici jako \u0159eck\u00fd ministr pro migraci a azyl Notis Mitarachi, gener\u00e1ln\u00ed sekret\u00e1\u0159 pro migra\u010dn\u00ed politiku Patroklos Georgiadis, vice-prezident Evropsk\u00e9 komise Margaritis Schinas, b\u00fdval\u00fd n\u00e1m\u011bstek \u0159eck\u00e9ho ministra zahrani\u010d\u00ed Markos Mpolaris, exprezidentka Gruzie Nino Burd\u017eanadze. Online se setk\u00e1n\u00ed z\u00fa\u010dastnili hlavy n\u011bkter\u00fdch pravoslavn\u00fdch c\u00edrkv\u00ed: konstantinopolsk\u00fd patriarcha Bartolom\u011bj, alexandrijsk\u00fd patriarcha Theodoros II., arcibiskup ath\u00e9nsk\u00fd a cel\u00e9ho \u0158ecka Jeron\u00fdm, arcibiskup Nov\u00e9 Justiniany a cel\u00e9ho Kypru Ji\u0159\u00ed. P\u0159\u00edtomni byli p\u0159edstavitel\u00e9 dal\u0161\u00edch pravoslavn\u00fdch c\u00edrkv\u00ed a organizac\u00ed.<\/p>\n\n\n\n<p>Za Pravoslavnou c\u00edrkev v&nbsp;\u010desk\u00fdch zem\u00edch a na Slovensku se setk\u00e1n\u00ed z\u00fa\u010dastnila sestra Nad\u011b\u017eda Skvarnik, redaktorka Hlasu pravoslav\u00ed, \u010dlenka \u00fast\u0159edn\u00edho v\u00fdboru Sv\u011btov\u00e9 rady c\u00edrkv\u00ed.<\/p>\n\n\n\n<p>\u00da\u010dastn\u00edci ve sv\u00fdch proslovech mluvili o migraci s\u00edl\u00edc\u00ed v&nbsp;sou\u010dasn\u00e9m sv\u011bt\u011b a zd\u016fraz\u0148ovali roli pravoslavn\u00fdch c\u00edrkv\u00ed v&nbsp;regulaci t\u011bchto proces\u016f. Tak ministr Notis Mitarachi mluvil o ekumenick\u00e9m charakteru k\u0159es\u0165anstv\u00ed a zapojen\u00ed m\u00edstn\u00edch n\u00e1rodn\u00edch pravoslavn\u00fdch c\u00edrkv\u00ed do mezin\u00e1rodn\u00edho d\u011bn\u00ed. N\u00e1m\u011bstkyn\u011b ministra Sophia Voultepsi vypr\u00e1v\u011bla o zku\u0161enosti \u0159eck\u00fdch \u00fa\u0159ad\u016f s&nbsp;integrac\u00ed d\u011bt\u00ed imigrant\u016f. Patriarcha Bartolom\u011bj mluvil o vlivu glob\u00e1ln\u00edho oteplov\u00e1n\u00ed na migra\u010dn\u00ed procesy. Arcibiskup kypersk\u00fd sezn\u00e1mil \u00fa\u010dastn\u00edky s&nbsp;nebezpe\u010dn\u00fdmi procesy prob\u00edhaj\u00edc\u00edmi na ostrov\u011b. Podle n\u011bj tureck\u00e1 vl\u00e1da dov\u00e1\u017e\u00ed na Kypr, respektive jeho tureckou \u010d\u00e1st, uprchl\u00edky z&nbsp;Bl\u00edzk\u00e9ho v\u00fdchodu se z\u00e1m\u011brem sn\u00ed\u017eit pod\u00edl \u0159eck\u00e9ho obyvatelstva na ostrov\u011b a v budoucnu obsadit jeho zb\u00fdvaj\u00edc\u00ed \u010d\u00e1st. B\u00fdval\u00fd ministr a poradce prezidenta Libanonu Yacoub Sarraf mluvil o nutnosti repatriace k\u0159es\u0165an\u016f na Bl\u00edzk\u00fd v\u00fdchod. P\u0159edstavitel\u00e9 Polsk\u00e9 pravoslavn\u00e9 c\u00edrkve a Pravoslavn\u00e9 c\u00edrkve v&nbsp;\u010desk\u00fdch zem\u00edch a na Slovensku popsali uprchlickou krizi souvis\u00edc\u00ed s&nbsp;v\u00e1lkou na Ukrajin\u011b a roli sv\u00fdch c\u00edrkv\u00ed v&nbsp;poskytov\u00e1n\u00ed pomoci ukrajinsk\u00fdm uprchl\u00edk\u016fm. P\u0159edstavitel Svazu Asy\u0159an\u016f v&nbsp;\u0158ecku pov\u00eddal o d\u011bjin\u00e1ch sv\u00e9ho zkou\u0161en\u00e9ho n\u00e1roda, kter\u00fd n\u011bkolikr\u00e1t v&nbsp;d\u011bjin\u00e1ch musel ut\u00edkat p\u0159ed pron\u00e1sledov\u00e1n\u00edm a hledat \u00fato\u010di\u0161t\u011b v&nbsp;ciz\u00edch zem\u00edch. P\u0159\u00edtomn\u00ed kn\u011b\u017e\u00ed mluvili o tom, \u017ee pomoc lidem, kte\u0159\u00ed byli nucen\u00ed opustit sv\u016fj domov, je povinnost\u00ed ka\u017ed\u00e9ho k\u0159es\u0165ana, a p\u0159ipomn\u011bli, \u017ee n\u00e1\u0161 P\u00e1n Je\u017e\u00ed\u0161 Kristus b\u011bhem sv\u00e9ho pozemsk\u00e9ho \u017eivota tak\u00e9 nem\u011bl, kde by hlavu slo\u017eil.&nbsp;<\/p>\n\n\n\n<p>Role pravoslavn\u00fdch c\u00edrkv\u00ed v&nbsp;migra\u010dn\u00edch procesech je nedoceniteln\u00e1. Musej\u00ed se nejen starat o uprchl\u00edky s&nbsp;k\u0159es\u0165anskou l\u00e1skou a soucitem, ale i zachov\u00e1vat n\u00e1bo\u017eenstv\u00ed, kulturu a tradici sv\u00fdch zem\u00ed, kter\u00e9 se ocitly pod n\u00e1tlakem cizinc\u016f, ji\u017e se n\u00e1bo\u017eensky a kulturn\u011b \u010dasto velice li\u0161\u00ed od sv\u00fdch hostitel\u016f.<\/p>\n\n\n\n<p>Nad\u011b\u017eda Skvarnik<\/p>\n","protected":false},"excerpt":{"rendered":"<p>Ve dnech 5. \u2013 6. dubna 2023 se v&nbsp;Ath\u00e9n\u00e1ch konalo mezin\u00e1rodn\u00ed setk\u00e1n\u00ed na t\u00e9ma \u201eMigra\u010dn\u00ed v\u00fdzvy a mo\u017enosti \u2013 Organizace pro migraci OSN a pravoslavn\u00ed&hellip;<\/p>\n","protected":false},"author":1,"featured_media":0,"comment_status":"closed","ping_status":"open","sticky":false,"template":"","format":"standard","meta":{"footnotes":""},"categories":[1],"tags":[],"class_list":["post-2077","post","type-post","status-publish","format-standard","hentry","category-uncategorized"],"_links":{"self":[{"href":"https:\/\/www.hlas-pravoslavi.cz\/index.php\/wp-json\/wp\/v2\/posts\/2077","targetHints":{"allow":["GET"]}}],"collection":[{"href":"https:\/\/www.hlas-pravoslavi.cz\/index.php\/wp-json\/wp\/v2\/posts"}],"about":[{"href":"https:\/\/www.hlas-pravoslavi.cz\/index.php\/wp-json\/wp\/v2\/types\/post"}],"author":[{"embeddable":true,"href":"https:\/\/www.hlas-pravoslavi.cz\/index.php\/wp-json\/wp\/v2\/users\/1"}],"replies":[{"embeddable":true,"href":"https:\/\/www.hlas-pravoslavi.cz\/index.php\/wp-json\/wp\/v2\/comments?post=2077"}],"version-history":[{"count":2,"href":"https:\/\/www.hlas-pravoslavi.cz\/index.php\/wp-json\/wp\/v2\/posts\/2077\/revisions"}],"predecessor-version":[{"id":2079,"href":"https:\/\/www.hlas-pravoslavi.cz\/index.php\/wp-json\/wp\/v2\/posts\/2077\/revisions\/2079"}],"wp:attachment":[{"href":"https:\/\/www.hlas-pravoslavi.cz\/index.php\/wp-json\/wp\/v2\/media?parent=2077"}],"wp:term":[{"taxonomy":"category","embeddable":true,"href":"https:\/\/www.hlas-pravoslavi.cz\/index.php\/wp-json\/wp\/v2\/categories?post=2077"},{"taxonomy":"post_tag","embeddable":true,"href":"https:\/\/www.hlas-pravoslavi.cz\/index.php\/wp-json\/wp\/v2\/tags?post=2077"}],"curies":[{"name":"wp","href":"https:\/\/api.w.org\/{rel}","templated":true}]}}