{"id":2004,"date":"2023-04-18T10:38:17","date_gmt":"2023-04-18T09:38:17","guid":{"rendered":"https:\/\/www.hlas-pravoslavi.cz\/?p=2004"},"modified":"2023-04-20T08:26:39","modified_gmt":"2023-04-20T07:26:39","slug":"nemecti-katolici-se-louci-s-krestanstvim","status":"publish","type":"post","link":"https:\/\/www.hlas-pravoslavi.cz\/index.php\/2023\/04\/18\/nemecti-katolici-se-louci-s-krestanstvim\/","title":{"rendered":"N\u011bme\u010dt\u00ed katol\u00edci se lou\u010d\u00ed s\u00a0k\u0159es\u0165anstv\u00edm"},"content":{"rendered":"\n<p>Od roku 2026 bude katolick\u00e1 c\u00edrkev v N\u011bmecku \u017eehnat s\u0148atk\u016fm osob stejn\u00e9ho pohlav\u00ed. Toto rozhodnut\u00ed 10. b\u0159ezna u\u010dinili deleg\u00e1ti synod\u00e1ln\u00edho shrom\u00e1\u017ed\u011bn\u00ed pro reformu \u0158KC ve Frankfurtu, uv\u00e1d\u00ed DW.<\/p>\n\n\n\n<p>Synod\u00e1ln\u00ed shrom\u00e1\u017ed\u011bn\u00ed nebo Synod\u00e1ln\u00ed cesta je struktura, kter\u00e1 se zab\u00fdv\u00e1 reformou c\u00edrkve v souladu s po\u017eadavky modern\u00ed spole\u010dnosti.<\/p>\n\n\n\n<p>Schv\u00e1len\u00fd dokument tak\u00e9 umo\u017e\u0148uje katolick\u00e9 c\u00edrkvi \u017eehnat rozveden\u00fdm a t\u011bm, kte\u0159\u00ed se \u017een\u00ed podruh\u00e9.<\/p>\n\n\n\n<p>Hlasov\u00e1n\u00ed se z\u00fa\u010dastnilo 202 deleg\u00e1t\u016f, z toho 176 hlasovalo pro p\u0159ijet\u00ed dokumentu, 14 bylo proti, 12 se zdr\u017eelo. Dokument za\u010dne platit po 3let\u00e9m p\u0159echodn\u00e9m obdob\u00ed. B\u011bhem t\u00e9to doby budou vyvinuty form\u00e1ty bohoslu\u017eeb pro \u017eehn\u00e1n\u00ed LGBT man\u017eelstv\u00ed v\u010detn\u011b t\u011bch, jich\u017e se budou \u00fa\u010dastnit biskupov\u00e9.<\/p>\n\n\n\n<p>N\u00e1sleduj\u00edc\u00ed den, 11. b\u0159ezna 2023, Synod\u00e1ln\u00ed cesta p\u0159ijala dokument, podle kter\u00e9ho by katolick\u00e1 c\u00edrkev m\u011bla \u201ev\u011bnovat v\u011bt\u0161\u00ed pozornost pot\u0159eb\u00e1m intersexu\u00e1l\u016f a transgender\u016f\u201c. Podle vyd\u00e1n\u00ed Church and Life \u201em\u011blo by b\u00fdt mo\u017en\u00e9, mimo jin\u00e9, vynechat odpov\u00eddaj\u00edc\u00ed z\u00e1znam ve k\u0159estn\u00ed knize p\u0159i k\u0159tu d\u011bt\u00ed s nejasnou genderovou identitou, nebo na tomto m\u00edst\u011b pou\u017e\u00edt term\u00edn \u201er\u016fznorod\u00e9\u201c. Transgender katol\u00edci by tak\u00e9 m\u011bli m\u00edt mo\u017enost snadno zm\u011bnit sv\u016fj rodinn\u00fd stav a k\u0159estn\u00ed jm\u00e9na.\u201c<\/p>\n\n\n\n<p>Publikace tak\u00e9 hrd\u011b uv\u00e1d\u00ed, \u017ee asi 95 % v\u0161ech \u010dlen\u016f Synod\u00e1ln\u00ed cesty, 84 % biskup\u016f a 100 % ne-mu\u017e\u016f hlasovalo \u201epro\u201c. Po vyhl\u00e1\u0161en\u00ed v\u00fdsledk\u016f hlasov\u00e1n\u00ed \u201en\u00e1sledoval dlouh\u00fd potlesk a na pl\u00e9nu vl\u00e1ly duhov\u00e9 vlajky\u201c. Samotn\u00fd dokument p\u0159itom obsahuje prohl\u00e1\u0161en\u00ed, \u017ee je pouze \u201ev\u00fdchoz\u00edm bodem pro dal\u0161\u00ed \u00favahy\u201c. To znamen\u00e1, \u017ee zav\u00e1d\u011bn\u00ed LGBT ideologie do n\u011bmeck\u00e9ho katolicismu bude pokra\u010dovat.<\/p>\n\n\n\n<p>Dal\u0161\u00ed rozhodnut\u00ed Synod\u00e1ln\u00ed cesty se t\u00fdk\u00e1 \u00fa\u010dasti \u017een na bohoslu\u017eb\u00e1ch a jejich sv\u011bcen\u00ed. 93,6 % deleg\u00e1t\u016f a 80,7 % biskup\u016f hlasovalo \u201epro\u201c toto rozhodnut\u00ed. V prvn\u00ed f\u00e1zi se pl\u00e1nuje zaveden\u00ed sv\u011bcen\u00ed \u017een na di\u00e1konky a v&nbsp;budoucnu na v\u0161echny pozice v c\u00edrkvi.<\/p>\n\n\n\n<p>Je\u0161t\u011b v l\u00e9t\u011b 2022 katolick\u00fd kardin\u00e1l Gerhard M\u00fcller nazval snahy synodn\u00edho shrom\u00e1\u017ed\u011bn\u00ed \u201elou\u010den\u00edm s k\u0159es\u0165anstv\u00edm\u201c. Podle n\u011bj prohl\u00e1\u0161en\u00ed Synod\u00e1ln\u00ed cesty o tom, \u017ee \u201eve\u0161ker\u00e9 mravn\u00ed chov\u00e1n\u00ed v \u017eivot\u011b, zejm\u00e9na ve vztahu k sexualit\u011b, by ji\u017e nem\u011blo ur\u010dovat Bo\u017e\u00ed slovo, ale v sou\u010dasnosti dominuj\u00edc\u00ed LGBT ideologie\u201c, je otev\u0159en\u00fdm lou\u010den\u00edm s k\u0159es\u0165anstv\u00edm. \u0160\u00ed\u0159en\u00ed LGBT ideologie do katolicismu je podle kardin\u00e1la M\u00fcllera \u201en\u00e1vratem ke star\u00e9 nemravnosti pohan\u016f, kte\u0159\u00ed se kv\u016fli odm\u00edtnut\u00ed Boha odd\u00e1vali hanebn\u00fdm v\u00e1\u0161n\u00edm (\u0158\u00edm 1:26), a\u010dkoli B\u016fh napsal p\u0159irozen\u00fd mravn\u00ed z\u00e1kon do jejich srdc\u00ed a sv\u011bdom\u00ed (\u0158\u00edm 2:15)\u201c.<\/p>\n\n\n\n<p>Pape\u017e Franti\u0161ek je zn\u00e1m sv\u00fdmi sympatiemi v\u016f\u010di LGBT komunit\u011b. Opakovan\u011b to sv\u00fdmi v\u00fdroky a \u010diny dosv\u011bd\u010doval. Ale 21. \u010dervence 2022 pape\u017e oslovil veden\u00ed katolick\u00e9 c\u00edrkve v N\u011bmecku a varoval je p\u0159ed p\u0159ijet\u00edm nov\u00e9ho u\u010den\u00ed, kter\u00e9 odporuje c\u00edrkevn\u00edm p\u0159edstav\u00e1m o mor\u00e1lce. Uvedl, \u017ee n\u011bme\u010dt\u00ed biskupov\u00e9 nemohou sv\u00fdmi rozhodnut\u00edmi p\u0159ijmout \u201enovou teologii nebo zm\u011bnit c\u00edrkevn\u00ed spr\u00e1vu\u201c. \u201eV z\u00e1jmu ochrany svobody Bo\u017e\u00edho lidu a v\u00fdkonu biskupsk\u00e9 slu\u017eby se zd\u00e1 b\u00fdt nezbytn\u00e9 objasnit, \u017ee Synod\u00e1ln\u00ed cesta v N\u011bmecku nem\u00e1 moc nutit biskupy a v\u011b\u0159\u00edc\u00ed, aby p\u0159ijali nov\u00e9 zp\u016fsoby slou\u017een\u00ed a nov\u00e9 p\u0159\u00edstupy k u\u010den\u00ed a mor\u00e1lce,\u201c \u0159ekl pape\u017e ve sv\u00e9m poselstv\u00ed.<\/p>\n\n\n\n<p>Bylo tak\u00e9 \u0159e\u010deno, \u017ee jak\u00e9koli zm\u011bny by se m\u011bly odehr\u00e1vat na \u00farovni cel\u00e9 katolick\u00e9 c\u00edrkve, a ne jej\u00edch jednotliv\u00fdch \u010d\u00e1st\u00ed, jinak by to ohro\u017eovalo c\u00edrkevn\u00ed jednotu. \u201eOdd\u011bleni od spole\u010dn\u00e9ho c\u00edrkevn\u00edho t\u011bla sl\u00e1bnou, hnij\u00ed a um\u00edraj\u00ed. Proto je nutn\u00e9 v\u017edy zajistit, aby komunikace s cel\u00fdm t\u011blem c\u00edrkve byla \u017eiv\u00e1 a aktivn\u00ed,\u201c \u0159ekl pape\u017e Franti\u0161ek.<\/p>\n\n\n\n<p>Jak vid\u00edme, n\u011bme\u010dt\u00ed katol\u00edci pape\u017eova varov\u00e1n\u00ed nedbali. Jednomyslnost, se kterou hlasovali pro zaveden\u00ed LGBT ideologie, ukazuje, \u017ee jsou p\u0159ipraveni j\u00edt touto cestou a neustoup\u00ed ze sv\u00fdch z\u00e1m\u011br\u016f reformovat c\u00edrkev, i kdyby katol\u00edk\u016fm hrozilo rozd\u011blen\u00ed.<\/p>\n\n\n\n<p>Existuj\u00ed t\u0159i mo\u017enosti dal\u0161\u00edho v\u00fdvoje ud\u00e1lost\u00ed:<\/p>\n\n\n\n<p>Vatik\u00e1n se rozhodne uznat ideologii LGBT a pak bude katolicismus \u010delit pravicov\u00e9mu rozkolu, tzn. z&nbsp;c\u00edrkve odejdou konzervativci;<\/p>\n\n\n\n<p>Vatik\u00e1n vyhl\u00e1s\u00ed nemo\u017enost j\u00edt proti P\u00edsmu svat\u00e9mu a tradi\u010dn\u00ed mor\u00e1lce a pak bude \u010delit levicov\u00e9mu rozkolu, tzn. odejdou liber\u00e1lov\u00e9 a prvn\u00ed z&nbsp;nich bude n\u011bmeck\u00e1 katolick\u00e1 c\u00edrkev;<\/p>\n\n\n\n<p>Vatik\u00e1n se bude tv\u00e1\u0159it, \u017ee se nic ned\u011bje, prost\u011b p\u0159iv\u0159e o\u010di nad t\u00edm, \u017ee v n\u011bkter\u00fdch katolick\u00fdch struktur\u00e1ch bude sodomie pova\u017eov\u00e1na za h\u0159\u00edch, zat\u00edmco v jin\u00fdch za po\u017eehnanou ctnost. Ale ka\u017ed\u00fd ch\u00e1pe, \u017ee takov\u00e1 nejednozna\u010dnost nem\u016f\u017ee trvat dlouho.<\/p>\n\n\n\n<p>Tak \u010di onak katolicismus v Evrop\u011b p\u016fjde cestou protestantismu, tzn. pln\u00e9ho a bezpodm\u00edne\u010dn\u00e9ho uzn\u00e1n\u00ed ideologie LGBT a jej\u00ed realizace.<\/p>\n\n\n\n<p><a href=\"http:\/\/www.spzh.news\">www.spzh.news<\/a><\/p>\n","protected":false},"excerpt":{"rendered":"<p>Od roku 2026 bude katolick\u00e1 c\u00edrkev v N\u011bmecku \u017eehnat s\u0148atk\u016fm osob stejn\u00e9ho pohlav\u00ed. Toto rozhodnut\u00ed 10. b\u0159ezna u\u010dinili deleg\u00e1ti synod\u00e1ln\u00edho shrom\u00e1\u017ed\u011bn\u00ed pro reformu \u0158KC ve&hellip;<\/p>\n","protected":false},"author":1,"featured_media":0,"comment_status":"closed","ping_status":"open","sticky":false,"template":"","format":"standard","meta":{"footnotes":""},"categories":[10],"tags":[73],"class_list":["post-2004","post","type-post","status-publish","format-standard","hentry","category-zpravy-ze-sveta","tag-2023-04"],"_links":{"self":[{"href":"https:\/\/www.hlas-pravoslavi.cz\/index.php\/wp-json\/wp\/v2\/posts\/2004","targetHints":{"allow":["GET"]}}],"collection":[{"href":"https:\/\/www.hlas-pravoslavi.cz\/index.php\/wp-json\/wp\/v2\/posts"}],"about":[{"href":"https:\/\/www.hlas-pravoslavi.cz\/index.php\/wp-json\/wp\/v2\/types\/post"}],"author":[{"embeddable":true,"href":"https:\/\/www.hlas-pravoslavi.cz\/index.php\/wp-json\/wp\/v2\/users\/1"}],"replies":[{"embeddable":true,"href":"https:\/\/www.hlas-pravoslavi.cz\/index.php\/wp-json\/wp\/v2\/comments?post=2004"}],"version-history":[{"count":3,"href":"https:\/\/www.hlas-pravoslavi.cz\/index.php\/wp-json\/wp\/v2\/posts\/2004\/revisions"}],"predecessor-version":[{"id":2074,"href":"https:\/\/www.hlas-pravoslavi.cz\/index.php\/wp-json\/wp\/v2\/posts\/2004\/revisions\/2074"}],"wp:attachment":[{"href":"https:\/\/www.hlas-pravoslavi.cz\/index.php\/wp-json\/wp\/v2\/media?parent=2004"}],"wp:term":[{"taxonomy":"category","embeddable":true,"href":"https:\/\/www.hlas-pravoslavi.cz\/index.php\/wp-json\/wp\/v2\/categories?post=2004"},{"taxonomy":"post_tag","embeddable":true,"href":"https:\/\/www.hlas-pravoslavi.cz\/index.php\/wp-json\/wp\/v2\/tags?post=2004"}],"curies":[{"name":"wp","href":"https:\/\/api.w.org\/{rel}","templated":true}]}}