{"id":1869,"date":"2023-02-04T09:51:54","date_gmt":"2023-02-04T08:51:54","guid":{"rendered":"https:\/\/www.hlas-pravoslavi.cz\/?p=1869"},"modified":"2023-02-04T09:53:02","modified_gmt":"2023-02-04T08:53:02","slug":"vatikan-vyjadril-znepokojeni-nad-tlakem-ukrajinskych-uradu-na-upc","status":"publish","type":"post","link":"https:\/\/www.hlas-pravoslavi.cz\/index.php\/2023\/02\/04\/vatikan-vyjadril-znepokojeni-nad-tlakem-ukrajinskych-uradu-na-upc\/","title":{"rendered":"Vatik\u00e1n vyj\u00e1d\u0159il znepokojen\u00ed nad tlakem ukrajinsk\u00fdch \u00fa\u0159ad\u016f na UPC"},"content":{"rendered":"\n<p>Z\u00e1stupci Vatik\u00e1nu vyj\u00e1d\u0159ili znepokojen\u00ed nad n\u00e1vrhy z\u00e1kon\u016f ukrajinsk\u00e9ho parlamentu nam\u00ed\u0159en\u00fdmi proti Ukrajinsk\u00e9 pravoslavn\u00e9 c\u00edrkvi. Informovalo o tom odd\u011blen\u00ed pro vn\u011bj\u0161\u00ed c\u00edrkevn\u00ed vztahy UPC po setk\u00e1n\u00ed protojereje Nikolaje Danilevi\u010de s pape\u017eem Franti\u0161kem.<\/p>\n\n\n\n<p>Z\u00e1stupce vedouc\u00edho odd\u011blen\u00ed pro vn\u011bj\u0161\u00ed c\u00edrkevn\u00ed vztahy b\u011bhem n\u00e1v\u0161t\u011bvy informoval pape\u017ee a St\u00e1tn\u00ed sekretari\u00e1t Vatik\u00e1nu o z\u00e1m\u011bru ukrajinsk\u00fdch \u00fa\u0159ad\u016f zak\u00e1zat \u010dinnost UPC na Ukrajin\u011b.<\/p>\n\n\n\n<p>\u201ePape\u017e a veden\u00ed St\u00e1tn\u00edho sekretari\u00e1tu Vatik\u00e1nu byli informov\u00e1ni o nejnov\u011bj\u0161\u00edch legislativn\u00edch iniciativ\u00e1ch v ukrajinsk\u00e9m parlamentu, kter\u00e9 ve skute\u010dnosti sm\u011b\u0159uj\u00ed k zaveden\u00ed restriktivn\u00edch opat\u0159en\u00ed a \u00fapln\u00e9mu zastaven\u00ed \u010dinnosti UPC, co\u017e je v rozporu s \u00dastavou Ukrajiny a mezin\u00e1rodn\u00edm pr\u00e1vem,\u201c poznamenal Danilevi\u010d.<\/p>\n\n\n\n<p>Z\u00e1stupci Vatik\u00e1nu podle zpr\u00e1vy odsoudili jak\u00e9koli pron\u00e1sledov\u00e1n\u00ed z n\u00e1bo\u017eensk\u00fdch d\u016fvod\u016f a vyzvali p\u0159edstavitele v\u0161ech n\u00e1bo\u017eensk\u00fdch vyzn\u00e1n\u00ed ke spolupr\u00e1ci.<\/p>\n\n\n\n<p>Protojerej Nikolaj Danilevi\u010d pod\u011bkoval pape\u017ei za poskytnut\u00ed chr\u00e1mov\u00fdch prostor pro ukrajinsk\u00e9 pravoslavn\u00e9 obce v Evrop\u011b, kter\u00e9 za\u010daly vznikat v&nbsp;d\u016fsledk\u016f masov\u00e9 emigrace Ukrajinc\u016f.<\/p>\n\n\n\n<p>www.spzh.news<\/p>\n","protected":false},"excerpt":{"rendered":"<p>Z\u00e1stupci Vatik\u00e1nu vyj\u00e1d\u0159ili znepokojen\u00ed nad n\u00e1vrhy z\u00e1kon\u016f ukrajinsk\u00e9ho parlamentu nam\u00ed\u0159en\u00fdmi proti Ukrajinsk\u00e9 pravoslavn\u00e9 c\u00edrkvi. Informovalo o tom odd\u011blen\u00ed pro vn\u011bj\u0161\u00ed c\u00edrkevn\u00ed vztahy UPC po setk\u00e1n\u00ed&hellip;<\/p>\n","protected":false},"author":1,"featured_media":0,"comment_status":"closed","ping_status":"open","sticky":false,"template":"","format":"standard","meta":{"footnotes":""},"categories":[10],"tags":[70],"class_list":["post-1869","post","type-post","status-publish","format-standard","hentry","category-zpravy-ze-sveta","tag-2023-02"],"_links":{"self":[{"href":"https:\/\/www.hlas-pravoslavi.cz\/index.php\/wp-json\/wp\/v2\/posts\/1869","targetHints":{"allow":["GET"]}}],"collection":[{"href":"https:\/\/www.hlas-pravoslavi.cz\/index.php\/wp-json\/wp\/v2\/posts"}],"about":[{"href":"https:\/\/www.hlas-pravoslavi.cz\/index.php\/wp-json\/wp\/v2\/types\/post"}],"author":[{"embeddable":true,"href":"https:\/\/www.hlas-pravoslavi.cz\/index.php\/wp-json\/wp\/v2\/users\/1"}],"replies":[{"embeddable":true,"href":"https:\/\/www.hlas-pravoslavi.cz\/index.php\/wp-json\/wp\/v2\/comments?post=1869"}],"version-history":[{"count":2,"href":"https:\/\/www.hlas-pravoslavi.cz\/index.php\/wp-json\/wp\/v2\/posts\/1869\/revisions"}],"predecessor-version":[{"id":1872,"href":"https:\/\/www.hlas-pravoslavi.cz\/index.php\/wp-json\/wp\/v2\/posts\/1869\/revisions\/1872"}],"wp:attachment":[{"href":"https:\/\/www.hlas-pravoslavi.cz\/index.php\/wp-json\/wp\/v2\/media?parent=1869"}],"wp:term":[{"taxonomy":"category","embeddable":true,"href":"https:\/\/www.hlas-pravoslavi.cz\/index.php\/wp-json\/wp\/v2\/categories?post=1869"},{"taxonomy":"post_tag","embeddable":true,"href":"https:\/\/www.hlas-pravoslavi.cz\/index.php\/wp-json\/wp\/v2\/tags?post=1869"}],"curies":[{"name":"wp","href":"https:\/\/api.w.org\/{rel}","templated":true}]}}