{"id":1838,"date":"2023-02-04T09:30:22","date_gmt":"2023-02-04T08:30:22","guid":{"rendered":"https:\/\/www.hlas-pravoslavi.cz\/?p=1838"},"modified":"2023-02-04T09:30:43","modified_gmt":"2023-02-04T08:30:43","slug":"velkopostni-bohosluzby","status":"publish","type":"post","link":"https:\/\/www.hlas-pravoslavi.cz\/index.php\/2023\/02\/04\/velkopostni-bohosluzby\/","title":{"rendered":"Velkopostn\u00ed bohoslu\u017eby"},"content":{"rendered":"\n<p><strong>Ve\u010dern\u00ed s&nbsp;ob\u0159adem odpu\u0161t\u011bn\u00ed<\/strong><\/p>\n\n\n\n<p>V ned\u011bli syropustn\u00ed, kdy c\u00edrkev vzpom\u00edn\u00e1 Adamovo vyhn\u00e1n\u00ed z&nbsp;r\u00e1je, se slou\u017e\u00ed bohoslu\u017eba, b\u011bhem n\u00ed\u017e kn\u011b\u017e\u00ed a laici navz\u00e1jem pros\u00ed o odpu\u0161t\u011bn\u00ed.<\/p>\n\n\n\n<p><strong>Velk\u00fd kaj\u00edc\u00ed k\u00e1non sv. Ond\u0159eje Kr\u00e9tsk\u00e9ho<\/strong><\/p>\n\n\n\n<p>Je to nejstar\u0161\u00ed a nejdel\u0161\u00ed k\u00e1non v\u00a0pravoslavn\u00e9 c\u00edrkvi, kter\u00fd byl naps\u00e1n v 7. stolet\u00ed svat\u00fdm Ond\u0159ejem Kr\u00e9tsk\u00fdm. B\u011bhem prvn\u00edho postn\u00edho t\u00fddne se k\u00e1non \u010dte po \u010d\u00e1stech od pond\u011bl\u00ed do \u010dtvrtka na Velk\u00e9m pove\u010de\u0159\u00ed. Cel\u00fd k\u00e1non se \u010dte ve st\u0159edu 5. t\u00fddne Velk\u00e9ho p\u016fstu (St\u00e1n\u00ed Marie Egyptsk\u00e9).<\/p>\n\n\n<div class=\"wp-block-image\">\n<figure class=\"aligncenter size-large is-resized\"><img loading=\"lazy\" decoding=\"async\" src=\"https:\/\/www.hlas-pravoslavi.cz\/wp-content\/uploads\/2023\/02\/1_Velky-kanon-1024x732.jpg\" alt=\"\" class=\"wp-image-1839\" width=\"768\" height=\"549\" srcset=\"https:\/\/www.hlas-pravoslavi.cz\/wp-content\/uploads\/2023\/02\/1_Velky-kanon-1024x732.jpg 1024w, https:\/\/www.hlas-pravoslavi.cz\/wp-content\/uploads\/2023\/02\/1_Velky-kanon-300x215.jpg 300w, https:\/\/www.hlas-pravoslavi.cz\/wp-content\/uploads\/2023\/02\/1_Velky-kanon-768x549.jpg 768w, https:\/\/www.hlas-pravoslavi.cz\/wp-content\/uploads\/2023\/02\/1_Velky-kanon-1536x1099.jpg 1536w, https:\/\/www.hlas-pravoslavi.cz\/wp-content\/uploads\/2023\/02\/1_Velky-kanon-2048x1465.jpg 2048w, https:\/\/www.hlas-pravoslavi.cz\/wp-content\/uploads\/2023\/02\/1_Velky-kanon-1920x1373.jpg 1920w\" sizes=\"auto, (max-width: 768px) 100vw, 768px\" \/><\/figure>\n<\/div>\n\n\n<p><strong>St\u00e1n\u00ed Marie Egyptsk\u00e9<\/strong><\/p>\n\n\n\n<p>Na jit\u0159n\u00ed \u010dtvrtku (ve st\u0159edu ve\u010der) p\u00e1t\u00e9ho postn\u00edho t\u00fddne se v&nbsp;chr\u00e1mech \u010dte \u017eivot sv. Marie Egyptsk\u00e9 a cel\u00fd velk\u00fd kaj\u00edc\u00ed k\u00e1non sv. Ond\u0159eje Kr\u00e9tsk\u00e9ho.<\/p>\n\n\n\n<p><strong>Liturgie p\u0159edem posv\u011bcen\u00fdch Dar\u016f<\/strong><\/p>\n\n\n\n<p>Liturgie p\u0159edem posv\u011bcen\u00fdch Dar\u016f je bohoslu\u017eba, b\u011bhem n\u00ed\u017e jsou v\u011b\u0159\u00edc\u00edm nab\u00edzeny k&nbsp;p\u0159ij\u00edm\u00e1n\u00ed svat\u00e9 Dary, kter\u00e9 byly posv\u011bcen\u00e9 d\u0159\u00edve, p\u0159i p\u0159edchoz\u00ed pln\u00e9 liturgii, a byly ulo\u017eeny na prestolu v chr\u00e1mu. Kon\u00e1 se b\u011bhem Velk\u00e9ho p\u016fstu ve v\u0161edn\u00ed dny. Z\u00e1kaz slavit plnou liturgii ve dnech Velk\u00e9ho p\u016fstu, krom\u011b soboty a ned\u011ble, je obsa\u017een v&nbsp;49. k\u00e1nonu Laodicejsk\u00e9ho sn\u011bmu a 52. k\u00e1nonu Trulsk\u00e9ho sn\u011bmu.<\/p>\n\n\n\n<p><strong>Liturgie sv. Basila Velik\u00e9ho<\/strong><\/p>\n\n\n\n<p>Tato liturgie roz\u0161\u00ed\u0159en\u00e1 o del\u0161\u00ed eucharistick\u00e9 modlitby se slou\u017e\u00ed 10kr\u00e1t ro\u010dn\u011b, z toho 7 p\u0159ipad\u00e1 na Velk\u00fd p\u016fst: v&nbsp;ned\u011bl\u00edch od prvn\u00ed do p\u00e1t\u00e9, na Velk\u00fd \u010dtvrtek a Velkou sobotu.<\/p>\n\n\n\n<p><strong>Modlitebn\u00ed zp\u011bv sv. velkomu\u010dedn\u00edku Theodoru Tironovi<\/strong><\/p>\n\n\n\n<p>Pam\u00e1tka sv. velkomu\u010dedn\u00edka Theodora Tirona se slav\u00ed v&nbsp;prvn\u00ed sobotu Velk\u00e9ho p\u016fstu. V&nbsp;p\u0159edve\u010der sv\u00e1tku po liturgii p\u0159edem posv\u011bcen\u00fdch Dar\u016f se kon\u00e1 moleben, pot\u00e9 se \u010dte modlitba za posv\u011bcen\u00ed koliva (p\u0161enice s medem). V&nbsp;den sv\u00e1tku se slou\u017e\u00ed liturgie sv. Jana Zlato\u00fast\u00e9ho.<\/p>\n\n\n\n<p><strong>Z\u00e1du\u0161n\u00ed slu\u017eby rodi\u010dovsk\u00fdch sobot<\/strong><\/p>\n\n\n\n<p>Slou\u017e\u00ed se v 2., 3. a 4. t\u00fddnu Velk\u00e9ho p\u016fstu. V&nbsp;p\u0159edve\u010der se kon\u00e1 parastas (\u03c0\u03b1\u03c1\u03ac\u03c3\u03c4\u1fb0\u03c3\u03b9\u03c2 \u2013 st\u00e1n\u00ed za \u00fa\u010delem p\u0159\u00edmluvy, prosby za n\u011bkoho) \u2013 velk\u00e1 panychida neboli z\u00e1du\u0161n\u00ed v\u0161eno\u010dn\u00ed bohoslu\u017eba za v\u0161echny zesnul\u00e9 pravoslavn\u00e9 k\u0159es\u0165any. R\u00e1no se slou\u017e\u00ed z\u00e1du\u0161n\u00ed sv. liturgie a po n\u00ed obecn\u00e1 panychida.<\/p>\n\n\n\n<p><strong>Ob\u0159ad V\u00edt\u011bzstv\u00ed pravoslav\u00ed<\/strong><\/p>\n\n\n\n<p>Prvn\u00ed ned\u011ble Velk\u00e9ho p\u016fstu je zasv\u011bcen\u00e1 V\u00edt\u011bzstv\u00ed pravoslav\u00ed, kter\u00e9 se za\u010dalo slavit v&nbsp;9. stolet\u00ed po v\u00edt\u011bzstv\u00ed nad herez\u00ed ikonoborectv\u00ed. Po liturgii sv. Basila Velik\u00e9ho se kon\u00e1 zvl\u00e1\u0161tn\u00ed ob\u0159ad. Tato bohoslu\u017eba symbolizuje v\u00edt\u011bzstv\u00ed c\u00edrkve nad v\u0161emi herezemi a rozkoly, kter\u00e9 kdy existovaly. Jej\u00ed texty potvrzuj\u00ed nejen pravoslavn\u00e9 u\u010den\u00ed o uct\u00edv\u00e1n\u00ed ikon, ale tak\u00e9 v\u0161echna dogmata a usnesen\u00ed sedmi v\u0161eobecn\u00fdch sn\u011bm\u016f. Zvl\u00e1\u0161tn\u00ed m\u00edsto v t\u00e9to slu\u017eb\u011b zauj\u00edm\u00e1 ob\u0159ad anatematizov\u00e1n\u00ed. Anat\u00e9ma se vyhla\u0161uje nejen ikonoborc\u016fm, ale v\u0161em, kte\u0159\u00ed se dopustili t\u011b\u017ek\u00fdch h\u0159\u00edch\u016f proti c\u00edrkvi.<\/p>\n\n\n\n<p><strong>Bohoslu\u017eba ned\u011ble uct\u00edv\u00e1n\u00ed svat\u00e9ho K\u0159\u00ed\u017ee<\/strong><\/p>\n\n\n\n<p>V\u00a0p\u0159edve\u010der t\u0159et\u00ed velkopostn\u00ed ned\u011ble b\u011bhem v\u0161eno\u010dn\u00edho bd\u011bn\u00ed se z\u00a0olt\u00e1\u0159e slavnostn\u011b vyn\u00e1\u0161\u00ed k\u0159\u00ed\u017e pro uct\u00edv\u00e1n\u00ed. Klan\u011bn\u00ed svat\u00e9mu k\u0159\u00ed\u017ei se pak tak\u00e9 kon\u00e1 na bohoslu\u017eb\u00e1ch st\u0159edy a p\u00e1tku. Pot\u00e9 se k\u0159\u00ed\u017e vn\u00e1\u0161\u00ed zp\u00e1tky do olt\u00e1\u0159e.\u00a0<\/p>\n\n\n<div class=\"wp-block-image\">\n<figure class=\"aligncenter size-large is-resized\"><img loading=\"lazy\" decoding=\"async\" src=\"https:\/\/www.hlas-pravoslavi.cz\/wp-content\/uploads\/2023\/02\/2_Uctivani-svateho-krize-1024x684.jpg\" alt=\"\" class=\"wp-image-1840\" width=\"768\" height=\"513\" srcset=\"https:\/\/www.hlas-pravoslavi.cz\/wp-content\/uploads\/2023\/02\/2_Uctivani-svateho-krize-1024x684.jpg 1024w, https:\/\/www.hlas-pravoslavi.cz\/wp-content\/uploads\/2023\/02\/2_Uctivani-svateho-krize-300x200.jpg 300w, https:\/\/www.hlas-pravoslavi.cz\/wp-content\/uploads\/2023\/02\/2_Uctivani-svateho-krize-768x513.jpg 768w, https:\/\/www.hlas-pravoslavi.cz\/wp-content\/uploads\/2023\/02\/2_Uctivani-svateho-krize.jpg 1498w\" sizes=\"auto, (max-width: 768px) 100vw, 768px\" \/><\/figure>\n<\/div>\n\n\n<p><strong>Bohoslu\u017eba Zv\u011bstov\u00e1n\u00ed p\u0159esvat\u00e9 Bohorodici<\/strong><\/p>\n\n\n\n<p>Sv\u00e1tek Zv\u011bstov\u00e1n\u00ed se slav\u00ed 25. b\u0159ezna \/ 7. dubna. V&nbsp;p\u0159edve\u010der se v&nbsp;chr\u00e1mech kon\u00e1 v\u0161eno\u010dn\u00ed bd\u011bn\u00ed a r\u00e1no se slou\u017e\u00ed liturgie sv. Jana Zlato\u00fast\u00e9ho.<\/p>\n\n\n\n<p><strong>Akathist p\u0159esvat\u00e9 Bohorodici<\/strong><\/p>\n\n\n\n<p>U p\u0159\u00edle\u017eitosti sv\u00e1tku Chv\u00e1ly p\u0159esvat\u00e9 Bohorodice, jen\u017e p\u0159ipad\u00e1 na 5. velkopostn\u00ed sobotu, se v&nbsp;p\u0159edve\u010der zp\u00edv\u00e1 akathist p\u0159esvat\u00e9 Bohorodici. Na samotn\u00fd sv\u00e1tek se slou\u017e\u00ed liturgie sv. Jana Zlato\u00fast\u00e9ho.<\/p>\n\n\n\n<p><strong>Bohoslu\u017eba Kv\u011btn\u00e9 ned\u011ble<\/strong><\/p>\n\n\n\n<p>Vjezd P\u00e1na do Jeruzal\u00e9ma se slav\u00ed&nbsp;6. ned\u011bli Velk\u00e9ho postu. V&nbsp;sobotu ve\u010der se slou\u017e\u00ed v\u0161eno\u010dn\u00ed bohoslu\u017eba, r\u00e1no se kon\u00e1 liturgie sv. Jana Zlato\u00fast\u00e9ho. Sou\u010d\u00e1st\u00ed t\u011bchto bohoslu\u017eeb je sv\u011bcen\u00ed ratolest\u00ed.<\/p>\n\n\n\n<p><strong>Bohoslu\u017eby Velk\u00e9ho \u010dtvrtku<\/strong><\/p>\n\n\n\n<p>V&nbsp;tento den si c\u00edrkev p\u0159ipom\u00edn\u00e1 ud\u00e1losti posledn\u00ed ve\u010de\u0159e a ustanoven\u00ed tajiny eucharistie Je\u017e\u00ed\u0161em Kristem. R\u00e1no se slou\u017e\u00ed ve\u010dern\u00ed s&nbsp;liturgi\u00ed sv. Basila Velik\u00e9ho a p\u0159ipravuj\u00ed se Dary pro pod\u00e1v\u00e1n\u00ed p\u0159ij\u00edm\u00e1n\u00ed nemocn\u00fdm. Ve\u010der t\u00e9ho\u017e dne se slou\u017e\u00ed jit\u0159n\u00ed bohoslu\u017eba s&nbsp;\u010dten\u00edm 12 \u00faryvk\u016f z&nbsp;evangeli\u00ed v\u011bnovan\u00fdch utrpen\u00ed P\u00e1na Je\u017e\u00ed\u0161e.<\/p>\n\n\n\n<p><strong>Bohoslu\u017eby Velk\u00e9ho p\u00e1tku<\/strong><\/p>\n\n\n\n<p>R\u00e1no se \u010dtou hodinky Velk\u00e9ho p\u00e1tku a 12 evangeli\u00ed. Liturgie se nekon\u00e1. Odpoledne se slou\u017e\u00ed ve\u010dern\u00ed s\u00a0vyn\u00e1\u0161en\u00edm pl\u00e1\u0161t\u011bnice, na konci t\u00e9to bohoslu\u017eby se zp\u00edv\u00e1 k\u00e1non Na\u0159\u00edk\u00e1n\u00ed p\u0159esvat\u00e9 Bohorodice. Pot\u00e9 se slou\u017e\u00ed jit\u0159n\u00ed s\u00a0ob\u0159adem poh\u0159ben\u00ed p\u0159e\u010dist\u00e9ho t\u011bla Kristova.<\/p>\n\n\n<div class=\"wp-block-image\">\n<figure class=\"aligncenter size-full is-resized\"><img loading=\"lazy\" decoding=\"async\" src=\"https:\/\/www.hlas-pravoslavi.cz\/wp-content\/uploads\/2023\/02\/3_Vynaseni-plastenice.jpg\" alt=\"\" class=\"wp-image-1841\" width=\"750\" height=\"489\" srcset=\"https:\/\/www.hlas-pravoslavi.cz\/wp-content\/uploads\/2023\/02\/3_Vynaseni-plastenice.jpg 1000w, https:\/\/www.hlas-pravoslavi.cz\/wp-content\/uploads\/2023\/02\/3_Vynaseni-plastenice-300x196.jpg 300w, https:\/\/www.hlas-pravoslavi.cz\/wp-content\/uploads\/2023\/02\/3_Vynaseni-plastenice-768x501.jpg 768w\" sizes=\"auto, (max-width: 750px) 100vw, 750px\" \/><\/figure>\n<\/div>\n\n\n<p><strong>Bohoslu\u017eby Velk\u00e9 soboty<\/strong><\/p>\n\n\n\n<p>Slou\u017e\u00ed se liturgie sv. Basila Velik\u00e9ho, ke kter\u00e9 se p\u0159ipojuje ve\u010dern\u00ed. \u010cte se 15 paremi\u00ed \u2013 vybran\u00fdch \u00faryvk\u016f ze Star\u00e9ho z\u00e1kona, v&nbsp;nich\u017e zazn\u00edvaj\u00ed proroctv\u00ed o utrpen\u00ed a zmrtv\u00fdchvst\u00e1n\u00ed Krista. Po liturgii se sv\u011bt\u00ed pokrmy. Ve\u010der p\u0159ed pasch\u00e1ln\u00ed bohoslu\u017ebou se v&nbsp;chr\u00e1mech \u010dtou Skutky apo\u0161tol\u016f.<\/p>\n\n\n\n<p><strong>Modlitba sv. Efr\u00e9ma Syrsk\u00e9ho<\/strong><\/p>\n\n\n\n<p>Denn\u011b krom\u011b sobot a ned\u011bl\u00ed se na v\u0161ech bohoslu\u017eb\u00e1ch \u010dte modlitba ctihodn\u00e9ho Efr\u00e9ma Syrsk\u00e9ho:<\/p>\n\n\n\n<p><em>Pane a Vl\u00e1dce \u017eivota m\u00e9ho, chra\u0148 mne od ducha lenosti, skl\u00ed\u010denosti, panova\u010dnosti a pr\u00e1zdnomluvnosti. Ducha pak \u010distoty, pokory, trp\u011blivosti a l\u00e1sky ud\u011bl mi, slu\u017eebn\u00edku sv\u00e9mu. \u00d3 Pane a Kr\u00e1li, dej\u017e, abych vid\u011bl provin\u011bn\u00ed sv\u00e1 a neodsuzoval bratra sv\u00e9ho, nebo\u0165 tys blahoslaven na v\u011bky v\u011bk\u016fv. Amen.<\/em><\/p>\n\n\n\n<p>Redakce<\/p>\n","protected":false},"excerpt":{"rendered":"<p>Ve\u010dern\u00ed s&nbsp;ob\u0159adem odpu\u0161t\u011bn\u00ed V ned\u011bli syropustn\u00ed, kdy c\u00edrkev vzpom\u00edn\u00e1 Adamovo vyhn\u00e1n\u00ed z&nbsp;r\u00e1je, se slou\u017e\u00ed bohoslu\u017eba, b\u011bhem n\u00ed\u017e kn\u011b\u017e\u00ed a laici navz\u00e1jem pros\u00ed o odpu\u0161t\u011bn\u00ed. Velk\u00fd&hellip;<\/p>\n","protected":false},"author":1,"featured_media":1842,"comment_status":"closed","ping_status":"open","sticky":false,"template":"","format":"standard","meta":{"footnotes":""},"categories":[11],"tags":[70],"class_list":["post-1838","post","type-post","status-publish","format-standard","has-post-thumbnail","hentry","category-liturgika","tag-2023-02","has-post-thumbnail-archive"],"_links":{"self":[{"href":"https:\/\/www.hlas-pravoslavi.cz\/index.php\/wp-json\/wp\/v2\/posts\/1838","targetHints":{"allow":["GET"]}}],"collection":[{"href":"https:\/\/www.hlas-pravoslavi.cz\/index.php\/wp-json\/wp\/v2\/posts"}],"about":[{"href":"https:\/\/www.hlas-pravoslavi.cz\/index.php\/wp-json\/wp\/v2\/types\/post"}],"author":[{"embeddable":true,"href":"https:\/\/www.hlas-pravoslavi.cz\/index.php\/wp-json\/wp\/v2\/users\/1"}],"replies":[{"embeddable":true,"href":"https:\/\/www.hlas-pravoslavi.cz\/index.php\/wp-json\/wp\/v2\/comments?post=1838"}],"version-history":[{"count":2,"href":"https:\/\/www.hlas-pravoslavi.cz\/index.php\/wp-json\/wp\/v2\/posts\/1838\/revisions"}],"predecessor-version":[{"id":1844,"href":"https:\/\/www.hlas-pravoslavi.cz\/index.php\/wp-json\/wp\/v2\/posts\/1838\/revisions\/1844"}],"wp:featuredmedia":[{"embeddable":true,"href":"https:\/\/www.hlas-pravoslavi.cz\/index.php\/wp-json\/wp\/v2\/media\/1842"}],"wp:attachment":[{"href":"https:\/\/www.hlas-pravoslavi.cz\/index.php\/wp-json\/wp\/v2\/media?parent=1838"}],"wp:term":[{"taxonomy":"category","embeddable":true,"href":"https:\/\/www.hlas-pravoslavi.cz\/index.php\/wp-json\/wp\/v2\/categories?post=1838"},{"taxonomy":"post_tag","embeddable":true,"href":"https:\/\/www.hlas-pravoslavi.cz\/index.php\/wp-json\/wp\/v2\/tags?post=1838"}],"curies":[{"name":"wp","href":"https:\/\/api.w.org\/{rel}","templated":true}]}}