{"id":1799,"date":"2023-01-05T14:44:39","date_gmt":"2023-01-05T13:44:39","guid":{"rendered":"https:\/\/www.hlas-pravoslavi.cz\/?p=1799"},"modified":"2023-01-25T14:45:03","modified_gmt":"2023-01-25T13:45:03","slug":"izraelsti-vedci-rozsifrovali-napisy-8-stoleti-pred-n-l-zminuje-se-v-nich-biblicky-kral-chizkijas","status":"publish","type":"post","link":"https:\/\/www.hlas-pravoslavi.cz\/index.php\/2023\/01\/05\/izraelsti-vedci-rozsifrovali-napisy-8-stoleti-pred-n-l-zminuje-se-v-nich-biblicky-kral-chizkijas\/","title":{"rendered":"Izrael\u0161t\u00ed v\u011bdci roz\u0161ifrovali n\u00e1pisy 8. stolet\u00ed p\u0159ed n. l. Zmi\u0148uje se v\u00a0nich biblick\u00fd kr\u00e1l <a>Chizkij\u00e1\u0161"},"content":{"rendered":"\n<p>Izraelsk\u00fd profesor starov\u011bk\u00e9 historie ozn\u00e1mil, \u017ee ned\u00e1vn\u00e9 roz\u0161ifrov\u00e1n\u00ed n\u00e1pis\u016f popisuj\u00edc\u00edch \u00fasp\u011bchy kr\u00e1le Chizkij\u00e1\u0161e, 13. judsk\u00e9ho kr\u00e1le z rodu Davidovy dynastie (715\u2013687\/686 p\u0159. n. l.) zm\u00edn\u011bn\u00e9ho v&nbsp;Bibli, je \u201ejedn\u00edm z nejd\u016fle\u017eit\u011bj\u0161\u00edch archeologick\u00fdch objev\u016f, kter\u00e9 kdy byly v Izraeli u\u010din\u011bny\u201c.<\/p>\n\n\n\n<p>V\u011bdc\u016fm trvalo 10 let, ne\u017e rozlu\u0161tili n\u00e1pisy na kamenn\u00e9 desce objeven\u00e9 b\u011bhem vykop\u00e1vek v izraelsk\u00e9m n\u00e1rodn\u00edm parku M\u011bsto Davidovo v roce 2007.<\/p>\n\n\n\n<p>Profesor Gershon Galil z Institutu biblick\u00fdch studi\u00ed a starov\u011bk\u00fdch d\u011bjin Univerzity v Haif\u011b a Eli Shukron z&nbsp;\u00dastavu v\u00fdzkumu Bible a starov\u011bk\u00fdch d\u011bjin zjistili, \u017ee n\u00e1pisy z 8. stolet\u00ed p\u0159. n. l. na \u00falomku kamene o velikosti dlan\u011b zahrnuj\u00ed nejen jm\u00e9no kr\u00e1le Chizkij\u00e1\u0161e, ale tak\u00e9 seznam jeho \u010din\u016f v prvn\u00edch 17 letech vl\u00e1dy.<\/p>\n\n\n\n<p>Mezi n\u011b pat\u0159\u00ed pov\u011b\u0159en\u00ed vytvo\u0159it rybn\u00edk Siloe a vyhloubit tunel, kter\u00fd by umo\u017enil p\u0159\u00edstup k vod\u00e1m pramene Gihon. P\u0159edpokl\u00e1d\u00e1 se, \u017ee tento krok pomohl zachr\u00e1nit m\u011bsto, kdy\u017e se jej pokusil dob\u00fdt asyrsk\u00fd kr\u00e1l Sinacherib (705\/704\u2013681 p\u0159. n. l.), jak je pops\u00e1no v&nbsp;Bibli:<\/p>\n\n\n\n<p>Kdy\u017e uvid\u011bl Chizkij\u00e1\u0161, \u017ee Sancher\u00edb p\u0159it\u00e1hl a \u017ee se chyst\u00e1 do boje proti Jeruzal\u00e9mu, dohodl se s velmo\u017ei a bohat\u00fdry, \u017ee zasypou vodn\u00ed prameny, kter\u00e9 byly vn\u011b za m\u011bstem, a ti mu poskytli pomoc. Shrom\u00e1\u017edilo se mno\u017estv\u00ed lidu a zasypali v\u0161echny prameny i potok, kter\u00fd prot\u00e9kal st\u0159edem zem\u011b. \u0158ekli: \u201ePro\u010d maj\u00ed asyr\u0161t\u00ed kr\u00e1lov\u00e9 naj\u00edt tolik vody, a\u017e p\u0159it\u00e1hnou?\u201c (2. Paralipomenon 32:2\u20134)<\/p>\n\n\n\n<p>Rozlu\u0161t\u011bn\u00e9 n\u00e1pisy tak\u00e9 popisuj\u00ed ud\u00e1losti souvisej\u00edc\u00ed s&nbsp;Chizkij\u00e1\u0161ovou vl\u00e1dou, jako je reforma \u017eidovsk\u00fdch ritu\u00e1l\u016f a dobyt\u00ed \u00fazem\u00ed Peli\u0161tejc\u016f.<\/p>\n\n\n\n<p>\u201eJsou to nej\u00fapln\u011bj\u0161\u00ed kr\u00e1lovsk\u00e9 n\u00e1pisy, kter\u00e9 m\u00e1me, a jsou dal\u0161\u00edm d\u016fkazem toho, \u017ee kr\u00e1lov\u00e9 Izraele a Judska si nech\u00e1vali vytvo\u0159it letopisy, kter\u00e9 obsahovaly jm\u00e9no a hlavn\u00ed \u010diny panovn\u00edka,\u201c vysv\u011btluje Galil. Profesor je tak\u00e9 p\u0159esv\u011bd\u010den, \u017ee st\u00e1\u0159\u00ed t\u011bchto n\u00e1pis\u016f je mo\u017en\u00e1 je\u0161t\u011b d\u016fle\u017eit\u011bj\u0161\u00ed ne\u017e jejich obsah.<\/p>\n\n\n\n<p>\u201eVe skute\u010dnosti se jedn\u00e1 o nejstar\u0161\u00ed biblick\u00e9 rukopisy. Jsou dokonce star\u0161\u00ed ne\u017e st\u0159\u00edbrn\u00e9 svitky z Ketef Hinnom u Jeruzal\u00e9ma a svitky od Mrtv\u00e9ho mo\u0159e. Sv\u011bd\u010d\u00ed tak\u00e9 o tom, \u017ee knihy kr\u00e1lovsk\u00e9 byly naps\u00e1ny na z\u00e1klad\u011b text\u016f kronik a \u017ee Bible odr\u00e1\u017e\u00ed historickou realitu a nen\u00ed v\u00fdplodem fantazie,\u201c \u0159ekl profesor.<\/p>\n\n\n\n<p>Galil v\u011b\u0159\u00ed, \u017ee n\u00e1pisy zmi\u0148uj\u00ed p\u0159esn\u00e9 datum dokon\u010den\u00ed stavby rybn\u00edku a tunelu, co\u017e m\u011blo b\u00fdt podle \u017eidovsk\u00e9ho kalend\u00e1\u0159e 2. dne m\u011bs\u00edce tamuz v roce 709 p\u0159. n. l.<\/p>\n\n\n\n<p>www1.cbn.com<\/p>\n","protected":false},"excerpt":{"rendered":"<p>Izraelsk\u00fd profesor starov\u011bk\u00e9 historie ozn\u00e1mil, \u017ee ned\u00e1vn\u00e9 roz\u0161ifrov\u00e1n\u00ed n\u00e1pis\u016f popisuj\u00edc\u00edch \u00fasp\u011bchy kr\u00e1le Chizkij\u00e1\u0161e, 13. judsk\u00e9ho kr\u00e1le z rodu Davidovy dynastie (715\u2013687\/686 p\u0159. n. l.) zm\u00edn\u011bn\u00e9ho&hellip;<\/p>\n","protected":false},"author":1,"featured_media":1800,"comment_status":"closed","ping_status":"open","sticky":false,"template":"","format":"standard","meta":{"footnotes":""},"categories":[10],"tags":[69],"class_list":["post-1799","post","type-post","status-publish","format-standard","has-post-thumbnail","hentry","category-zpravy-ze-sveta","tag-2023-01","has-post-thumbnail-archive"],"_links":{"self":[{"href":"https:\/\/www.hlas-pravoslavi.cz\/index.php\/wp-json\/wp\/v2\/posts\/1799","targetHints":{"allow":["GET"]}}],"collection":[{"href":"https:\/\/www.hlas-pravoslavi.cz\/index.php\/wp-json\/wp\/v2\/posts"}],"about":[{"href":"https:\/\/www.hlas-pravoslavi.cz\/index.php\/wp-json\/wp\/v2\/types\/post"}],"author":[{"embeddable":true,"href":"https:\/\/www.hlas-pravoslavi.cz\/index.php\/wp-json\/wp\/v2\/users\/1"}],"replies":[{"embeddable":true,"href":"https:\/\/www.hlas-pravoslavi.cz\/index.php\/wp-json\/wp\/v2\/comments?post=1799"}],"version-history":[{"count":2,"href":"https:\/\/www.hlas-pravoslavi.cz\/index.php\/wp-json\/wp\/v2\/posts\/1799\/revisions"}],"predecessor-version":[{"id":1802,"href":"https:\/\/www.hlas-pravoslavi.cz\/index.php\/wp-json\/wp\/v2\/posts\/1799\/revisions\/1802"}],"wp:featuredmedia":[{"embeddable":true,"href":"https:\/\/www.hlas-pravoslavi.cz\/index.php\/wp-json\/wp\/v2\/media\/1800"}],"wp:attachment":[{"href":"https:\/\/www.hlas-pravoslavi.cz\/index.php\/wp-json\/wp\/v2\/media?parent=1799"}],"wp:term":[{"taxonomy":"category","embeddable":true,"href":"https:\/\/www.hlas-pravoslavi.cz\/index.php\/wp-json\/wp\/v2\/categories?post=1799"},{"taxonomy":"post_tag","embeddable":true,"href":"https:\/\/www.hlas-pravoslavi.cz\/index.php\/wp-json\/wp\/v2\/tags?post=1799"}],"curies":[{"name":"wp","href":"https:\/\/api.w.org\/{rel}","templated":true}]}}