{"id":1796,"date":"2023-01-05T14:42:42","date_gmt":"2023-01-05T13:42:42","guid":{"rendered":"https:\/\/www.hlas-pravoslavi.cz\/?p=1796"},"modified":"2023-01-25T14:43:05","modified_gmt":"2023-01-25T13:43:05","slug":"americane-jsou-znepokojeni-tim-ze-mnozi-zapominaji-na-skutecny-vyznam-vanoc","status":"publish","type":"post","link":"https:\/\/www.hlas-pravoslavi.cz\/index.php\/2023\/01\/05\/americane-jsou-znepokojeni-tim-ze-mnozi-zapominaji-na-skutecny-vyznam-vanoc\/","title":{"rendered":"Ameri\u010dan\u00e9 jsou znepokojen\u00ed t\u00edm, \u017ee mnoz\u00ed zapom\u00ednaj\u00ed na skute\u010dn\u00fd v\u00fdznam V\u00e1noc"},"content":{"rendered":"\n<p>Podle ned\u00e1vn\u00e9ho pr\u016fzkumu se t\u0159i \u010dtvrtiny Ameri\u010dan\u016f ob\u00e1vaj\u00ed, \u017ee v\u011bt\u0161ina lid\u00ed zapomn\u011bla na skute\u010dn\u00fd v\u00fdznam V\u00e1noc. Pr\u016fzkum na za\u010d\u00e1tku prosince provedla spole\u010dnost Ipsos. Z\u00fa\u010dastnilo se ho 1023 dosp\u011bl\u00fdch Ameri\u010dan\u016f.<\/p>\n\n\n\n<p>84 % dot\u00e1zan\u00fdch k\u0159es\u0165an\u016f se domn\u00edv\u00e1, \u017ee Ameri\u010dan\u00e9 zapomn\u011bli na prav\u00fd v\u00fdznam sv\u00e1tku. 50 % sp\u00ed\u0161e souhlas\u00ed a 34 % \u010d\u00e1ste\u010dn\u011b souhlas\u00ed s t\u00edmto tvrzen\u00edm. Tento n\u00e1zor pln\u011b sd\u00edl\u00ed 42 % v\u0161ech dot\u00e1zan\u00fdch Ameri\u010dan\u016f a \u010d\u00e1ste\u010dn\u011b 33 %. Mezi nev\u011b\u0159\u00edc\u00edmi Ameri\u010dany se 60 % domn\u00edv\u00e1, \u017ee mnoz\u00ed zapomn\u011bli na skute\u010dn\u00fd v\u00fdznam velk\u00e9ho k\u0159es\u0165ansk\u00e9ho sv\u00e1tku.<\/p>\n\n\n\n<p>Tento n\u00e1zor sd\u00edl\u00ed naprost\u00e1 v\u011bt\u0161ina p\u0159\u00edznivc\u016f Republik\u00e1nsk\u00e9 strany (88 %) a dv\u011b t\u0159etiny p\u0159\u00edznivc\u016f Demokratick\u00e9 strany (66 %).<\/p>\n\n\n\n<p>81 % respondent\u016f ve v\u011bku nad 50 let souhlasilo s t\u00edm, \u017ee mnoz\u00ed zapomn\u011bli na v\u00fdznam V\u00e1noc. Mezi mlad\u0161\u00ed generac\u00ed tento n\u00e1zor sd\u00edl\u00ed 68 % Ameri\u010dan\u016f ve v\u011bku 18 a\u017e 24 let a tak\u00e9 66 % respondent\u016f ve v\u011bku 25 a\u017e 34 let. V kategorii \u00fa\u010dastn\u00edk\u016f ve v\u011bku 35 a\u017e 49 let jich bylo 72 %.<\/p>\n\n\n\n<p>85 % dot\u00e1zan\u00fdch zdob\u00ed sv\u00e9 domovy na V\u00e1noce a 41 % za\u010d\u00edn\u00e1 odstra\u0148ovat dekorace v prvn\u00edm lednov\u00e9m t\u00fddnu. 23 % se domn\u00edv\u00e1, \u017ee by lid\u00e9 m\u011bli v\u00e1no\u010dn\u00ed ozdoby odstranit a\u017e na konci ledna.<\/p>\n\n\n\n<p>Co se t\u00fd\u010de v\u00e1no\u010dn\u00ed hudby, 87 % dot\u00e1zan\u00fdch si mysl\u00ed, \u017ee po Dni d\u00edk\u016fvzd\u00e1n\u00ed (\u010dtvrt\u00fd \u010dtvrtek listopadu) je ten spr\u00e1vn\u00fd \u010das za\u010d\u00edt poslouchat a hr\u00e1t sv\u00e1te\u010dn\u00ed melodie. Ameri\u010dan\u00e9 byli tak\u00e9 po\u017e\u00e1d\u00e1ni, aby pojmenovali v\u00e1no\u010dn\u00ed p\u00edse\u0148, kter\u00e1 je nejv\u00edc roz\u010diluje: 12 % jmenovalo \u201eAll I Want for Christmas&#8230;\u201c od Mariah Carey, 6 % nesn\u00e1\u0161\u00ed \u201eJingle Bells\u201c a 5 % \u201eGrandma Got Over by a Reindeer\u201c.<\/p>\n\n\n\n<p>Dal\u0161\u00ed studie uk\u00e1zala, \u017ee b\u011bhem sv\u00e1te\u010dn\u00edch v\u00e1no\u010dn\u00edch bohoslu\u017eeb nav\u0161t\u011bvuje kostely nejv\u011bt\u0161\u00ed po\u010det lid\u00ed. V ned\u00e1vn\u00e9m pr\u016fzkumu spole\u010dnosti Lifeway Research mezi 1000 protestantsk\u00fdmi pastory v USA 48 % respondent\u016f ozna\u010dilo \u0161t\u011bdrove\u010dern\u00ed bohoslu\u017eby za \u201enejnav\u0161t\u011bvovan\u011bj\u0161\u00ed ud\u00e1lost\u201c ve sv\u00fdch kostelech. Pro 7 % far\u00e1\u0159\u016f jsou to bohoslu\u017eby v samotn\u00fd den V\u00e1noc.<\/p>\n\n\n\n<p><a href=\"http:\/\/www.christianpost.com\">www.christianpost.com<\/a><\/p>\n","protected":false},"excerpt":{"rendered":"<p>Podle ned\u00e1vn\u00e9ho pr\u016fzkumu se t\u0159i \u010dtvrtiny Ameri\u010dan\u016f ob\u00e1vaj\u00ed, \u017ee v\u011bt\u0161ina lid\u00ed zapomn\u011bla na skute\u010dn\u00fd v\u00fdznam V\u00e1noc. Pr\u016fzkum na za\u010d\u00e1tku prosince provedla spole\u010dnost Ipsos. Z\u00fa\u010dastnilo se&hellip;<\/p>\n","protected":false},"author":1,"featured_media":0,"comment_status":"closed","ping_status":"open","sticky":false,"template":"","format":"standard","meta":{"footnotes":""},"categories":[10],"tags":[69],"class_list":["post-1796","post","type-post","status-publish","format-standard","hentry","category-zpravy-ze-sveta","tag-2023-01"],"_links":{"self":[{"href":"https:\/\/www.hlas-pravoslavi.cz\/index.php\/wp-json\/wp\/v2\/posts\/1796","targetHints":{"allow":["GET"]}}],"collection":[{"href":"https:\/\/www.hlas-pravoslavi.cz\/index.php\/wp-json\/wp\/v2\/posts"}],"about":[{"href":"https:\/\/www.hlas-pravoslavi.cz\/index.php\/wp-json\/wp\/v2\/types\/post"}],"author":[{"embeddable":true,"href":"https:\/\/www.hlas-pravoslavi.cz\/index.php\/wp-json\/wp\/v2\/users\/1"}],"replies":[{"embeddable":true,"href":"https:\/\/www.hlas-pravoslavi.cz\/index.php\/wp-json\/wp\/v2\/comments?post=1796"}],"version-history":[{"count":2,"href":"https:\/\/www.hlas-pravoslavi.cz\/index.php\/wp-json\/wp\/v2\/posts\/1796\/revisions"}],"predecessor-version":[{"id":1798,"href":"https:\/\/www.hlas-pravoslavi.cz\/index.php\/wp-json\/wp\/v2\/posts\/1796\/revisions\/1798"}],"wp:attachment":[{"href":"https:\/\/www.hlas-pravoslavi.cz\/index.php\/wp-json\/wp\/v2\/media?parent=1796"}],"wp:term":[{"taxonomy":"category","embeddable":true,"href":"https:\/\/www.hlas-pravoslavi.cz\/index.php\/wp-json\/wp\/v2\/categories?post=1796"},{"taxonomy":"post_tag","embeddable":true,"href":"https:\/\/www.hlas-pravoslavi.cz\/index.php\/wp-json\/wp\/v2\/tags?post=1796"}],"curies":[{"name":"wp","href":"https:\/\/api.w.org\/{rel}","templated":true}]}}