{"id":1788,"date":"2023-01-17T14:36:22","date_gmt":"2023-01-17T13:36:22","guid":{"rendered":"https:\/\/www.hlas-pravoslavi.cz\/?p=1788"},"modified":"2023-01-25T14:36:58","modified_gmt":"2023-01-25T13:36:58","slug":"v-roce-2023-pronasledovani-krestanu-zesili","status":"publish","type":"post","link":"https:\/\/www.hlas-pravoslavi.cz\/index.php\/2023\/01\/17\/v-roce-2023-pronasledovani-krestanu-zesili\/","title":{"rendered":"V roce 2023 pron\u00e1sledov\u00e1n\u00ed k\u0159es\u0165an\u016f zes\u00edl\u00ed"},"content":{"rendered":"\n<p>Britsk\u00e1 nevl\u00e1dn\u00ed organizace Release International, kter\u00e1 pom\u00e1h\u00e1 pron\u00e1sledovan\u00fdm k\u0159es\u0165an\u016fm po cel\u00e9m sv\u011bt\u011b, varuje, \u017ee rok 2023 se pro k\u0159es\u0165any m\u016f\u017ee st\u00e1t je\u0161t\u011b dramati\u010dt\u011bj\u0161\u00ed.<\/p>\n\n\n\n<p>Paul Robinson, gener\u00e1ln\u00ed \u0159editel Release International, \u0159ekl: \u201ePron\u00e1sledov\u00e1n\u00ed je v posledn\u00edch letech na vzestupu. Zd\u00e1 se, \u017ee v roce 2023 tento trend bude pokra\u010dovat.\u201c<\/p>\n\n\n\n<p>Zpr\u00e1va organizace informuje o t\u011b\u017ek\u00e9 situaci pro k\u0159es\u0165any v&nbsp;r\u016fzn\u00fdch koutech sv\u011bta v\u010detn\u011b Nig\u00e9rie, Indie, \u010c\u00edny a \u00cdr\u00e1nu. Nig\u00e9rie vzbuzuje nejv\u011bt\u0161\u00ed obavy lidskopr\u00e1vn\u00edch organizac\u00ed kv\u016fli rostouc\u00edmu n\u00e1sil\u00ed ze strany islamistick\u00fdch extremist\u016f na severu zem\u011b a nebezpe\u010d\u00ed rozd\u011blen\u00ed zem\u011b v&nbsp;d\u016fsledku \u010dinnosti region\u00e1ln\u00edch etnick\u00fdch skupin na jihu. K\u0159es\u0165an\u00e9 jsou i nad\u00e1le ter\u010dem n\u00e1siln\u00fdch \u00fatok\u016f v&nbsp;centr\u00e1ln\u00edch oblastech Nig\u00e9rie, ale n\u00e1sil\u00ed se st\u00e1le v\u00edce \u0161\u00ed\u0159\u00ed do ji\u017en\u00edch oblast\u00ed, kter\u00e9 byly d\u0159\u00edve pova\u017eov\u00e1ny za relativn\u011b bezpe\u010dn\u00e9.<\/p>\n\n\n\n<p>Release International odhaduje po\u010det k\u0159es\u0165an\u016f zabit\u00fdch radikalizovanou etnickou skupinou Fulani na v\u00edce ne\u017e 6000. \u00datoky na k\u0159es\u0165any p\u00e1chaj\u00ed tak\u00e9 teroristick\u00e9 skupiny Boko Haram a Isl\u00e1msk\u00fd st\u00e1t v z\u00e1padn\u00ed Africe. \u201eV\u0161e nazna\u010duje, \u017ee Nig\u00e9rie je v kl\u00ed\u010dov\u00e9m bod\u011b sv\u00e9 historie,\u201c uvedl p\u0159edstavitel Release International v&nbsp;t\u00e9to zemi. \u201eVolby v roce 2023 uk\u00e1\u017eou, zda zem\u011b z\u016fstane jednotn\u00e1, nebo se rozpadne.\u201c<\/p>\n\n\n\n<p>\u201e\u00danosy za \u00fa\u010delem vym\u00e1h\u00e1n\u00ed v\u00fdkupn\u00e9ho se nyn\u00ed staly hlavn\u00edm zdrojem pen\u011bz pro teroristick\u00e9 skupiny, zat\u00edmco po\u010det ob\u011bt\u00ed zn\u00e1siln\u011bn\u00ed a lid\u00ed \u017eij\u00edc\u00edch se zdravotn\u00edm posti\u017een\u00edm v d\u016fsledku \u00fatok\u016f v k\u0159es\u0165ansk\u00fdch komunit\u00e1ch nad\u00e1le roste,\u201c p\u00ed\u0161e se ve zpr\u00e1v\u011b. \u201eStovky tis\u00edc d\u011bt\u00ed z k\u0159es\u0165ansk\u00fdch vesnic nemohou chodit do \u0161koly nebo nemaj\u00ed p\u0159\u00edstup ke kvalitn\u00edmu vzd\u011bl\u00e1n\u00ed.\u201c<\/p>\n\n\n\n<p>Dal\u0161\u00ed zem\u00ed, v&nbsp;n\u00ed\u017e je situace velice znepokojuj\u00edc\u00ed, je Indie. Zde jsou k\u0159es\u0165an\u00e9 napad\u00e1ni hinduistick\u00fdmi nacionalisty a z\u00e1kony proti konverzi se zav\u00e1d\u011bj\u00ed ve v\u00edce st\u00e1tech a je jen ot\u00e1zkou \u010dasu, kdy takov\u00fd z\u00e1kon bude zaveden jako celost\u00e1tn\u00ed. O V\u00e1noc\u00edch se objevily zpr\u00e1vy o tom, jak hinduisti\u010dt\u00ed extr\u00e9mist\u00e9 skandovali \u201esmrt Je\u017e\u00ed\u0161i Kristu\u201c a p\u00e1lili podobizny Santa Clause.<\/p>\n\n\n\n<p>V \u00cdr\u00e1nu, kter\u00fd byl letos ot\u0159esen protesty, p\u0159edstavitel Release International uvedl, \u017ee \u00edr\u00e1nsk\u00e1 vl\u00e1da je znepokojena t\u00edm, \u017ee \u201ezklaman\u00ed muslimov\u00e9 se st\u00e1vaj\u00ed k\u0159es\u0165any\u201c. Navzdory vln\u011b pron\u00e1sledov\u00e1n\u00ed proti konvertit\u016fm po\u010det domovn\u00edch kapl\u00ed v \u00cdr\u00e1nu roste.<\/p>\n\n\n\n<p>V koment\u00e1\u0159i ke zpr\u00e1v\u011b Paul Robinson \u0159ekl: \u201eD\u011bjiny ran\u00e9 c\u00edrkve n\u00e1s u\u010d\u00ed, \u017ee pron\u00e1sledov\u00e1n\u00ed soust\u0159e\u010fuje mysl a posiluje odhodl\u00e1n\u00ed. Posiluje a zu\u0161lech\u0165uje c\u00edrkev.\u201c<\/p>\n\n\n\n<p><a href=\"http:\/\/www.christiantoday.com\">www.christiantoday.com<\/a><\/p>\n","protected":false},"excerpt":{"rendered":"<p>Britsk\u00e1 nevl\u00e1dn\u00ed organizace Release International, kter\u00e1 pom\u00e1h\u00e1 pron\u00e1sledovan\u00fdm k\u0159es\u0165an\u016fm po cel\u00e9m sv\u011bt\u011b, varuje, \u017ee rok 2023 se pro k\u0159es\u0165any m\u016f\u017ee st\u00e1t je\u0161t\u011b dramati\u010dt\u011bj\u0161\u00ed. Paul Robinson,&hellip;<\/p>\n","protected":false},"author":1,"featured_media":1789,"comment_status":"closed","ping_status":"open","sticky":false,"template":"","format":"standard","meta":{"footnotes":""},"categories":[10],"tags":[69],"class_list":["post-1788","post","type-post","status-publish","format-standard","has-post-thumbnail","hentry","category-zpravy-ze-sveta","tag-2023-01","has-post-thumbnail-archive"],"_links":{"self":[{"href":"https:\/\/www.hlas-pravoslavi.cz\/index.php\/wp-json\/wp\/v2\/posts\/1788","targetHints":{"allow":["GET"]}}],"collection":[{"href":"https:\/\/www.hlas-pravoslavi.cz\/index.php\/wp-json\/wp\/v2\/posts"}],"about":[{"href":"https:\/\/www.hlas-pravoslavi.cz\/index.php\/wp-json\/wp\/v2\/types\/post"}],"author":[{"embeddable":true,"href":"https:\/\/www.hlas-pravoslavi.cz\/index.php\/wp-json\/wp\/v2\/users\/1"}],"replies":[{"embeddable":true,"href":"https:\/\/www.hlas-pravoslavi.cz\/index.php\/wp-json\/wp\/v2\/comments?post=1788"}],"version-history":[{"count":2,"href":"https:\/\/www.hlas-pravoslavi.cz\/index.php\/wp-json\/wp\/v2\/posts\/1788\/revisions"}],"predecessor-version":[{"id":1791,"href":"https:\/\/www.hlas-pravoslavi.cz\/index.php\/wp-json\/wp\/v2\/posts\/1788\/revisions\/1791"}],"wp:featuredmedia":[{"embeddable":true,"href":"https:\/\/www.hlas-pravoslavi.cz\/index.php\/wp-json\/wp\/v2\/media\/1789"}],"wp:attachment":[{"href":"https:\/\/www.hlas-pravoslavi.cz\/index.php\/wp-json\/wp\/v2\/media?parent=1788"}],"wp:term":[{"taxonomy":"category","embeddable":true,"href":"https:\/\/www.hlas-pravoslavi.cz\/index.php\/wp-json\/wp\/v2\/categories?post=1788"},{"taxonomy":"post_tag","embeddable":true,"href":"https:\/\/www.hlas-pravoslavi.cz\/index.php\/wp-json\/wp\/v2\/tags?post=1788"}],"curies":[{"name":"wp","href":"https:\/\/api.w.org\/{rel}","templated":true}]}}