{"id":1785,"date":"2023-01-05T14:33:01","date_gmt":"2023-01-05T13:33:01","guid":{"rendered":"https:\/\/www.hlas-pravoslavi.cz\/?p=1785"},"modified":"2023-01-25T14:34:13","modified_gmt":"2023-01-25T13:34:13","slug":"v-norsku-se-pozaduje-odstraneni-krizu-z-kapli","status":"publish","type":"post","link":"https:\/\/www.hlas-pravoslavi.cz\/index.php\/2023\/01\/05\/v-norsku-se-pozaduje-odstraneni-krizu-z-kapli\/","title":{"rendered":"V\u00a0Norsku se po\u017eaduje odstran\u011bn\u00ed k\u0159\u00ed\u017e\u016f z\u00a0kapl\u00ed"},"content":{"rendered":"\n<p>Norsk\u00e1 asociace humanistick\u00e9 etiky vyzvala c\u00edrkev, aby odstranila z&nbsp;kapl\u00ed k\u0159\u00ed\u017ee z&nbsp;\u00facty k&nbsp;cit\u016fm ateist\u016f a p\u0159edstavitel\u016f jin\u00fdch n\u00e1bo\u017eenstv\u00ed.<\/p>\n\n\n\n<p>\u0160\u00e9f jedn\u00e9 z pobo\u010dek Norsk\u00e9 asociace humanistick\u00e9 etiky Magne Kvalbein zaslal dopis c\u00edrkvi Norska, ve kter\u00e9m po\u017eaduje odstran\u011bn\u00ed k\u0159\u00ed\u017e\u016f z h\u0159bitovn\u00edch kapl\u00ed a u\u010dinit je \u201eneutr\u00e1ln\u00edmi\u201c. Kvalbein pouk\u00e1zal na to, \u017ee lidem, kte\u0159\u00ed nevyzn\u00e1vaj\u00ed k\u0159es\u0165anstv\u00ed, se k\u0159\u00ed\u017e m\u016f\u017ee zd\u00e1t \u201eneodbytn\u00fd a vyhro\u017euj\u00edc\u00ed\u201c.<\/p>\n\n\n\n<p>\u201eVzhledem k tomu, \u017ee ka\u017ed\u00fd m\u00e1 sv\u00e9 vlastn\u00ed p\u0159edstavy o \u017eivot\u011b a smrti, ve\u0159ejn\u00e9 z\u00f3ny na h\u0159bitovech by m\u011bly b\u00fdt \u0159e\u0161eny neutr\u00e1ln\u011b. Symboly mus\u00ed b\u00fdt demontov\u00e1ny, aby h\u0159bitovy p\u016fsobily neutr\u00e1ln\u011b,\u201c napsal Magne Kvalbein. Je to nutn\u00e9 z toho d\u016fvodu, \u017ee na h\u0159bitovech nejsou poh\u0159b\u00edv\u00e1ni pouze k\u0159es\u0165an\u00e9.<\/p>\n\n\n\n<p>K\u0159es\u0165ansk\u00e9 symboly jsou podle Kvalbeina ji\u017e minulost\u00ed. \u201eDnes mus\u00ed administrace br\u00e1t v \u00favahu pot\u0159eby multikulturn\u00ed spole\u010dnosti s odli\u0161n\u00fdmi pohledy na \u017eivot,\u201c zd\u016fraznil Kvalbein. To znamen\u00e1, \u017ee jak\u00e9koli pou\u017eit\u00ed k\u0159\u00ed\u017ee by m\u011blo b\u00fdt zak\u00e1z\u00e1no.<\/p>\n\n\n\n<p>Dodal tak\u00e9, \u017ee by se kostely m\u011bly pou\u017e\u00edvat v\u00fdhradn\u011b pro k\u0159es\u0165ansk\u00e9 ceremonie, ale h\u0159bitovn\u00ed kaple a krematoria maj\u00ed b\u00fdt p\u0159\u00edstupn\u00e9 pro v\u0161echny bez rozd\u00edlu vyzn\u00e1n\u00ed, k\u0159\u00ed\u017ee na n\u011b proto nepat\u0159\u00ed.<\/p>\n\n\n\n<p>\u0160\u00e9fka sjednocen\u00e9 rady c\u00edrkv\u00ed Mona Mirwang Nygaard na to odpov\u011bd\u011bla, \u017ee komunita nehodl\u00e1 k\u0159\u00ed\u017ee odstra\u0148ovat a lid\u00e9, kter\u00fdm se zd\u00e1 symbol k\u0159es\u0165anstv\u00ed ur\u00e1\u017eliv\u00fd, si mohou pro smute\u010dn\u00ed ob\u0159ad vybrat jin\u00e9 m\u00edstnosti. Zd\u016fraznila, \u017ee nikdy nesly\u0161ela st\u00ed\u017enosti na to, \u017ee byl na kapli k\u0159\u00ed\u017e.&nbsp;<\/p>\n\n\n\n<p>Proti odstra\u0148ov\u00e1n\u00ed k\u0159\u00ed\u017e\u016f z kapl\u00ed a n\u00e1hrobk\u016f se vyslovila i biskupka diec\u00e9ze Hamar Kirsten E. Almos. Podpo\u0159ila n\u00e1zor, \u017ee ka\u017ed\u00fd by m\u011bl m\u00edt m\u00edsto pro poh\u0159ebn\u00ed ob\u0159ad, kter\u00e9 vyhovuje jeho sv\u011bton\u00e1zoru, ale nevid\u00ed, jak by k tomu pomohlo odstran\u011bn\u00ed k\u0159es\u0165ansk\u00fdch symbol\u016f.<\/p>\n\n\n\n<p>Mana\u017eerka pro styk s ve\u0159ejnost\u00ed Norsk\u00e9 asociace humanistick\u00e9 etiky Marit Oimoen ozn\u00e1mila, \u017ee m\u00edstn\u00ed pobo\u010dka organizace, kter\u00e1 po\u017eadovala odstran\u011bn\u00ed k\u0159\u00ed\u017e\u016f z kapl\u00ed, neodr\u00e1\u017e\u00ed obecn\u00fd postoj asociace. \u201ePracujeme na vytvo\u0159en\u00ed d\u016fstojn\u00fdch neutr\u00e1ln\u00edch ob\u0159adn\u00edch sin\u00ed. Nepracujeme na tom, abychom vzali prostory jist\u00fdm n\u00e1bo\u017eensk\u00fdm komunit\u00e1m,\u201c napsala na Twitteru.<\/p>\n\n\n\n<p>norway.postsen.com<\/p>\n","protected":false},"excerpt":{"rendered":"<p>Norsk\u00e1 asociace humanistick\u00e9 etiky vyzvala c\u00edrkev, aby odstranila z&nbsp;kapl\u00ed k\u0159\u00ed\u017ee z&nbsp;\u00facty k&nbsp;cit\u016fm ateist\u016f a p\u0159edstavitel\u016f jin\u00fdch n\u00e1bo\u017eenstv\u00ed. \u0160\u00e9f jedn\u00e9 z pobo\u010dek Norsk\u00e9 asociace humanistick\u00e9 etiky&hellip;<\/p>\n","protected":false},"author":1,"featured_media":0,"comment_status":"closed","ping_status":"open","sticky":false,"template":"","format":"standard","meta":{"footnotes":""},"categories":[10],"tags":[69],"class_list":["post-1785","post","type-post","status-publish","format-standard","hentry","category-zpravy-ze-sveta","tag-2023-01"],"_links":{"self":[{"href":"https:\/\/www.hlas-pravoslavi.cz\/index.php\/wp-json\/wp\/v2\/posts\/1785","targetHints":{"allow":["GET"]}}],"collection":[{"href":"https:\/\/www.hlas-pravoslavi.cz\/index.php\/wp-json\/wp\/v2\/posts"}],"about":[{"href":"https:\/\/www.hlas-pravoslavi.cz\/index.php\/wp-json\/wp\/v2\/types\/post"}],"author":[{"embeddable":true,"href":"https:\/\/www.hlas-pravoslavi.cz\/index.php\/wp-json\/wp\/v2\/users\/1"}],"replies":[{"embeddable":true,"href":"https:\/\/www.hlas-pravoslavi.cz\/index.php\/wp-json\/wp\/v2\/comments?post=1785"}],"version-history":[{"count":2,"href":"https:\/\/www.hlas-pravoslavi.cz\/index.php\/wp-json\/wp\/v2\/posts\/1785\/revisions"}],"predecessor-version":[{"id":1787,"href":"https:\/\/www.hlas-pravoslavi.cz\/index.php\/wp-json\/wp\/v2\/posts\/1785\/revisions\/1787"}],"wp:attachment":[{"href":"https:\/\/www.hlas-pravoslavi.cz\/index.php\/wp-json\/wp\/v2\/media?parent=1785"}],"wp:term":[{"taxonomy":"category","embeddable":true,"href":"https:\/\/www.hlas-pravoslavi.cz\/index.php\/wp-json\/wp\/v2\/categories?post=1785"},{"taxonomy":"post_tag","embeddable":true,"href":"https:\/\/www.hlas-pravoslavi.cz\/index.php\/wp-json\/wp\/v2\/tags?post=1785"}],"curies":[{"name":"wp","href":"https:\/\/api.w.org\/{rel}","templated":true}]}}