{"id":1781,"date":"2023-01-15T14:31:20","date_gmt":"2023-01-15T13:31:20","guid":{"rendered":"https:\/\/www.hlas-pravoslavi.cz\/?p=1781"},"modified":"2023-01-25T14:31:41","modified_gmt":"2023-01-25T13:31:41","slug":"na-kypru-byl-zvolen-a-intronizovan-novy-arcibiskup","status":"publish","type":"post","link":"https:\/\/www.hlas-pravoslavi.cz\/index.php\/2023\/01\/15\/na-kypru-byl-zvolen-a-intronizovan-novy-arcibiskup\/","title":{"rendered":"Na Kypru byl zvolen a intronizov\u00e1n nov\u00fd arcibiskup"},"content":{"rendered":"\n<p>Dne 24. prosince 2022 Posv\u00e1tn\u00fd synod kypersk\u00e9 pravoslavn\u00e9 c\u00edrkve zvolil nov\u00e9ho arcibiskupa. V\u011bt\u0161inu hlas\u016f z\u00edskal metropolita patosk\u00fd Georgios. Ze 16 \u010dlen\u016f synodu ho podpo\u0159ilo 11. 4 hlasy z\u00edskal metropolita limassolsk\u00fd Athanasios, jeden hlasovac\u00ed l\u00edstek byl pr\u00e1zdn\u00fd.<\/p>\n\n\n\n<p>Ceremonie intronizace nov\u00e9ho kypersk\u00e9ho arcibiskupa se uskute\u010dnila 8. ledna 2023 v katedr\u00e1le apo\u0161tola Barnab\u00e1\u0161e v Nik\u00f3sii. Intronizace se z\u00fa\u010dastnila hlava \u0159eck\u00e9 c\u00edrkve Jeron\u00fdm, z\u00e1stupci Fanaru, hierarchov\u00e9 a duchovn\u00ed kypersk\u00e9 c\u00edrkve, z\u00e1stupci dal\u0161\u00edch m\u00edstn\u00edch c\u00edrkv\u00ed, delegace katolick\u00e9 c\u00edrkve a tak\u00e9 z\u00e1stupce rozkolnick\u00e9 ukrajinsk\u00e9 c\u00edrkve. Byl p\u0159\u00edtomen prezident Kypersk\u00e9 republiky Nikos Anastasiadis, minist\u0159i a dal\u0161\u00ed st\u00e1tn\u00ed \u00fa\u0159edn\u00edci v\u010detn\u011b z\u00e1stupc\u016f politick\u00fdch stran.<\/p>\n\n\n\n<p>Na intronizaci chyb\u011bl metropolita morfsk\u00fd Neofit. Hierarcha ozn\u00e1mil, \u017ee m\u00edsto toho, aby se \u00fa\u010dastnil ceremonie, bude se v\u011bnovat modlitb\u011b za vl\u00e1dou pron\u00e1sledovanou Ukrajinskou pravoslavnou c\u00edrkev a metropolitu Onufrije. Toto prohl\u00e1\u0161en\u00ed bylo zve\u0159ejn\u011bno na webov\u00fdch str\u00e1nk\u00e1ch metropolie.<\/p>\n\n\n\n<p>\u201eInformujeme zbo\u017enou plnost kypersk\u00e9 c\u00edrkve, \u017ee vysokop\u0159eosv\u00edcen\u00fd metropolita morfsk\u00fd Neofit by se r\u00e1d z\u00fa\u010dastnil ceremonie intronizace Jeho Bla\u017eenosti arcibiskupa kypersk\u00e9ho Georgia v ned\u011bli 8. 1.2023, rad\u011bji v\u0161ak z\u016fstane ve sv\u00e9 skromn\u00e9 \u200b\u200bcele a bude se modlit jak za bla\u017een\u011bj\u0161\u00edho arcibiskupa kypersk\u00e9ho, tak za trp\u00edc\u00edho bla\u017een\u011bj\u0161\u00edho metropolitou kyjevsk\u00e9ho a cel\u00e9 Ukrajiny Onufrije.\u201c<\/p>\n\n\n\n<p><a href=\"http:\/\/www.spzh.news\">www.spzh.news<\/a><\/p>\n","protected":false},"excerpt":{"rendered":"<p>Dne 24. prosince 2022 Posv\u00e1tn\u00fd synod kypersk\u00e9 pravoslavn\u00e9 c\u00edrkve zvolil nov\u00e9ho arcibiskupa. V\u011bt\u0161inu hlas\u016f z\u00edskal metropolita patosk\u00fd Georgios. Ze 16 \u010dlen\u016f synodu ho podpo\u0159ilo 11.&hellip;<\/p>\n","protected":false},"author":1,"featured_media":1782,"comment_status":"closed","ping_status":"open","sticky":false,"template":"","format":"standard","meta":{"footnotes":""},"categories":[10],"tags":[69],"class_list":["post-1781","post","type-post","status-publish","format-standard","has-post-thumbnail","hentry","category-zpravy-ze-sveta","tag-2023-01","has-post-thumbnail-archive"],"_links":{"self":[{"href":"https:\/\/www.hlas-pravoslavi.cz\/index.php\/wp-json\/wp\/v2\/posts\/1781","targetHints":{"allow":["GET"]}}],"collection":[{"href":"https:\/\/www.hlas-pravoslavi.cz\/index.php\/wp-json\/wp\/v2\/posts"}],"about":[{"href":"https:\/\/www.hlas-pravoslavi.cz\/index.php\/wp-json\/wp\/v2\/types\/post"}],"author":[{"embeddable":true,"href":"https:\/\/www.hlas-pravoslavi.cz\/index.php\/wp-json\/wp\/v2\/users\/1"}],"replies":[{"embeddable":true,"href":"https:\/\/www.hlas-pravoslavi.cz\/index.php\/wp-json\/wp\/v2\/comments?post=1781"}],"version-history":[{"count":2,"href":"https:\/\/www.hlas-pravoslavi.cz\/index.php\/wp-json\/wp\/v2\/posts\/1781\/revisions"}],"predecessor-version":[{"id":1784,"href":"https:\/\/www.hlas-pravoslavi.cz\/index.php\/wp-json\/wp\/v2\/posts\/1781\/revisions\/1784"}],"wp:featuredmedia":[{"embeddable":true,"href":"https:\/\/www.hlas-pravoslavi.cz\/index.php\/wp-json\/wp\/v2\/media\/1782"}],"wp:attachment":[{"href":"https:\/\/www.hlas-pravoslavi.cz\/index.php\/wp-json\/wp\/v2\/media?parent=1781"}],"wp:term":[{"taxonomy":"category","embeddable":true,"href":"https:\/\/www.hlas-pravoslavi.cz\/index.php\/wp-json\/wp\/v2\/categories?post=1781"},{"taxonomy":"post_tag","embeddable":true,"href":"https:\/\/www.hlas-pravoslavi.cz\/index.php\/wp-json\/wp\/v2\/tags?post=1781"}],"curies":[{"name":"wp","href":"https:\/\/api.w.org\/{rel}","templated":true}]}}