{"id":1772,"date":"2023-01-10T14:27:15","date_gmt":"2023-01-10T13:27:15","guid":{"rendered":"https:\/\/www.hlas-pravoslavi.cz\/?p=1772"},"modified":"2023-01-25T14:27:58","modified_gmt":"2023-01-25T13:27:58","slug":"putovani-srbskem","status":"publish","type":"post","link":"https:\/\/www.hlas-pravoslavi.cz\/index.php\/2023\/01\/10\/putovani-srbskem\/","title":{"rendered":"Putov\u00e1n\u00ed Srbskem"},"content":{"rendered":"\n<p>Ve dnech 26.\u201330. prosince se uskute\u010dnil pl\u00e1novan\u00fd z\u00e1jezd pravoslavn\u00e9 cyrilometod\u011bjsk\u00e9 \u0161koly do Srbska.<\/p>\n\n\n\n<p>Stejn\u011b jako p\u0159ed 101 lety tuto cestu vykonal vladyka Gorazd, tak i my jsme se vydali po jeho stop\u00e1ch. Vladyka Gorazd tehdy jel do Srbska s po\u010detnou delegac\u00ed sest\u00e1vaj\u00edc\u00ed z 18 osob. N\u00e1s bylo 24. Kn\u011bz Mat\u011bj Pavl\u00edk str\u00e1vil v&nbsp;Srbsku m\u011bs\u00edc, p\u0159ijal zde mni\u0161stv\u00ed a nov\u00e9 jm\u00e9no \u2013 Gorazd. N\u00e1sledn\u011b byl vysv\u011bcen na biskupa pro obnovenou \u010ceskoslovenskou pravoslavnou c\u00edrkev.<\/p>\n\n\n\n<p>Jako jeho duchovn\u00ed potomci jsme se rozhodli vydat se po jeho stop\u00e1ch a nav\u0161t\u00edvit m\u00edsta, kter\u00e1 byla pro \u017eivot vladyky Gorazda a pro \u017eivot na\u0161\u00ed c\u00edrkve z\u00e1sadn\u00ed.<\/p>\n\n\n\n<p>Ve\u010der 26. prosince jsme dorazili do Sremsk\u00fdch Karlovic. V\u00edtal n\u00e1s protojerej \u0408\u043evan \u041cilanovi\u010d, rektor m\u00edstn\u00edho semin\u00e1\u0159e sv. Arsenije Sremace. Hned jsme dostali pozv\u00e1n\u00ed na koncert zdej\u0161\u00edho lidov\u00e9ho sboru, co\u017e n\u00e1s velice pot\u011b\u0161ilo.<\/p>\n\n\n\n<p>N\u00e1sleduj\u00edc\u00ed den jsme nav\u0161t\u00edvili monast\u00fdry Jazak, Mal\u00e1 Remeta, Be\u0161enovo a Ravanice ve Vrdniku. Moc n\u00e1s pot\u011b\u0161ilo setk\u00e1n\u00ed s duchovn\u00edmi a mnichy t\u011bchto monast\u00fdr\u016f. Jejich srde\u010dn\u00e9 v\u00edt\u00e1n\u00ed, pro du\u0161i prosp\u011b\u0161n\u00e9 rozhovory a l\u00e1ska k poutn\u00edk\u016fm n\u00e1s velice nadchly a naplnily dobr\u00fdm pocitem.<\/p>\n\n\n\n<p>Matka igumena Paraskeva z monast\u00fdru Jazak n\u00e1m vypr\u00e1v\u011bla o sv\u00e9m \u017eivot\u011b a zd\u00e1lo se n\u00e1m, \u017ee p\u0159ed n\u00e1mi je svat\u00fd \u010dlov\u011bk. Matka igumena monast\u00fdru Mal\u00e1 Remeta a otec Lazar z monast\u00fdru Ravanica jsou p\u0159\u00edklady l\u00e1sky k poutn\u00edk\u016fm. Otec Arsenij, profesor semin\u00e1\u0159e, a igumen monast\u00fdru Be\u0161enovo n\u00e1m uk\u00e1zali vzor pokory a ochoty poslou\u017eit ka\u017ed\u00e9mu \u010dlov\u011bku. Mil\u00e9 v\u00edt\u00e1n\u00ed a dojemn\u00e9 lou\u010den\u00ed u monast\u00fdrsk\u00e9 br\u00e1ny byly sou\u010d\u00e1st\u00ed ka\u017ed\u00e9 n\u00e1v\u0161t\u011bvy.<\/p>\n\n\n\n<p>Po n\u00e1v\u0161t\u011bv\u00e1ch monast\u00fdr\u016f jsme se vydali do m\u00edstn\u00edho baz\u00e9nu s&nbsp;pramenitou vodou. Pot\u00e9 n\u00e1sledovala ve\u010de\u0159e ve velice dobr\u00e9 m\u00edstn\u00ed restauraci. C\u00edtili jsme se \u0161\u0165astn\u00ed na Bohem po\u017eehnan\u00e9m \u00fazem\u00ed Srbska.<\/p>\n\n\n\n<p>Ve st\u0159edu 28. prosince jsme se z\u00fa\u010dastnili Bo\u017esk\u00e9 liturgie v monast\u00fdru Ravanica. Pot\u00e9 jsme vyrazili do monast\u00fdru Kru\u0161edol, kde p\u0159ed 101 lety p\u0159ijal mni\u0161stv\u00ed Mat\u011bj Pavl\u00edk, budouc\u00ed mu\u010dedn\u00edk biskup Gorazd II. Igumen monast\u00fdru S\u00e1va n\u00e1s uv\u00edtal osobn\u011b, i kdy\u017e kv\u016fli zlomen\u00e9 noze byl na voz\u00ed\u010dku. D\u00e1le jsme se vydali do monast\u00fdru Velk\u00e1 Remeta, kde n\u00e1s igumen \u0160tefan nasytil v\u00fdborn\u00fdm ob\u011bdem. B\u011bhem ob\u011bda n\u00e1m otec \u0160tefan vypr\u00e1v\u011bl o historick\u00fdch vztaz\u00edch mezi \u010desk\u00fdm a srbsk\u00fdm n\u00e1rodem. V\u0161ichni jsme dostali d\u00e1rky a vr\u00e1tili se do Sremsk\u00fdch Karlovic, kter\u00e9 po n\u011bkolik stalet\u00ed byly s\u00eddlem srbsk\u00fdch patriarch\u016f.<\/p>\n\n\n\n<p>Prohl\u00e9dli jsme si patriar\u0161\u00ed pal\u00e1c, katedr\u00e1ln\u00ed chr\u00e1m a dal\u0161\u00ed star\u00e9 chr\u00e1my m\u011bsta. Po prohl\u00eddce jsme se z\u00fa\u010dastnili ve\u010dern\u00ed bohoslu\u017eby a setkali se s m\u00edstn\u00edm biskupem Vasilijem. Biskup Vasilij n\u00e1s p\u0159iv\u00edtal a je\u0161t\u011b jednou zd\u016fraznil c\u00edl na\u0161eho putov\u00e1n\u00ed \u2013 proj\u00edt srbskou cestou sv. mu\u010d. Gorazda. Na z\u00e1v\u011br tohoto dne jsme nav\u0161t\u00edvili Sremsk\u00fd semin\u00e1\u0159. Otec rektor n\u00e1s provedl budovou \u0161koly, uk\u00e1zal n\u00e1m zdej\u0161\u00ed muzeum. Pak n\u00e1sledovala sv\u00e1te\u010dn\u00ed ve\u010de\u0159e.<\/p>\n\n\n\n<p>Ten ve\u010der jsme se lou\u010dili se sremskou eparchi\u00ed a s otcem rektorem Jovanem Milanovi\u010dem, \u010dlov\u011bkem inteligentn\u00edm a zbo\u017en\u00fdm, pokorn\u00fdm a trp\u011bliv\u00fdm, vesel\u00fdm, ale i dochviln\u00fdm, jen\u017e n\u00e1s po v\u0161echny dny doprov\u00e1zel a ud\u011blal na\u0161i n\u00e1v\u0161t\u011bvu sremsk\u00e9 eparchie nezapomenutelnou. Z cel\u00e9ho srdce za v\u0161e d\u011bkujeme otci i cel\u00e9 eparchii.<\/p>\n\n\n\n<p>Ve \u010dtvrtek, p\u0159edposledn\u00ed den na\u0161eho pobytu v&nbsp;Srbsku, jsme se r\u00e1no vydali do monast\u00fdru Ba\u010dsk\u00e9 eparchie v Kovi\u013eu. Tam na n\u00e1s ji\u017e \u010dekal otec Jermolaj. Jeho prarodi\u010de se p\u0159est\u011bhovali do Srbska ze Slovenska. Otec perfektn\u011b mluv\u00ed slovensky, co\u017e n\u00e1s hodn\u011b pot\u011b\u0161ilo. Po proch\u00e1zce monast\u00fdrem a dobr\u00e9m poho\u0161t\u011bn\u00ed jsme jeli d\u00e1l do hlavn\u00edho m\u011bsta Srbska B\u011blehradu. Tam jsme nav\u0161t\u00edvili n\u00e1dhern\u00fd, obrovsk\u00fd a naprosto z\u00e1zra\u010dn\u00fd katedr\u00e1ln\u00ed chr\u00e1m sv. S\u00e1vy. Ve\u010der jsme oslavili narozeniny na\u0161eho mil\u00e9ho Vasyla mlad\u0161\u00edho a vydali se na ve\u010dern\u00ed proch\u00e1zku m\u011bstem.<\/p>\n\n\n\n<p>V posledn\u00ed den sv\u00e9ho srbsk\u00e9ho z\u00e1jezdu jsme nav\u0161t\u00edvili monast\u00fdr Uveden\u00ed p\u0159esvat\u00e9 Bohorodice do chr\u00e1mu v B\u011blehrad\u011b, kde se nach\u00e1zej\u00ed ostatky sv. Dositeje, spolupracovn\u00edka sv. mu\u010d. Gorazda. Pro n\u00e1s v\u0161echny st\u00e1t u hrobu a poklonit se ostatk\u016fm svat\u00e9ho mu\u017ee, jen\u017e byl jedn\u00edm z&nbsp;inici\u00e1tor\u016f znovuzrozen\u00ed pravoslav\u00ed v&nbsp;\u010ceskoslovensku, bylo obrovsk\u00fdm po\u017eehn\u00e1n\u00edm.<\/p>\n\n\n\n<p>Nakonec jsme nav\u0161t\u00edvili b\u00fdval\u00fd katedr\u00e1ln\u00ed chr\u00e1m sv. archand\u011bla Michaela, kde byl vladyka Gorazd v roce 1921 vysv\u011bcen na biskupa. Na tomto m\u00edst\u011b jsme ukon\u010dili sv\u00e9 putov\u00e1n\u00ed a zah\u00e1jili n\u00e1vrat dom\u016f.<\/p>\n\n\n\n<p>D\u011bkujeme Jeho Vysokop\u0159eosv\u00edcenosti Michalovi, arcibiskupu pra\u017esk\u00e9mu a \u010desk\u00fdch zem\u00ed, za po\u017eehn\u00e1n\u00ed na\u0161\u00ed pouti. D\u011bkujeme tak\u00e9 biskupu sremsk\u00e9mu Vasilijovi a v\u0161em duchovn\u00edm sremsk\u00e9 a ba\u010dsk\u00e9 eparchie.<\/p>\n\n\n\n<p>Prot. Mgr. Vasyl \u010cerepko<\/p>\n\n\n\n<figure class=\"wp-block-gallery has-nested-images columns-default is-cropped wp-block-gallery-1 is-layout-flex wp-block-gallery-is-layout-flex\">\n<figure class=\"wp-block-image size-large\"><a href=\"https:\/\/www.hlas-pravoslavi.cz\/wp-content\/uploads\/2023\/01\/stazeny-soubor-1.png\" data-lbwps-width=\"1280\" data-lbwps-height=\"960\" data-lbwps-srcsmall=\"http:\/\/www.hlas-pravoslavi.cz\/wp-content\/uploads\/2023\/01\/stazeny-soubor-1-300x225.png\"><img loading=\"lazy\" decoding=\"async\" width=\"1024\" height=\"768\" data-id=\"1773\" src=\"https:\/\/www.hlas-pravoslavi.cz\/wp-content\/uploads\/2023\/01\/stazeny-soubor-1-1024x768.png\" alt=\"\" class=\"wp-image-1773\" srcset=\"https:\/\/www.hlas-pravoslavi.cz\/wp-content\/uploads\/2023\/01\/stazeny-soubor-1-1024x768.png 1024w, https:\/\/www.hlas-pravoslavi.cz\/wp-content\/uploads\/2023\/01\/stazeny-soubor-1-300x225.png 300w, https:\/\/www.hlas-pravoslavi.cz\/wp-content\/uploads\/2023\/01\/stazeny-soubor-1-768x576.png 768w, https:\/\/www.hlas-pravoslavi.cz\/wp-content\/uploads\/2023\/01\/stazeny-soubor-1.png 1280w\" sizes=\"auto, (max-width: 1024px) 100vw, 1024px\" \/><\/a><\/figure>\n\n\n\n<figure class=\"wp-block-image size-large\"><a href=\"https:\/\/www.hlas-pravoslavi.cz\/wp-content\/uploads\/2023\/01\/stazeny-soubor-2.png\" data-lbwps-width=\"960\" data-lbwps-height=\"1280\" data-lbwps-srcsmall=\"http:\/\/www.hlas-pravoslavi.cz\/wp-content\/uploads\/2023\/01\/stazeny-soubor-2-225x300.png\"><img loading=\"lazy\" decoding=\"async\" width=\"768\" height=\"1024\" data-id=\"1777\" src=\"https:\/\/www.hlas-pravoslavi.cz\/wp-content\/uploads\/2023\/01\/stazeny-soubor-2-768x1024.png\" alt=\"\" class=\"wp-image-1777\" srcset=\"https:\/\/www.hlas-pravoslavi.cz\/wp-content\/uploads\/2023\/01\/stazeny-soubor-2-768x1024.png 768w, https:\/\/www.hlas-pravoslavi.cz\/wp-content\/uploads\/2023\/01\/stazeny-soubor-2-225x300.png 225w, https:\/\/www.hlas-pravoslavi.cz\/wp-content\/uploads\/2023\/01\/stazeny-soubor-2.png 960w\" sizes=\"auto, (max-width: 768px) 100vw, 768px\" \/><\/a><\/figure>\n\n\n\n<figure class=\"wp-block-image size-large\"><a href=\"https:\/\/www.hlas-pravoslavi.cz\/wp-content\/uploads\/2023\/01\/stazeny-soubor-3.png\" data-lbwps-width=\"1280\" data-lbwps-height=\"960\" data-lbwps-srcsmall=\"http:\/\/www.hlas-pravoslavi.cz\/wp-content\/uploads\/2023\/01\/stazeny-soubor-3-300x225.png\"><img loading=\"lazy\" decoding=\"async\" width=\"1024\" height=\"768\" data-id=\"1776\" src=\"https:\/\/www.hlas-pravoslavi.cz\/wp-content\/uploads\/2023\/01\/stazeny-soubor-3-1024x768.png\" alt=\"\" class=\"wp-image-1776\" srcset=\"https:\/\/www.hlas-pravoslavi.cz\/wp-content\/uploads\/2023\/01\/stazeny-soubor-3-1024x768.png 1024w, https:\/\/www.hlas-pravoslavi.cz\/wp-content\/uploads\/2023\/01\/stazeny-soubor-3-300x225.png 300w, https:\/\/www.hlas-pravoslavi.cz\/wp-content\/uploads\/2023\/01\/stazeny-soubor-3-768x576.png 768w, https:\/\/www.hlas-pravoslavi.cz\/wp-content\/uploads\/2023\/01\/stazeny-soubor-3.png 1280w\" sizes=\"auto, (max-width: 1024px) 100vw, 1024px\" \/><\/a><\/figure>\n\n\n\n<figure class=\"wp-block-image size-large\"><a href=\"https:\/\/www.hlas-pravoslavi.cz\/wp-content\/uploads\/2023\/01\/stazeny-soubor-4.png\" data-lbwps-width=\"1280\" data-lbwps-height=\"960\" data-lbwps-srcsmall=\"http:\/\/www.hlas-pravoslavi.cz\/wp-content\/uploads\/2023\/01\/stazeny-soubor-4-300x225.png\"><img loading=\"lazy\" decoding=\"async\" width=\"1024\" height=\"768\" data-id=\"1775\" src=\"https:\/\/www.hlas-pravoslavi.cz\/wp-content\/uploads\/2023\/01\/stazeny-soubor-4-1024x768.png\" alt=\"\" class=\"wp-image-1775\" srcset=\"https:\/\/www.hlas-pravoslavi.cz\/wp-content\/uploads\/2023\/01\/stazeny-soubor-4-1024x768.png 1024w, https:\/\/www.hlas-pravoslavi.cz\/wp-content\/uploads\/2023\/01\/stazeny-soubor-4-300x225.png 300w, https:\/\/www.hlas-pravoslavi.cz\/wp-content\/uploads\/2023\/01\/stazeny-soubor-4-768x576.png 768w, https:\/\/www.hlas-pravoslavi.cz\/wp-content\/uploads\/2023\/01\/stazeny-soubor-4.png 1280w\" sizes=\"auto, (max-width: 1024px) 100vw, 1024px\" \/><\/a><\/figure>\n\n\n\n<figure class=\"wp-block-image size-large\"><a href=\"https:\/\/www.hlas-pravoslavi.cz\/wp-content\/uploads\/2023\/01\/stazeny-soubor-5.png\" data-lbwps-width=\"960\" data-lbwps-height=\"1280\" data-lbwps-srcsmall=\"http:\/\/www.hlas-pravoslavi.cz\/wp-content\/uploads\/2023\/01\/stazeny-soubor-5-225x300.png\"><img loading=\"lazy\" decoding=\"async\" width=\"768\" height=\"1024\" data-id=\"1774\" src=\"https:\/\/www.hlas-pravoslavi.cz\/wp-content\/uploads\/2023\/01\/stazeny-soubor-5-768x1024.png\" alt=\"\" class=\"wp-image-1774\" srcset=\"https:\/\/www.hlas-pravoslavi.cz\/wp-content\/uploads\/2023\/01\/stazeny-soubor-5-768x1024.png 768w, https:\/\/www.hlas-pravoslavi.cz\/wp-content\/uploads\/2023\/01\/stazeny-soubor-5-225x300.png 225w, https:\/\/www.hlas-pravoslavi.cz\/wp-content\/uploads\/2023\/01\/stazeny-soubor-5.png 960w\" sizes=\"auto, (max-width: 768px) 100vw, 768px\" \/><\/a><\/figure>\n<\/figure>\n","protected":false},"excerpt":{"rendered":"<p>Ve dnech 26.\u201330. prosince se uskute\u010dnil pl\u00e1novan\u00fd z\u00e1jezd pravoslavn\u00e9 cyrilometod\u011bjsk\u00e9 \u0161koly do Srbska. Stejn\u011b jako p\u0159ed 101 lety tuto cestu vykonal vladyka Gorazd, tak i&hellip;<\/p>\n","protected":false},"author":1,"featured_media":1778,"comment_status":"closed","ping_status":"open","sticky":false,"template":"","format":"standard","meta":{"footnotes":""},"categories":[22],"tags":[69],"class_list":["post-1772","post","type-post","status-publish","format-standard","has-post-thumbnail","hentry","category-nedelni-skola","tag-2023-01","has-post-thumbnail-archive"],"_links":{"self":[{"href":"https:\/\/www.hlas-pravoslavi.cz\/index.php\/wp-json\/wp\/v2\/posts\/1772","targetHints":{"allow":["GET"]}}],"collection":[{"href":"https:\/\/www.hlas-pravoslavi.cz\/index.php\/wp-json\/wp\/v2\/posts"}],"about":[{"href":"https:\/\/www.hlas-pravoslavi.cz\/index.php\/wp-json\/wp\/v2\/types\/post"}],"author":[{"embeddable":true,"href":"https:\/\/www.hlas-pravoslavi.cz\/index.php\/wp-json\/wp\/v2\/users\/1"}],"replies":[{"embeddable":true,"href":"https:\/\/www.hlas-pravoslavi.cz\/index.php\/wp-json\/wp\/v2\/comments?post=1772"}],"version-history":[{"count":2,"href":"https:\/\/www.hlas-pravoslavi.cz\/index.php\/wp-json\/wp\/v2\/posts\/1772\/revisions"}],"predecessor-version":[{"id":1780,"href":"https:\/\/www.hlas-pravoslavi.cz\/index.php\/wp-json\/wp\/v2\/posts\/1772\/revisions\/1780"}],"wp:featuredmedia":[{"embeddable":true,"href":"https:\/\/www.hlas-pravoslavi.cz\/index.php\/wp-json\/wp\/v2\/media\/1778"}],"wp:attachment":[{"href":"https:\/\/www.hlas-pravoslavi.cz\/index.php\/wp-json\/wp\/v2\/media?parent=1772"}],"wp:term":[{"taxonomy":"category","embeddable":true,"href":"https:\/\/www.hlas-pravoslavi.cz\/index.php\/wp-json\/wp\/v2\/categories?post=1772"},{"taxonomy":"post_tag","embeddable":true,"href":"https:\/\/www.hlas-pravoslavi.cz\/index.php\/wp-json\/wp\/v2\/tags?post=1772"}],"curies":[{"name":"wp","href":"https:\/\/api.w.org\/{rel}","templated":true}]}}