{"id":1732,"date":"2022-12-30T13:02:50","date_gmt":"2022-12-30T12:02:50","guid":{"rendered":"https:\/\/www.hlas-pravoslavi.cz\/?p=1732"},"modified":"2023-01-11T14:04:01","modified_gmt":"2023-01-11T13:04:01","slug":"z-programu-bohosluzeb-a-dalsich-aktivit-arcibiskupa-michala-v-listopadu-2022","status":"publish","type":"post","link":"https:\/\/www.hlas-pravoslavi.cz\/index.php\/2022\/12\/30\/z-programu-bohosluzeb-a-dalsich-aktivit-arcibiskupa-michala-v-listopadu-2022\/","title":{"rendered":"Z\u00a0programu bohoslu\u017eeb a dal\u0161\u00edch aktivit arcibiskupa Michala v\u00a0listopadu 2022"},"content":{"rendered":"\n<p><strong>6. 11. 2022<\/strong> V 21. ned\u011bli po Pades\u00e1tnici arcibiskup pra\u017esk\u00fd a \u010desk\u00fdch zem\u00ed Michal nav\u0161t\u00edvil chr\u00e1m Sv. Ducha v obci Trnov\u00e1, kde slou\u017eil svatou liturgii. Na z\u00e1v\u011br se arcibiskup obr\u00e1til ke v\u0161em p\u0159\u00edtomn\u00fdm s&nbsp;proslovem, vyj\u00e1d\u0159il vd\u011b\u010dnost duchovn\u00edmu spr\u00e1vci chr\u00e1mu prot. Ivanu Legezovi a ud\u011blil mu pam\u011btn\u00ed medaili sv. mu\u010d. biskupa Gorazda. Ostatn\u011b arcibiskup ud\u011blil i dv\u011b pam\u011btn\u00ed medaile sv. Rostislava dv\u011bma farn\u00edk\u016fm jako vd\u011b\u010dnost za jejich pr\u00e1ci pro farnost.<\/p>\n\n\n\n<p><strong>8. 11. 2022 <\/strong>Arcibiskup Michal slou\u017eil sv. liturgii v chr\u00e1mu sv. Havla a Karpatorusk\u00fdch svat\u00fdch na Zbraslavi, Praha 5.<\/p>\n\n\n\n<p><strong>12. 11. 2022 <\/strong>Vladyka Michal slou\u017eil sv. liturgii v&nbsp;chr\u00e1mu sv. Michala (starokatolick\u00fd chr\u00e1m sv. Vav\u0159ince) na Pet\u0159\u00edn\u011b v&nbsp;Praze 1, kde m\u00e1 do\u010dasn\u00e9 p\u0159\u00edst\u0159e\u0161\u00ed rumunsk\u00e1 diaspora na\u0161\u00ed eparchie. Na bohoslu\u017eb\u011b byla p\u0159\u00edtomn\u00e1 velvyslankyn\u011b Rumunska, Jej\u00ed Excelence Maria-Antoaneta Barta, kter\u00e9 arcibiskup pod\u011bkoval za jej\u00ed pomoc rumunsk\u00e9 komunit\u011b v \u010cech\u00e1ch.<\/p>\n\n\n\n<p><strong>13. 11. 2022<\/strong> Arcibiskup Michal slou\u017eil sv. liturgii v&nbsp;katedr\u00e1le sv. Cyrila a Metod\u011bje v&nbsp;Praze 2. Spolu s&nbsp;vladykou slou\u017eil vz\u00e1cn\u00fd host z&nbsp;Antiochijsk\u00e9ho patriarch\u00e1tu archimandrita Jack Khalil, d\u011bkan Teologick\u00e9ho institutu sv. Jana Dama\u0161sk\u00e9ho Balamandsk\u00e9 univerzity v&nbsp;Libanonu. Vladyka Michal mu na konci bohoslu\u017eby ud\u011blil pam\u011btn\u00ed medaili sv. mu\u010d. biskupa Gorazda a pam\u011btn\u00ed kn\u011b\u017esk\u00fd k\u0159\u00ed\u017e.<\/p>\n\n\n\n<p><strong>17. 11. 2022 <\/strong>Arcibiskup pra\u017esk\u00fd a \u010desk\u00fdch zem\u00ed Michal vykonal cestu do N\u011bmecka. Ve m\u011bst\u011b Bischofsheim vladyka Michal spolu s\u00a0arcibiskupem ruzsk\u00fdm Tichonem, spr\u00e1vcem berl\u00ednsko-n\u011bmeck\u00e9 eparchie, slou\u017eil panychidu na hrob\u011b igumena Feodora, b\u00fdval\u00e9ho spr\u00e1vce chr\u00e1mu v\u00a0Bischofsheimu, a m\u00e1tu\u0161ky Nad\u011b\u017edy.\u00a0<\/p>\n\n\n\n<p><strong>18. 11. 2022 <\/strong>Arcibiskup Michal nav\u0161t\u00edvil bavorsk\u00e9 m\u011bsto Schweinfurt, kde spolu s arcibiskupem ruzsk\u00fdm Tichonem slou\u017eil sv. liturgii v&nbsp;chr\u00e1mu Narozen\u00ed sv. Jana K\u0159titele u p\u0159\u00edle\u017eitosti 15. v\u00fdro\u010d\u00ed zalo\u017een\u00ed t\u00e9to pravoslavn\u00e9 farnosti, ji\u017e zakl\u00e1dal vladyka Michal.<\/p>\n\n\n\n<p><strong>20. 11. 2022 <\/strong>V 23. ned\u011bli po Pades\u00e1tnici vladyka Michal, nav\u0161t\u00edvil chr\u00e1m Zv\u011bstov\u00e1n\u00ed p\u0159esvat\u00e9 Bohorodice na Slupi v\u00a0Praze 2. Po bohoslu\u017eb\u011b arcibiskup pop\u0159\u00e1l k \u017eivotn\u00edmu jubileu dlouholet\u00e9 pomocnici v chr\u00e1mu, pan\u00ed Ann\u011b Semkovi\u010d, a ud\u011blil ji pam\u011btn\u00ed medaili sv. mu\u010d. Ludmily.<\/p>\n\n\n\n<figure class=\"wp-block-gallery has-nested-images columns-default is-cropped wp-block-gallery-1 is-layout-flex wp-block-gallery-is-layout-flex\">\n<figure class=\"wp-block-image size-large\"><a href=\"https:\/\/www.hlas-pravoslavi.cz\/wp-content\/uploads\/2023\/01\/6.11-1.jpg\" data-lbwps-width=\"1599\" data-lbwps-height=\"1200\" data-lbwps-srcsmall=\"http:\/\/www.hlas-pravoslavi.cz\/wp-content\/uploads\/2023\/01\/6.11-1-300x225.jpg\"><img loading=\"lazy\" decoding=\"async\" width=\"1024\" height=\"768\" data-id=\"1737\" src=\"https:\/\/www.hlas-pravoslavi.cz\/wp-content\/uploads\/2023\/01\/6.11-1-1024x768.jpg\" alt=\"\" class=\"wp-image-1737\" srcset=\"https:\/\/www.hlas-pravoslavi.cz\/wp-content\/uploads\/2023\/01\/6.11-1-1024x768.jpg 1024w, https:\/\/www.hlas-pravoslavi.cz\/wp-content\/uploads\/2023\/01\/6.11-1-300x225.jpg 300w, https:\/\/www.hlas-pravoslavi.cz\/wp-content\/uploads\/2023\/01\/6.11-1-768x576.jpg 768w, https:\/\/www.hlas-pravoslavi.cz\/wp-content\/uploads\/2023\/01\/6.11-1-1536x1153.jpg 1536w, https:\/\/www.hlas-pravoslavi.cz\/wp-content\/uploads\/2023\/01\/6.11-1.jpg 1599w\" sizes=\"auto, (max-width: 1024px) 100vw, 1024px\" \/><\/a><figcaption class=\"wp-element-caption\">6.11.2022<\/figcaption><\/figure>\n\n\n\n<figure class=\"wp-block-image size-large\"><a href=\"https:\/\/www.hlas-pravoslavi.cz\/wp-content\/uploads\/2023\/01\/6.11-2.jpg\" data-lbwps-width=\"2048\" data-lbwps-height=\"1536\" data-lbwps-srcsmall=\"http:\/\/www.hlas-pravoslavi.cz\/wp-content\/uploads\/2023\/01\/6.11-2-300x225.jpg\"><img loading=\"lazy\" decoding=\"async\" width=\"1024\" height=\"768\" data-id=\"1739\" src=\"https:\/\/www.hlas-pravoslavi.cz\/wp-content\/uploads\/2023\/01\/6.11-2-1024x768.jpg\" alt=\"\" class=\"wp-image-1739\" srcset=\"https:\/\/www.hlas-pravoslavi.cz\/wp-content\/uploads\/2023\/01\/6.11-2-1024x768.jpg 1024w, https:\/\/www.hlas-pravoslavi.cz\/wp-content\/uploads\/2023\/01\/6.11-2-300x225.jpg 300w, https:\/\/www.hlas-pravoslavi.cz\/wp-content\/uploads\/2023\/01\/6.11-2-768x576.jpg 768w, https:\/\/www.hlas-pravoslavi.cz\/wp-content\/uploads\/2023\/01\/6.11-2-1536x1152.jpg 1536w, https:\/\/www.hlas-pravoslavi.cz\/wp-content\/uploads\/2023\/01\/6.11-2-1920x1440.jpg 1920w, https:\/\/www.hlas-pravoslavi.cz\/wp-content\/uploads\/2023\/01\/6.11-2.jpg 2048w\" sizes=\"auto, (max-width: 1024px) 100vw, 1024px\" \/><\/a><figcaption class=\"wp-element-caption\">6.11.2022<\/figcaption><\/figure>\n\n\n\n<figure class=\"wp-block-image size-large\"><a href=\"https:\/\/www.hlas-pravoslavi.cz\/wp-content\/uploads\/2023\/01\/8.11-1.jpg\" data-lbwps-width=\"1600\" data-lbwps-height=\"1066\" data-lbwps-srcsmall=\"http:\/\/www.hlas-pravoslavi.cz\/wp-content\/uploads\/2023\/01\/8.11-1-300x200.jpg\"><img loading=\"lazy\" decoding=\"async\" width=\"1024\" height=\"682\" data-id=\"1733\" src=\"https:\/\/www.hlas-pravoslavi.cz\/wp-content\/uploads\/2023\/01\/8.11-1-1024x682.jpg\" alt=\"\" class=\"wp-image-1733\" srcset=\"https:\/\/www.hlas-pravoslavi.cz\/wp-content\/uploads\/2023\/01\/8.11-1-1024x682.jpg 1024w, https:\/\/www.hlas-pravoslavi.cz\/wp-content\/uploads\/2023\/01\/8.11-1-300x200.jpg 300w, https:\/\/www.hlas-pravoslavi.cz\/wp-content\/uploads\/2023\/01\/8.11-1-768x512.jpg 768w, https:\/\/www.hlas-pravoslavi.cz\/wp-content\/uploads\/2023\/01\/8.11-1-1536x1023.jpg 1536w, https:\/\/www.hlas-pravoslavi.cz\/wp-content\/uploads\/2023\/01\/8.11-1.jpg 1600w\" sizes=\"auto, (max-width: 1024px) 100vw, 1024px\" \/><\/a><figcaption class=\"wp-element-caption\">8.11.2022<\/figcaption><\/figure>\n\n\n\n<figure class=\"wp-block-image size-large\"><a href=\"https:\/\/www.hlas-pravoslavi.cz\/wp-content\/uploads\/2023\/01\/8.11-2.jpg\" data-lbwps-width=\"1600\" data-lbwps-height=\"1066\" data-lbwps-srcsmall=\"http:\/\/www.hlas-pravoslavi.cz\/wp-content\/uploads\/2023\/01\/8.11-2-300x200.jpg\"><img loading=\"lazy\" decoding=\"async\" width=\"1024\" height=\"682\" data-id=\"1736\" src=\"https:\/\/www.hlas-pravoslavi.cz\/wp-content\/uploads\/2023\/01\/8.11-2-1024x682.jpg\" alt=\"\" class=\"wp-image-1736\" srcset=\"https:\/\/www.hlas-pravoslavi.cz\/wp-content\/uploads\/2023\/01\/8.11-2-1024x682.jpg 1024w, https:\/\/www.hlas-pravoslavi.cz\/wp-content\/uploads\/2023\/01\/8.11-2-300x200.jpg 300w, https:\/\/www.hlas-pravoslavi.cz\/wp-content\/uploads\/2023\/01\/8.11-2-768x512.jpg 768w, https:\/\/www.hlas-pravoslavi.cz\/wp-content\/uploads\/2023\/01\/8.11-2-1536x1023.jpg 1536w, https:\/\/www.hlas-pravoslavi.cz\/wp-content\/uploads\/2023\/01\/8.11-2.jpg 1600w\" sizes=\"auto, (max-width: 1024px) 100vw, 1024px\" \/><\/a><figcaption class=\"wp-element-caption\">8.11.2022<\/figcaption><\/figure>\n\n\n\n<figure class=\"wp-block-image size-large\"><a href=\"https:\/\/www.hlas-pravoslavi.cz\/wp-content\/uploads\/2023\/01\/12.11-1.jpg\" data-lbwps-width=\"2048\" data-lbwps-height=\"1536\" data-lbwps-srcsmall=\"http:\/\/www.hlas-pravoslavi.cz\/wp-content\/uploads\/2023\/01\/12.11-1-300x225.jpg\"><img loading=\"lazy\" decoding=\"async\" width=\"1024\" height=\"768\" data-id=\"1738\" src=\"https:\/\/www.hlas-pravoslavi.cz\/wp-content\/uploads\/2023\/01\/12.11-1-1024x768.jpg\" alt=\"\" class=\"wp-image-1738\" srcset=\"https:\/\/www.hlas-pravoslavi.cz\/wp-content\/uploads\/2023\/01\/12.11-1-1024x768.jpg 1024w, https:\/\/www.hlas-pravoslavi.cz\/wp-content\/uploads\/2023\/01\/12.11-1-300x225.jpg 300w, https:\/\/www.hlas-pravoslavi.cz\/wp-content\/uploads\/2023\/01\/12.11-1-768x576.jpg 768w, https:\/\/www.hlas-pravoslavi.cz\/wp-content\/uploads\/2023\/01\/12.11-1-1536x1152.jpg 1536w, https:\/\/www.hlas-pravoslavi.cz\/wp-content\/uploads\/2023\/01\/12.11-1-1920x1440.jpg 1920w, https:\/\/www.hlas-pravoslavi.cz\/wp-content\/uploads\/2023\/01\/12.11-1.jpg 2048w\" sizes=\"auto, (max-width: 1024px) 100vw, 1024px\" \/><\/a><figcaption class=\"wp-element-caption\">12.11.2022<\/figcaption><\/figure>\n\n\n\n<figure class=\"wp-block-image size-large\"><a href=\"https:\/\/www.hlas-pravoslavi.cz\/wp-content\/uploads\/2023\/01\/13.11-1.jpg\" data-lbwps-width=\"1600\" data-lbwps-height=\"1066\" data-lbwps-srcsmall=\"http:\/\/www.hlas-pravoslavi.cz\/wp-content\/uploads\/2023\/01\/13.11-1-300x200.jpg\"><img loading=\"lazy\" decoding=\"async\" width=\"1024\" height=\"682\" data-id=\"1735\" src=\"https:\/\/www.hlas-pravoslavi.cz\/wp-content\/uploads\/2023\/01\/13.11-1-1024x682.jpg\" alt=\"\" class=\"wp-image-1735\" srcset=\"https:\/\/www.hlas-pravoslavi.cz\/wp-content\/uploads\/2023\/01\/13.11-1-1024x682.jpg 1024w, https:\/\/www.hlas-pravoslavi.cz\/wp-content\/uploads\/2023\/01\/13.11-1-300x200.jpg 300w, https:\/\/www.hlas-pravoslavi.cz\/wp-content\/uploads\/2023\/01\/13.11-1-768x512.jpg 768w, https:\/\/www.hlas-pravoslavi.cz\/wp-content\/uploads\/2023\/01\/13.11-1-1536x1023.jpg 1536w, https:\/\/www.hlas-pravoslavi.cz\/wp-content\/uploads\/2023\/01\/13.11-1.jpg 1600w\" sizes=\"auto, (max-width: 1024px) 100vw, 1024px\" \/><\/a><figcaption class=\"wp-element-caption\">13.11.2022<\/figcaption><\/figure>\n\n\n\n<figure class=\"wp-block-image size-large\"><a href=\"https:\/\/www.hlas-pravoslavi.cz\/wp-content\/uploads\/2023\/01\/13.11-2.jpg\" data-lbwps-width=\"1600\" data-lbwps-height=\"1066\" data-lbwps-srcsmall=\"http:\/\/www.hlas-pravoslavi.cz\/wp-content\/uploads\/2023\/01\/13.11-2-300x200.jpg\"><img loading=\"lazy\" decoding=\"async\" width=\"1024\" height=\"682\" data-id=\"1734\" src=\"https:\/\/www.hlas-pravoslavi.cz\/wp-content\/uploads\/2023\/01\/13.11-2-1024x682.jpg\" alt=\"\" class=\"wp-image-1734\" srcset=\"https:\/\/www.hlas-pravoslavi.cz\/wp-content\/uploads\/2023\/01\/13.11-2-1024x682.jpg 1024w, https:\/\/www.hlas-pravoslavi.cz\/wp-content\/uploads\/2023\/01\/13.11-2-300x200.jpg 300w, https:\/\/www.hlas-pravoslavi.cz\/wp-content\/uploads\/2023\/01\/13.11-2-768x512.jpg 768w, https:\/\/www.hlas-pravoslavi.cz\/wp-content\/uploads\/2023\/01\/13.11-2-1536x1023.jpg 1536w, https:\/\/www.hlas-pravoslavi.cz\/wp-content\/uploads\/2023\/01\/13.11-2.jpg 1600w\" sizes=\"auto, (max-width: 1024px) 100vw, 1024px\" \/><\/a><figcaption class=\"wp-element-caption\">13.11.2022<\/figcaption><\/figure>\n\n\n\n<figure class=\"wp-block-image size-large\"><a href=\"https:\/\/www.hlas-pravoslavi.cz\/wp-content\/uploads\/2023\/01\/17.11-1.jpg\" data-lbwps-width=\"3648\" data-lbwps-height=\"2432\" data-lbwps-srcsmall=\"http:\/\/www.hlas-pravoslavi.cz\/wp-content\/uploads\/2023\/01\/17.11-1-300x200.jpg\"><img loading=\"lazy\" decoding=\"async\" width=\"1024\" height=\"683\" data-id=\"1742\" src=\"https:\/\/www.hlas-pravoslavi.cz\/wp-content\/uploads\/2023\/01\/17.11-1-1024x683.jpg\" alt=\"\" class=\"wp-image-1742\" srcset=\"https:\/\/www.hlas-pravoslavi.cz\/wp-content\/uploads\/2023\/01\/17.11-1-1024x683.jpg 1024w, https:\/\/www.hlas-pravoslavi.cz\/wp-content\/uploads\/2023\/01\/17.11-1-300x200.jpg 300w, https:\/\/www.hlas-pravoslavi.cz\/wp-content\/uploads\/2023\/01\/17.11-1-768x512.jpg 768w, https:\/\/www.hlas-pravoslavi.cz\/wp-content\/uploads\/2023\/01\/17.11-1-1536x1024.jpg 1536w, https:\/\/www.hlas-pravoslavi.cz\/wp-content\/uploads\/2023\/01\/17.11-1-2048x1365.jpg 2048w, https:\/\/www.hlas-pravoslavi.cz\/wp-content\/uploads\/2023\/01\/17.11-1-1920x1280.jpg 1920w\" sizes=\"auto, (max-width: 1024px) 100vw, 1024px\" \/><\/a><figcaption class=\"wp-element-caption\">17.11.2022<\/figcaption><\/figure>\n\n\n\n<figure class=\"wp-block-image size-large\"><a href=\"https:\/\/www.hlas-pravoslavi.cz\/wp-content\/uploads\/2023\/01\/18.11-1.jpg\" data-lbwps-width=\"3648\" data-lbwps-height=\"2432\" data-lbwps-srcsmall=\"http:\/\/www.hlas-pravoslavi.cz\/wp-content\/uploads\/2023\/01\/18.11-1-300x200.jpg\"><img loading=\"lazy\" decoding=\"async\" width=\"1024\" height=\"683\" data-id=\"1741\" src=\"https:\/\/www.hlas-pravoslavi.cz\/wp-content\/uploads\/2023\/01\/18.11-1-1024x683.jpg\" alt=\"\" class=\"wp-image-1741\" srcset=\"https:\/\/www.hlas-pravoslavi.cz\/wp-content\/uploads\/2023\/01\/18.11-1-1024x683.jpg 1024w, https:\/\/www.hlas-pravoslavi.cz\/wp-content\/uploads\/2023\/01\/18.11-1-300x200.jpg 300w, https:\/\/www.hlas-pravoslavi.cz\/wp-content\/uploads\/2023\/01\/18.11-1-768x512.jpg 768w, https:\/\/www.hlas-pravoslavi.cz\/wp-content\/uploads\/2023\/01\/18.11-1-1536x1024.jpg 1536w, https:\/\/www.hlas-pravoslavi.cz\/wp-content\/uploads\/2023\/01\/18.11-1-2048x1365.jpg 2048w, https:\/\/www.hlas-pravoslavi.cz\/wp-content\/uploads\/2023\/01\/18.11-1-1920x1280.jpg 1920w\" sizes=\"auto, (max-width: 1024px) 100vw, 1024px\" \/><\/a><figcaption class=\"wp-element-caption\">18.11.2022<\/figcaption><\/figure>\n\n\n\n<figure class=\"wp-block-image size-large\"><a href=\"https:\/\/www.hlas-pravoslavi.cz\/wp-content\/uploads\/2023\/01\/18.11-2.jpg\" data-lbwps-width=\"3648\" data-lbwps-height=\"2432\" data-lbwps-srcsmall=\"http:\/\/www.hlas-pravoslavi.cz\/wp-content\/uploads\/2023\/01\/18.11-2-300x200.jpg\"><img loading=\"lazy\" decoding=\"async\" width=\"1024\" height=\"683\" data-id=\"1743\" src=\"https:\/\/www.hlas-pravoslavi.cz\/wp-content\/uploads\/2023\/01\/18.11-2-1024x683.jpg\" alt=\"\" class=\"wp-image-1743\" srcset=\"https:\/\/www.hlas-pravoslavi.cz\/wp-content\/uploads\/2023\/01\/18.11-2-1024x683.jpg 1024w, https:\/\/www.hlas-pravoslavi.cz\/wp-content\/uploads\/2023\/01\/18.11-2-300x200.jpg 300w, https:\/\/www.hlas-pravoslavi.cz\/wp-content\/uploads\/2023\/01\/18.11-2-768x512.jpg 768w, https:\/\/www.hlas-pravoslavi.cz\/wp-content\/uploads\/2023\/01\/18.11-2-1536x1024.jpg 1536w, https:\/\/www.hlas-pravoslavi.cz\/wp-content\/uploads\/2023\/01\/18.11-2-2048x1365.jpg 2048w, https:\/\/www.hlas-pravoslavi.cz\/wp-content\/uploads\/2023\/01\/18.11-2-1920x1280.jpg 1920w\" sizes=\"auto, (max-width: 1024px) 100vw, 1024px\" \/><\/a><figcaption class=\"wp-element-caption\">18.112022<\/figcaption><\/figure>\n\n\n\n<figure class=\"wp-block-image size-large\"><a href=\"https:\/\/www.hlas-pravoslavi.cz\/wp-content\/uploads\/2023\/01\/20.11-1.jpg\" data-lbwps-width=\"1536\" data-lbwps-height=\"2048\" data-lbwps-srcsmall=\"http:\/\/www.hlas-pravoslavi.cz\/wp-content\/uploads\/2023\/01\/20.11-1-225x300.jpg\"><img loading=\"lazy\" decoding=\"async\" width=\"768\" height=\"1024\" data-id=\"1740\" src=\"https:\/\/www.hlas-pravoslavi.cz\/wp-content\/uploads\/2023\/01\/20.11-1-768x1024.jpg\" alt=\"\" class=\"wp-image-1740\" srcset=\"https:\/\/www.hlas-pravoslavi.cz\/wp-content\/uploads\/2023\/01\/20.11-1-768x1024.jpg 768w, https:\/\/www.hlas-pravoslavi.cz\/wp-content\/uploads\/2023\/01\/20.11-1-225x300.jpg 225w, https:\/\/www.hlas-pravoslavi.cz\/wp-content\/uploads\/2023\/01\/20.11-1-1152x1536.jpg 1152w, https:\/\/www.hlas-pravoslavi.cz\/wp-content\/uploads\/2023\/01\/20.11-1.jpg 1536w\" sizes=\"auto, (max-width: 768px) 100vw, 768px\" \/><\/a><figcaption class=\"wp-element-caption\">20.11.2022<\/figcaption><\/figure>\n<\/figure>\n","protected":false},"excerpt":{"rendered":"<p>6. 11. 2022 V 21. ned\u011bli po Pades\u00e1tnici arcibiskup pra\u017esk\u00fd a \u010desk\u00fdch zem\u00ed Michal nav\u0161t\u00edvil chr\u00e1m Sv. Ducha v obci Trnov\u00e1, kde slou\u017eil svatou liturgii.&hellip;<\/p>\n","protected":false},"author":1,"featured_media":0,"comment_status":"closed","ping_status":"open","sticky":false,"template":"","format":"standard","meta":{"footnotes":""},"categories":[36],"tags":[68],"class_list":["post-1732","post","type-post","status-publish","format-standard","hentry","category-aktivity-arcibiskupa-michala","tag-2022-12"],"_links":{"self":[{"href":"https:\/\/www.hlas-pravoslavi.cz\/index.php\/wp-json\/wp\/v2\/posts\/1732","targetHints":{"allow":["GET"]}}],"collection":[{"href":"https:\/\/www.hlas-pravoslavi.cz\/index.php\/wp-json\/wp\/v2\/posts"}],"about":[{"href":"https:\/\/www.hlas-pravoslavi.cz\/index.php\/wp-json\/wp\/v2\/types\/post"}],"author":[{"embeddable":true,"href":"https:\/\/www.hlas-pravoslavi.cz\/index.php\/wp-json\/wp\/v2\/users\/1"}],"replies":[{"embeddable":true,"href":"https:\/\/www.hlas-pravoslavi.cz\/index.php\/wp-json\/wp\/v2\/comments?post=1732"}],"version-history":[{"count":2,"href":"https:\/\/www.hlas-pravoslavi.cz\/index.php\/wp-json\/wp\/v2\/posts\/1732\/revisions"}],"predecessor-version":[{"id":1745,"href":"https:\/\/www.hlas-pravoslavi.cz\/index.php\/wp-json\/wp\/v2\/posts\/1732\/revisions\/1745"}],"wp:attachment":[{"href":"https:\/\/www.hlas-pravoslavi.cz\/index.php\/wp-json\/wp\/v2\/media?parent=1732"}],"wp:term":[{"taxonomy":"category","embeddable":true,"href":"https:\/\/www.hlas-pravoslavi.cz\/index.php\/wp-json\/wp\/v2\/categories?post=1732"},{"taxonomy":"post_tag","embeddable":true,"href":"https:\/\/www.hlas-pravoslavi.cz\/index.php\/wp-json\/wp\/v2\/tags?post=1732"}],"curies":[{"name":"wp","href":"https:\/\/api.w.org\/{rel}","templated":true}]}}