{"id":1728,"date":"2022-12-30T12:46:37","date_gmt":"2022-12-30T11:46:37","guid":{"rendered":"https:\/\/www.hlas-pravoslavi.cz\/?p=1728"},"modified":"2023-01-10T12:47:00","modified_gmt":"2023-01-10T11:47:00","slug":"dotaz-od-ctenare","status":"publish","type":"post","link":"https:\/\/www.hlas-pravoslavi.cz\/index.php\/2022\/12\/30\/dotaz-od-ctenare\/","title":{"rendered":"Dotaz od \u010dten\u00e1\u0159e"},"content":{"rendered":"\n<p><em>Pro\u010d Zachari\u00e1\u0161, otec Jana K\u0159titele, kdy\u017e zapochyboval nad slovy archand\u011bla Gabriela, on\u011bm\u011bl, ale Pann\u011b Marii, kter\u00e1 tak\u00e9 projevila pochybnosti, archand\u011bl nijak neodplatil?<\/em><\/p>\n\n\n\n<p><strong>Odpov\u00edd\u00e1 archimandrita Jack Khalil, Ph.D.:<\/strong><\/p>\n\n\n\n<p>V&nbsp;prvn\u00ed kapitole Luk\u00e1\u0161ova evangelia vid\u00edme dv\u011b naprosto odli\u0161n\u00e9 reakce na zv\u011bst archand\u011bla Gabriela. Zachari\u00e1\u0161 \u0159\u00edk\u00e1: \u201ePodle \u010deho to pozn\u00e1m?\u201c, \u0159ecky to zn\u00ed \u201e\u039a\u03b1\u03c4\u1f70 \u03c4\u03af \u03b3\u03bd\u03ce\u03c3\u03bf\u03bc\u03b1\u03b9 \u03c4\u03bf\u1fe6\u03c4\u03bf\u201c. \u201ePodle \u010deho\u201c \u2013 sta\u0159ec po\u017eadoval znamen\u00ed, d\u016fkaz, a Gabriel mu v&nbsp;tom vyhov\u011bl: \u201eOn\u011bm\u00ed\u0161 a nepromluv\u00ed\u0161 a\u017e do dne, kdy se to stane.\u201c Samoz\u0159ejm\u011b byla to i odplata za to, \u017ee neuv\u011b\u0159il tomu, kdo stoj\u00ed p\u0159ed Bohem: \u201epon\u011bvad\u017e jsi neuv\u011b\u0159il m\u00fdm slov\u016fm\u201c, ale i znamen\u00ed, kter\u00e9 cht\u011bl.<\/p>\n\n\n\n<p>Ale Maria reaguje jinak. Je to \u010dist\u00e1 Panna, kter\u00e9 archand\u011bl \u0159\u00edk\u00e1, \u017ee porod\u00ed. Pt\u00e1 se, aby pochopila: \u201eJak se to m\u016f\u017ee st\u00e1t, v\u017edy\u0165 ne\u017eiji s mu\u017eem?\u201c, \u0159ecky \u201e\u03a0\u1ff6\u03c2 \u1f14\u03c3\u03c4\u03b1\u03b9 \u03c4\u03bf\u1fe6\u03c4\u03bf, \u1f10\u03c0\u03b5\u1f76 \u1f04\u03bd\u03b4\u03c1\u03b1 \u03bf\u1f50 \u03b3\u03b9\u03bd\u03ce\u03c3\u03ba\u03c9\u201c. Nepros\u00ed o d\u016fkaz, ale o objasn\u011bn\u00ed. A Gabriel klidn\u011b vysv\u011btluje: \u201eSestoup\u00ed na tebe Duch Svat\u00fd a moc Nejvy\u0161\u0161\u00edho t\u011b zast\u00edn\u00ed.\u201c A pak dod\u00e1v\u00e1: \u201eU Boha nen\u00ed nic nemo\u017en\u00e9.\u201c Maria je s&nbsp;takovou odpov\u011bd\u00ed naprosto spokojen\u00e1 a pokorn\u011b \u0159\u00edk\u00e1: \u201eHle, jsem slu\u017eebnice P\u00e1n\u011b; sta\u0148 se mi podle tv\u00e9ho slova.\u201c<\/p>\n\n\n\n<p>Zachari\u00e1\u0161, i kdy\u017e se na za\u010d\u00e1tku zd\u011bsil, stejn\u011b byl docela drz\u00fd a \u017e\u00e1dal o d\u016fkaz. Ale Panna Maria pokorn\u011b prosila o vysv\u011btlen\u00ed, jak se stane to, co by se podle fyzick\u00fdch z\u00e1kon\u016f bez mu\u017ee st\u00e1t nem\u011blo. Na tomto p\u0159\u00edkladu vid\u00edme, jak odli\u0161n\u011b mohou reagovat lid\u00e9 na Bo\u017e\u00ed z\u00e1sah do jejich \u017eivot\u016f.<\/p>\n","protected":false},"excerpt":{"rendered":"<p>Pro\u010d Zachari\u00e1\u0161, otec Jana K\u0159titele, kdy\u017e zapochyboval nad slovy archand\u011bla Gabriela, on\u011bm\u011bl, ale Pann\u011b Marii, kter\u00e1 tak\u00e9 projevila pochybnosti, archand\u011bl nijak neodplatil? Odpov\u00edd\u00e1 archimandrita Jack&hellip;<\/p>\n","protected":false},"author":1,"featured_media":1729,"comment_status":"closed","ping_status":"open","sticky":false,"template":"","format":"standard","meta":{"footnotes":""},"categories":[2],"tags":[68],"class_list":["post-1728","post","type-post","status-publish","format-standard","has-post-thumbnail","hentry","category-biblistika","tag-2022-12","has-post-thumbnail-archive"],"_links":{"self":[{"href":"https:\/\/www.hlas-pravoslavi.cz\/index.php\/wp-json\/wp\/v2\/posts\/1728","targetHints":{"allow":["GET"]}}],"collection":[{"href":"https:\/\/www.hlas-pravoslavi.cz\/index.php\/wp-json\/wp\/v2\/posts"}],"about":[{"href":"https:\/\/www.hlas-pravoslavi.cz\/index.php\/wp-json\/wp\/v2\/types\/post"}],"author":[{"embeddable":true,"href":"https:\/\/www.hlas-pravoslavi.cz\/index.php\/wp-json\/wp\/v2\/users\/1"}],"replies":[{"embeddable":true,"href":"https:\/\/www.hlas-pravoslavi.cz\/index.php\/wp-json\/wp\/v2\/comments?post=1728"}],"version-history":[{"count":2,"href":"https:\/\/www.hlas-pravoslavi.cz\/index.php\/wp-json\/wp\/v2\/posts\/1728\/revisions"}],"predecessor-version":[{"id":1731,"href":"https:\/\/www.hlas-pravoslavi.cz\/index.php\/wp-json\/wp\/v2\/posts\/1728\/revisions\/1731"}],"wp:featuredmedia":[{"embeddable":true,"href":"https:\/\/www.hlas-pravoslavi.cz\/index.php\/wp-json\/wp\/v2\/media\/1729"}],"wp:attachment":[{"href":"https:\/\/www.hlas-pravoslavi.cz\/index.php\/wp-json\/wp\/v2\/media?parent=1728"}],"wp:term":[{"taxonomy":"category","embeddable":true,"href":"https:\/\/www.hlas-pravoslavi.cz\/index.php\/wp-json\/wp\/v2\/categories?post=1728"},{"taxonomy":"post_tag","embeddable":true,"href":"https:\/\/www.hlas-pravoslavi.cz\/index.php\/wp-json\/wp\/v2\/tags?post=1728"}],"curies":[{"name":"wp","href":"https:\/\/api.w.org\/{rel}","templated":true}]}}