{"id":1722,"date":"2022-12-30T12:41:37","date_gmt":"2022-12-30T11:41:37","guid":{"rendered":"https:\/\/www.hlas-pravoslavi.cz\/?p=1722"},"modified":"2023-01-10T12:42:03","modified_gmt":"2023-01-10T11:42:03","slug":"pakistanske-urady-bez-varovani-zbouraly-domy-200-krestanskych-rodin","status":"publish","type":"post","link":"https:\/\/www.hlas-pravoslavi.cz\/index.php\/2022\/12\/30\/pakistanske-urady-bez-varovani-zbouraly-domy-200-krestanskych-rodin\/","title":{"rendered":"P\u00e1kist\u00e1nsk\u00e9 \u00fa\u0159ady bez varov\u00e1n\u00ed zbouraly domy 200 k\u0159es\u0165ansk\u00fdch rodin"},"content":{"rendered":"\n<p>200 k\u0159es\u0165ansk\u00fdch rodin z\u016fstalo bez domova v p\u00e1kist\u00e1nsk\u00e9m hlavn\u00edm m\u011bst\u011b Isl\u00e1m\u00e1b\u00e1du pot\u00e9, co \u00fa\u0159ady zbouraly jejich domy a chr\u00e1movou budovu, kterou vyu\u017e\u00edvaly k ned\u011bln\u00edm bohoslu\u017eb\u00e1m, uv\u00e1d\u00ed web Christian Post.<\/p>\n\n\n\n<p>Vl\u00e1dn\u00ed \u00fa\u0159ad pro v\u00fdstavbu zboural domy v chud\u00e9 k\u0159es\u0165ansk\u00e9 \u010dtvrti Isl\u00e1m\u00e1b\u00e1du. K\u0159es\u0165an\u0161t\u00ed obyvatel\u00e9 nebyli varov\u00e1ni a nestihli vyn\u00e9st z dom\u016f sv\u016fj majetek. Na\u0161t\u011bst\u00ed nikdo neutrp\u011bl zran\u011bn\u00ed. Vl\u00e1da nezajistila \u017e\u00e1dn\u00e9 n\u00e1hradn\u00ed bydlen\u00ed pro vyst\u011bhovan\u00e9 k\u0159es\u0165any, kte\u0159\u00ed p\u0159i\u0161li o ve\u0161ker\u00fd majetek.<\/p>\n\n\n\n<p>Existuje nebezpe\u010d\u00ed, \u017ee zanedlouho budou zbo\u0159eny dal\u0161\u00ed k\u0159es\u0165ansk\u00e9 \u010dtvrti. Form\u00e1ln\u00edm d\u016fvodem je po\u0161kozen\u00ed budov srpnov\u00fdmi z\u00e1plavami, ale experti se ob\u00e1vaj\u00ed, \u017ee n\u011bkte\u0159\u00ed isl\u00e1m\u0161t\u00ed extr\u00e9mist\u00e9 mohou tla\u010dit na \u00fa\u0159ady, aby bouraly k\u0159es\u0165ansk\u00e9 domy.<\/p>\n\n\n\n<p>Mezin\u00e1rodn\u00ed k\u0159es\u0165ansk\u00e1 lidskopr\u00e1vn\u00ed organizace Open Doors um\u00edstila P\u00e1kist\u00e1n na osm\u00e9 m\u00edsto seznamu st\u00e1t\u016f, kde jsou k\u0159es\u0165an\u00e9 nejv\u00edc pron\u00e1sledov\u00e1ni. Americk\u00e9 ministerstvo zahrani\u010d\u00ed za\u0159adilo P\u00e1kist\u00e1n mezi \u201ezem\u011b vyvol\u00e1vaj\u00edc\u00ed zvl\u00e1\u0161tn\u00ed znepokojen\u00ed\u201c, jej\u00ed\u017e \u00fa\u0159ady toleruj\u00ed nebo se dopou\u0161t\u011bj\u00ed systematick\u00e9ho a hrub\u00e9ho poru\u0161ov\u00e1n\u00ed n\u00e1bo\u017eensk\u00e9 svobody.<\/p>\n\n\n\n<p>V P\u00e1kist\u00e1nu jsou v\u011bzn\u011bny des\u00edtky lid\u00ed obvin\u011bn\u00fdch z rouh\u00e1n\u00ed. Z\u00e1kony o rouh\u00e1n\u00ed se \u010dasto vyu\u017e\u00edvaj\u00ed k osobn\u00ed pomst\u011b a neobsahuj\u00ed ustanoven\u00ed o trestu za k\u0159iv\u00e9 obvin\u011bn\u00ed nebo sv\u011bdectv\u00ed.<\/p>\n\n\n\n<p>Isl\u00e1m\u0161t\u00ed extr\u00e9mist\u00e9 tak\u00e9 poru\u0161uj\u00ed z\u00e1kon a pron\u00e1sleduj\u00ed n\u00e1bo\u017eensk\u00e9 men\u0161iny, jako jsou k\u0159es\u0165an\u00e9, \u0161\u00edit\u00e9 \u010di hinduist\u00e9.<\/p>\n\n\n\n<p><a href=\"http:\/\/www.christianpost.com\">www.christianpost.com<\/a><\/p>\n","protected":false},"excerpt":{"rendered":"<p>200 k\u0159es\u0165ansk\u00fdch rodin z\u016fstalo bez domova v p\u00e1kist\u00e1nsk\u00e9m hlavn\u00edm m\u011bst\u011b Isl\u00e1m\u00e1b\u00e1du pot\u00e9, co \u00fa\u0159ady zbouraly jejich domy a chr\u00e1movou budovu, kterou vyu\u017e\u00edvaly k ned\u011bln\u00edm bohoslu\u017eb\u00e1m,&hellip;<\/p>\n","protected":false},"author":1,"featured_media":1723,"comment_status":"closed","ping_status":"open","sticky":false,"template":"","format":"standard","meta":{"footnotes":""},"categories":[10],"tags":[68],"class_list":["post-1722","post","type-post","status-publish","format-standard","has-post-thumbnail","hentry","category-zpravy-ze-sveta","tag-2022-12","has-post-thumbnail-archive"],"_links":{"self":[{"href":"https:\/\/www.hlas-pravoslavi.cz\/index.php\/wp-json\/wp\/v2\/posts\/1722","targetHints":{"allow":["GET"]}}],"collection":[{"href":"https:\/\/www.hlas-pravoslavi.cz\/index.php\/wp-json\/wp\/v2\/posts"}],"about":[{"href":"https:\/\/www.hlas-pravoslavi.cz\/index.php\/wp-json\/wp\/v2\/types\/post"}],"author":[{"embeddable":true,"href":"https:\/\/www.hlas-pravoslavi.cz\/index.php\/wp-json\/wp\/v2\/users\/1"}],"replies":[{"embeddable":true,"href":"https:\/\/www.hlas-pravoslavi.cz\/index.php\/wp-json\/wp\/v2\/comments?post=1722"}],"version-history":[{"count":2,"href":"https:\/\/www.hlas-pravoslavi.cz\/index.php\/wp-json\/wp\/v2\/posts\/1722\/revisions"}],"predecessor-version":[{"id":1725,"href":"https:\/\/www.hlas-pravoslavi.cz\/index.php\/wp-json\/wp\/v2\/posts\/1722\/revisions\/1725"}],"wp:featuredmedia":[{"embeddable":true,"href":"https:\/\/www.hlas-pravoslavi.cz\/index.php\/wp-json\/wp\/v2\/media\/1723"}],"wp:attachment":[{"href":"https:\/\/www.hlas-pravoslavi.cz\/index.php\/wp-json\/wp\/v2\/media?parent=1722"}],"wp:term":[{"taxonomy":"category","embeddable":true,"href":"https:\/\/www.hlas-pravoslavi.cz\/index.php\/wp-json\/wp\/v2\/categories?post=1722"},{"taxonomy":"post_tag","embeddable":true,"href":"https:\/\/www.hlas-pravoslavi.cz\/index.php\/wp-json\/wp\/v2\/tags?post=1722"}],"curies":[{"name":"wp","href":"https:\/\/api.w.org\/{rel}","templated":true}]}}