{"id":1709,"date":"2022-12-30T12:32:51","date_gmt":"2022-12-30T11:32:51","guid":{"rendered":"https:\/\/www.hlas-pravoslavi.cz\/?p=1709"},"modified":"2023-01-10T12:36:53","modified_gmt":"2023-01-10T11:36:53","slug":"iran-rusi-mravnostni-policii","status":"publish","type":"post","link":"https:\/\/www.hlas-pravoslavi.cz\/index.php\/2022\/12\/30\/iran-rusi-mravnostni-policii\/","title":{"rendered":"\u00cdr\u00e1n ru\u0161\u00ed mravnostn\u00ed policii"},"content":{"rendered":"\n<p>\u00cdr\u00e1nsk\u00fd gener\u00e1ln\u00ed prokur\u00e1tor ozn\u00e1mil zru\u0161en\u00ed mravnostn\u00ed policie, jej\u00ed\u017e z\u00e1sah st\u00e1l u zrodu sou\u010dasn\u00fdch protivl\u00e1dn\u00edch protest\u016f. Informoval o tom tiskov\u00fd port\u00e1l Arab News s odkazem na zpr\u00e1vu \u00edr\u00e1nsk\u00e9 agentury ISNA.<\/p>\n\n\n\n<p>Gener\u00e1ln\u00ed prokur\u00e1tor \u00cdr\u00e1nu Mohammad D\u017eafar Montazer\u00ed ozn\u00e1mil zru\u0161en\u00ed mravnostn\u00ed policie na n\u00e1bo\u017eensk\u00e9m setk\u00e1n\u00ed ve m\u011bst\u011b Kom, kter\u00e9 prob\u011bhlo 3. listopadu. Podle gener\u00e1ln\u00edho prokur\u00e1tora \u201ebyla policejn\u00ed policie zru\u0161ena, proto\u017ee nem\u00e1 nic spole\u010dn\u00e9ho s&nbsp;pr\u00e1vn\u00edm syst\u00e9mem Isl\u00e1msk\u00e9 republiky\u201c.<\/p>\n\n\n\n<p>Mezi \u00fakoly mravnostn\u00ed policie pat\u0159il mimo jin\u00e9 i dohled nad dodr\u017eov\u00e1n\u00edm n\u00e1bo\u017eensk\u00fdch pravidel v\u010detn\u011b no\u0161en\u00ed \u0161\u00e1tk\u016f na ve\u0159ejnosti u \u017een.<\/p>\n\n\n\n<p>V&nbsp;\u00cdr\u00e1nu propukly masov\u00e9 protesty po z\u00e1\u0159ijov\u00e9m \u00famrt\u00ed 22let\u00e9 Mahsy Am\u00edn\u00ed. Ta skon\u010dila kv\u016fli \u00fadajn\u00e9mu poru\u0161en\u00ed pravidel pro no\u0161en\u00ed \u0161\u00e1tku v cele mravnostn\u00ed policie a pot\u00e9 zem\u0159ela. Podle policie utrp\u011bla infarkt, podle kritik\u016f a jej\u00ed rodiny v\u0161ak zem\u0159ela na n\u00e1sledky policejn\u00ed brutality.<\/p>\n\n\n\n<p>M\u00e9dia informuj\u00ed tak\u00e9 o tom, \u017ee se \u00edr\u00e1nsk\u00e9 \u00fa\u0159ady chystaj\u00ed p\u0159ezkoumat z\u00e1kon, kter\u00fd \u017een\u00e1m na\u0159izuje si zakr\u00fdvat hlavu \u0161\u00e1tkem. \u0160\u00e1tky zakr\u00fdvaj\u00edc\u00ed vlasy \u00cdr\u00e1nky povinn\u011b nos\u00ed od roku 1983, na dodr\u017eov\u00e1n\u00ed pravidel dohl\u00ed\u017e\u00ed mravnostn\u00ed policie. Konzervativci trvaj\u00ed na tom, \u017ee by m\u011bly z\u016fstat povinn\u00e9, zat\u00edmco reformist\u00e9 cht\u011bj\u00ed umo\u017enit, aby si mohly vybrat, zda se cht\u011bj\u00ed zakr\u00fdvat, nebo ne.<\/p>\n\n\n\n<p>P\u0159i protivl\u00e1dn\u00edch demonstrac\u00edch v \u00cdr\u00e1nu p\u0159i\u0161lo o \u017eivot p\u0159es 300 lid\u00ed. Vysok\u00fd komisa\u0159 OSN pro lidsk\u00e1 pr\u00e1va Volker T\u00fcrk koncem listopadu uvedl, \u017ee p\u0159i protestech bylo zat\u010deno na 14 000 lid\u00ed, v\u010detn\u011b d\u011bt\u00ed.<\/p>\n\n\n\n<p><a href=\"http:\/\/www.arabnews.com\">www.arabnews.com<\/a><\/p>\n","protected":false},"excerpt":{"rendered":"<p>\u00cdr\u00e1nsk\u00fd gener\u00e1ln\u00ed prokur\u00e1tor ozn\u00e1mil zru\u0161en\u00ed mravnostn\u00ed policie, jej\u00ed\u017e z\u00e1sah st\u00e1l u zrodu sou\u010dasn\u00fdch protivl\u00e1dn\u00edch protest\u016f. Informoval o tom tiskov\u00fd port\u00e1l Arab News s odkazem na&hellip;<\/p>\n","protected":false},"author":1,"featured_media":1710,"comment_status":"closed","ping_status":"open","sticky":false,"template":"","format":"standard","meta":{"footnotes":""},"categories":[10],"tags":[68],"class_list":["post-1709","post","type-post","status-publish","format-standard","has-post-thumbnail","hentry","category-zpravy-ze-sveta","tag-2022-12","has-post-thumbnail-archive"],"_links":{"self":[{"href":"https:\/\/www.hlas-pravoslavi.cz\/index.php\/wp-json\/wp\/v2\/posts\/1709","targetHints":{"allow":["GET"]}}],"collection":[{"href":"https:\/\/www.hlas-pravoslavi.cz\/index.php\/wp-json\/wp\/v2\/posts"}],"about":[{"href":"https:\/\/www.hlas-pravoslavi.cz\/index.php\/wp-json\/wp\/v2\/types\/post"}],"author":[{"embeddable":true,"href":"https:\/\/www.hlas-pravoslavi.cz\/index.php\/wp-json\/wp\/v2\/users\/1"}],"replies":[{"embeddable":true,"href":"https:\/\/www.hlas-pravoslavi.cz\/index.php\/wp-json\/wp\/v2\/comments?post=1709"}],"version-history":[{"count":3,"href":"https:\/\/www.hlas-pravoslavi.cz\/index.php\/wp-json\/wp\/v2\/posts\/1709\/revisions"}],"predecessor-version":[{"id":1717,"href":"https:\/\/www.hlas-pravoslavi.cz\/index.php\/wp-json\/wp\/v2\/posts\/1709\/revisions\/1717"}],"wp:featuredmedia":[{"embeddable":true,"href":"https:\/\/www.hlas-pravoslavi.cz\/index.php\/wp-json\/wp\/v2\/media\/1710"}],"wp:attachment":[{"href":"https:\/\/www.hlas-pravoslavi.cz\/index.php\/wp-json\/wp\/v2\/media?parent=1709"}],"wp:term":[{"taxonomy":"category","embeddable":true,"href":"https:\/\/www.hlas-pravoslavi.cz\/index.php\/wp-json\/wp\/v2\/categories?post=1709"},{"taxonomy":"post_tag","embeddable":true,"href":"https:\/\/www.hlas-pravoslavi.cz\/index.php\/wp-json\/wp\/v2\/tags?post=1709"}],"curies":[{"name":"wp","href":"https:\/\/api.w.org\/{rel}","templated":true}]}}