{"id":1697,"date":"2022-12-30T12:20:54","date_gmt":"2022-12-30T11:20:54","guid":{"rendered":"https:\/\/www.hlas-pravoslavi.cz\/?p=1697"},"modified":"2023-01-10T12:21:27","modified_gmt":"2023-01-10T11:21:27","slug":"podle-45-americanu-usa-musi-byt-krestanskym-statem","status":"publish","type":"post","link":"https:\/\/www.hlas-pravoslavi.cz\/index.php\/2022\/12\/30\/podle-45-americanu-usa-musi-byt-krestanskym-statem\/","title":{"rendered":"Podle 45 % Ameri\u010dan\u016f USA mus\u00ed b\u00fdt k\u0159es\u0165ansk\u00fdm st\u00e1tem"},"content":{"rendered":"\n<p>Americk\u00e1 agentura Pew Research Center zve\u0159ejnila v\u00fdsledky ned\u00e1vn\u00e9ho pr\u016fzkumu, podle n\u011bj\u017e mnoz\u00ed ob\u010dan\u00e9 st\u00e1le p\u0159ikl\u00e1daj\u00ed velk\u00fd v\u00fdznam k\u0159es\u0165anstv\u00ed.<\/p>\n\n\n\n<p>Rostouc\u00ed po\u010det n\u00e1bo\u017eensk\u00fdch a politick\u00fdch v\u016fdc\u016f vyz\u00fdv\u00e1 k&nbsp;tzv. \u201ek\u0159es\u0165ansk\u00e9mu nacionalismu\u201c, a n\u011bkte\u0159\u00ed Ameri\u010dan\u00e9 v\u011b\u0159\u00ed, \u017ee by zakladatel\u00e9 zem\u011b necht\u011bli odlu\u010dovat c\u00edrkev od st\u00e1tu. Ale i opa\u010dn\u00e9ho n\u00e1zoru se dr\u017e\u00ed mnoho ob\u010dan\u016f, kte\u0159\u00ed se ob\u00e1vaj\u00ed, \u017ee k\u0159es\u0165ansk\u00fd nacionalismus m\u016f\u017ee b\u00fdt nebezpe\u010d\u00edm pro zemi.<\/p>\n\n\n\n<p>V\u011bt\u0161ina dosp\u011bl\u00fdch v USA v\u011b\u0159\u00ed, \u017ee otcov\u00e9 zakladatel\u00e9 zam\u00fd\u0161leli, aby n\u00e1rod Spojen\u00fdch st\u00e1t\u016f byl n\u00e1rodem k\u0159es\u0165ansk\u00fdm, a mus\u00ed tomu b\u00fdt tak i dnes. Pr\u016fzkum v\u0161ak uk\u00e1zal velmi odli\u0161n\u00e9 n\u00e1zory na to, co znamen\u00e1 b\u00fdt \u201ek\u0159es\u0165ansk\u00fdm n\u00e1rodem\u201c a podporovat \u201ek\u0159es\u0165ansk\u00fd nacionalismus\u201c.<\/p>\n\n\n\n<p>Zast\u00e1nci my\u0161lenky k\u0159es\u0165ansk\u00e9ho n\u00e1roda v\u011b\u0159\u00ed, \u017ee se v&nbsp;zemi mus\u00ed \u0159\u00eddit k\u0159es\u0165ansk\u00fdmi hodnotami. Odp\u016frci tohoto konceptu \u0159\u00edkaj\u00ed, \u017ee k\u0159es\u0165ansk\u00fd st\u00e1t je ten, jeho\u017e z\u00e1kony jsou zakotveny v&nbsp;n\u00e1bo\u017eensk\u00e9 nauce.<\/p>\n\n\n\n<p>\u0160est z deseti dosp\u011bl\u00fdch v USA a sedm z deseti k\u0159es\u0165an\u016f tvrd\u00ed, \u017ee zakladatel\u00e9 Ameriky \u201ep\u016fvodn\u011b zam\u00fd\u0161leli\u201c, aby USA byly k\u0159es\u0165ansk\u00fdm n\u00e1rodem. A 45 % respondent\u016f v\u010detn\u011b \u0161esti z deseti k\u0159es\u0165an\u016f v\u011b\u0159\u00ed, \u017ee jejich zem\u011b by i nad\u00e1le m\u011bla b\u00fdt k\u0159es\u0165ansk\u00e1. T\u0159etina dot\u00e1zan\u00fdch \u0159\u00edk\u00e1, \u017ee USA jsou i nyn\u00ed k\u0159es\u0165ansk\u00fdm n\u00e1rodem.<\/p>\n\n\n\n<p>Velk\u00e1 \u010d\u00e1st ve\u0159ejnosti z\u00e1rove\u0148 vyjad\u0159uje ur\u010dit\u00e9 v\u00fdhrady ke spojen\u00ed n\u00e1bo\u017eenstv\u00ed a vl\u00e1dy. Tak t\u0159i \u010dtvrtiny dosp\u011bl\u00fdch v USA (77 %) tvrd\u00ed, \u017ee c\u00edrkve a dal\u0161\u00ed modlitebny by nem\u011bly podporovat kandid\u00e1ty na politick\u00e9 funkce. Dv\u011b t\u0159etiny (67 %) \u0159\u00edkaj\u00ed, \u017ee n\u00e1bo\u017eensk\u00e9 instituce by se m\u011bly sp\u00ed\u0161e vyh\u00fdbat politick\u00fdm z\u00e1le\u017eitostem ne\u017e vyjad\u0159ovat sv\u00e9 n\u00e1zory na ka\u017edodenn\u00ed soci\u00e1ln\u00ed nebo politick\u00e9 ot\u00e1zky. A nov\u00fd pr\u016fzkum jasn\u011b ukazuje, \u017ee v\u011bt\u0161ina Ameri\u010dan\u016f podporuje my\u0161lenku odluky c\u00edrkve od st\u00e1tu.<\/p>\n\n\n\n<p>www.pewresearch.org<\/p>\n","protected":false},"excerpt":{"rendered":"<p>Americk\u00e1 agentura Pew Research Center zve\u0159ejnila v\u00fdsledky ned\u00e1vn\u00e9ho pr\u016fzkumu, podle n\u011bj\u017e mnoz\u00ed ob\u010dan\u00e9 st\u00e1le p\u0159ikl\u00e1daj\u00ed velk\u00fd v\u00fdznam k\u0159es\u0165anstv\u00ed. Rostouc\u00ed po\u010det n\u00e1bo\u017eensk\u00fdch a politick\u00fdch v\u016fdc\u016f vyz\u00fdv\u00e1&hellip;<\/p>\n","protected":false},"author":1,"featured_media":1698,"comment_status":"closed","ping_status":"open","sticky":false,"template":"","format":"standard","meta":{"footnotes":""},"categories":[10],"tags":[68],"class_list":["post-1697","post","type-post","status-publish","format-standard","has-post-thumbnail","hentry","category-zpravy-ze-sveta","tag-2022-12","has-post-thumbnail-archive"],"_links":{"self":[{"href":"https:\/\/www.hlas-pravoslavi.cz\/index.php\/wp-json\/wp\/v2\/posts\/1697","targetHints":{"allow":["GET"]}}],"collection":[{"href":"https:\/\/www.hlas-pravoslavi.cz\/index.php\/wp-json\/wp\/v2\/posts"}],"about":[{"href":"https:\/\/www.hlas-pravoslavi.cz\/index.php\/wp-json\/wp\/v2\/types\/post"}],"author":[{"embeddable":true,"href":"https:\/\/www.hlas-pravoslavi.cz\/index.php\/wp-json\/wp\/v2\/users\/1"}],"replies":[{"embeddable":true,"href":"https:\/\/www.hlas-pravoslavi.cz\/index.php\/wp-json\/wp\/v2\/comments?post=1697"}],"version-history":[{"count":2,"href":"https:\/\/www.hlas-pravoslavi.cz\/index.php\/wp-json\/wp\/v2\/posts\/1697\/revisions"}],"predecessor-version":[{"id":1700,"href":"https:\/\/www.hlas-pravoslavi.cz\/index.php\/wp-json\/wp\/v2\/posts\/1697\/revisions\/1700"}],"wp:featuredmedia":[{"embeddable":true,"href":"https:\/\/www.hlas-pravoslavi.cz\/index.php\/wp-json\/wp\/v2\/media\/1698"}],"wp:attachment":[{"href":"https:\/\/www.hlas-pravoslavi.cz\/index.php\/wp-json\/wp\/v2\/media?parent=1697"}],"wp:term":[{"taxonomy":"category","embeddable":true,"href":"https:\/\/www.hlas-pravoslavi.cz\/index.php\/wp-json\/wp\/v2\/categories?post=1697"},{"taxonomy":"post_tag","embeddable":true,"href":"https:\/\/www.hlas-pravoslavi.cz\/index.php\/wp-json\/wp\/v2\/tags?post=1697"}],"curies":[{"name":"wp","href":"https:\/\/api.w.org\/{rel}","templated":true}]}}