{"id":1663,"date":"2022-12-30T14:02:38","date_gmt":"2022-12-30T13:02:38","guid":{"rendered":"https:\/\/www.hlas-pravoslavi.cz\/?p=1663"},"modified":"2023-01-11T10:32:34","modified_gmt":"2023-01-11T09:32:34","slug":"poselstvi-posvatneho-synodu-pravoslavne-cirkve-v-ceskych-zemich-a-na-slovensku","status":"publish","type":"post","link":"https:\/\/www.hlas-pravoslavi.cz\/index.php\/2022\/12\/30\/poselstvi-posvatneho-synodu-pravoslavne-cirkve-v-ceskych-zemich-a-na-slovensku\/","title":{"rendered":"POSELSTV\u00cd POSV\u00c1TN\u00c9HO SYNODU PRAVOSLAVN\u00c9 C\u00cdRKVE V\u00a0\u010cESK\u00ddCH ZEM\u00cdCH A NA SLOVENSKU"},"content":{"rendered":"\n<p class=\"has-text-align-center\"><strong>KRISTOVO NAROZEN\u00cd 2022<\/strong><\/p>\n\n\n\n<p class=\"has-text-align-center\">Duchovn\u00ed otcov\u00e9, brat\u0159i a sestry,<\/p>\n\n\n\n<p class=\"has-text-align-center\"><strong>Kristus se rod\u00ed!<\/strong><\/p>\n\n\n\n<p>Dnes oslavujeme napln\u011bn\u00ed starod\u00e1vn\u00e9ho Izaj\u00e1\u0161ova proroctv\u00ed: <strong>Narod\u00ed se n\u00e1m d\u00edt\u011b, bude n\u00e1m d\u00e1n Syn, na jeho\u017e rameni spo\u010dine vl\u00e1da a bude mu d\u00e1no jm\u00e9no: \u201eDivupln\u00fd r\u00e1dce, Bo\u017esk\u00fd bohat\u00fdr, Otec v\u011b\u010dnosti, Vl\u00e1dce pokoje.\u201c&nbsp;Jeho vlada\u0159stv\u00ed se roz\u0161\u00ed\u0159\u00ed a pokoj bez konce spo\u010dine na tr\u016fn\u011b Davidov\u011b a na jeho kr\u00e1lovstv\u00ed. Upevn\u00ed a podep\u0159e je pr\u00e1vem a spravedlnost\u00ed od toho \u010dasu a\u017e nav\u011bky<\/strong> (Izaj\u00e1\u0161 9:5\u20136).<\/p>\n\n\n\n<p>Vt\u011blen\u00ed Bo\u017e\u00edho Syna je nejv\u011bt\u0161\u00edm paradoxem stvo\u0159en\u00e9ho sv\u011bta. Ukazuje n\u00e1m, \u017ee k\u0159ehk\u00e1 lidsk\u00e1 p\u0159irozenost je schopn\u00e1 se sjednotit s Bohem bez toho, aby sho\u0159ela v\u00a0plamenu bo\u017estv\u00ed. V jednom z Davidov\u00fdch \u017ealm\u016f se hovo\u0159\u00ed: <strong>Hlubok\u00e9 je nitro \u010dlov\u011bka i jeho srdce<\/strong> (\u017dalm 64:7). Lidsk\u00e9 srdce je doopravdy hlubok\u00e9 \u2013 ani cel\u00fd vesm\u00edr nesta\u010d\u00ed, jen B\u016fh ho m\u016f\u017ee zaplnit. A tak se B\u016fh st\u00e1v\u00e1 \u010dlov\u011bkem a sv\u00fdm vt\u011blen\u00edm n\u00e1m odhaluje nepochopitelnou vlastnost lidsk\u00e9 p\u0159irozenosti \u2013 schopnost st\u00e1t se Bo\u017e\u00edm p\u0159\u00edbytkem.<\/p>\n\n\n\n<p>B\u016fh se n\u00e1m rozhodl zjevit tak, jak si to nikdo nedok\u00e1zal p\u0159edstavit \u2013 jako jeden z n\u00e1s. Uk\u00e1zal n\u00e1m, \u017ee pro n\u011bho \u017e\u00e1dn\u00e1 propast nen\u00ed p\u0159\u00edli\u0161 hlubok\u00e1 a \u017e\u00e1dn\u00e1 nouze nep\u0159esahuje jeho schopnost d\u00e1t n\u00e1m cel\u00e9ho sebe a\u017e do konce, pod\u011blit se s n\u00e1mi o to, co on s\u00e1m je \u2013 o v\u011b\u010dn\u00fd \u017eivot, nekone\u010dnou radost, sv\u011btlo a pravdu, l\u00e1sku a v\u00edt\u011bzstv\u00ed.<\/p>\n\n\n\n<p>Metropolita Antonij Suro\u017esk\u00fd hovo\u0159\u00ed: <strong>N\u00e1m, kte\u0159\u00ed jsme se ocitli ve vyhnanstv\u00ed, se odhalil B\u016fh p\u0159esn\u011b takto. Z\u016fstali jsme bez vlasti, odlou\u010den\u00ed od t\u011bch, koho jsme milovali, od t\u011bch, kte\u0159\u00ed jsou nejmilej\u0161\u00ed a nejdra\u017e\u0161\u00ed. Stali jsme se ciz\u00edmi v&nbsp;ciz\u00ed krajin\u011b, nadbyte\u010dn\u00fdmi a necht\u011bn\u00fdmi \u2013 nez\u016fstalo n\u00e1m nic krom\u011b chudoby. Ale nar\u00e1z jsme si zjistili, \u017ee m\u00e1me Boha, p\u0159ed kter\u00fdm se nemus\u00edme styd\u011bt a kter\u00fd se nestyd\u00ed za n\u00e1s. Pokorn\u00e9ho Hospodina, kter\u00fd se stal \u010dlov\u011bkem \u2013 chab\u00fdm, opovrhovan\u00fdm, narozen\u00fdm v mal\u00e9m m\u011bste\u010dku nevelk\u00e9 krajiny, dobyt\u00e9 a obsazen\u00e9 \u0158\u00edmany<\/strong>.<\/p>\n\n\n\n<p>Kristovo Narozen\u00ed v t\u011ble je proto z\u00e1rove\u0148 velk\u00fdm a zjevn\u00fdm vyj\u00e1d\u0159en\u00edm pravdy o svobod\u011b \u010dlov\u011bka, kter\u00fd je povol\u00e1n, aby poznal Boha ne v s\u00edle, moci a sl\u00e1v\u011b, ale v mali\u010dk\u00e9m D\u00edt\u011bti, v tajemstv\u00ed Bo\u017e\u00ed pokory. \u010clov\u011bk je povol\u00e1n ne pod\u0159\u00eddit se Bohu, ale milovat ho \u2013 p\u0159ijmout ho do sv\u00e9ho srdce a t\u011b\u0161it se z nekone\u010dn\u00e9 kr\u00e1sy Bo\u017e\u00ed l\u00e1sky a dobroty.<\/p>\n\n\n\n<p>Ani milovat, ani t\u011b\u0161it se, ani p\u0159ijmout do sv\u00e9ho srdce nen\u00ed mo\u017en\u00e9 bez svobody. Proto k\u0159es\u0165ansk\u00e1 v\u00edra, vyr\u016fstaj\u00edc\u00ed z radostn\u00e9 ud\u00e1losti Kristova Narozen\u00ed, je p\u0159edev\u0161\u00edm v\u00edrou svobody. B\u016fh nep\u0159ich\u00e1z\u00ed na sv\u011bt jako v\u0161emocn\u00fd tyran, ale jako bezmocn\u00e9, bezbrann\u00e9 D\u00edt\u011b. Nikdo a nic \u010dlov\u011bka nenut\u00ed, aby se p\u0159ed n\u00edm pon\u00ed\u017eil nebo ho p\u0159ijal. Uvid\u011bt a rozpoznat Boha v D\u00edt\u011bti narozen\u00e9m v Betl\u00e9m\u011b lze jen na z\u00e1klad\u011b svobodn\u00e9ho rozhodnut\u00ed z vlastn\u00edho podn\u011btu.<\/p>\n\n\n\n<p>M\u016f\u017eeme bez pov\u0161imnut\u00ed proj\u00edt kolem betl\u00e9msk\u00e9 jeskyn\u011b, kolem tohoto D\u00edt\u011bte v n\u00e1ru\u010d\u00ed Matky, uprost\u0159ed noci si nemus\u00edme v\u0161imnout slab\u00e9 sv\u011btlo ve tm\u011b. M\u016f\u017eeme nad\u00e1le uct\u00edvat r\u016fzn\u00e9 b\u016f\u017eky \u2013 politick\u00e9 autority, m\u00f3dn\u00ed trendy, kulturu konzumu, nacionalizmus a r\u016fzn\u00e9 dal\u0161\u00ed p\u0159esv\u011bd\u010den\u00ed o vlastn\u00ed v\u00fdjime\u010dnosti a nad\u0159azenosti, p\u0159esn\u011b tak, jak to d\u011blali lid\u00e9 kdysi. Pouze ti, kte\u0159\u00ed jsou svobodn\u00ed od podobn\u00fdch n\u00e1chylnost\u00ed, dok\u00e1\u017eou si v\u0161imnout Krista, uv\u011b\u0159it v n\u011bho, radovat se z jeho p\u0159\u00edchodu a \u017e\u00edt v jeho bl\u00edzkosti.<\/p>\n\n\n\n<p>Rann\u00ed bohoslu\u017eba v den sv\u00e1tku Kristova Narozen\u00ed za\u010d\u00edn\u00e1 slovy: <strong>Kristus se rod\u00ed \u2013 oslavujme ho! Kristus sestupuje z nebe \u2013 vyjd\u011bte mu vst\u0159\u00edc! Kristus p\u0159ich\u00e1z\u00ed na sv\u011bt \u2013 vyvy\u0161ujte ho! Zp\u00edvej Hospodinovi cel\u00e1 zem\u011b a veselte se, n\u00e1rody, nebo\u0165 se proslavil!<\/strong> \u2013 proslavil se pr\u00e1v\u011b velikost\u00ed sv\u00e9 l\u00e1sky a pokory. A\u0165 tato l\u00e1ska a pokora proniknou do na\u0161eho srdce, a tak jako kdysi, i nyn\u00ed a\u0165 n\u00e1m v\u0161em pomohou uv\u011bdomit si svou soun\u00e1le\u017eitost a spoluodpov\u011bdnost za sv\u011bt, ve kter\u00e9m \u017eijeme.<\/p>\n\n\n\n<p>Modl\u00edme se, \u017eehn\u00e1me a p\u0159ejeme ka\u017ed\u00e9mu duchovn\u00ed radost z oslav sv\u00e1tku Kristova Narozen\u00ed, jako\u017e i dobr\u00fd za\u010d\u00e1tek a sp\u00e1sonosn\u00e9 pro\u017eit\u00ed nov\u00e9ho roku Bo\u017e\u00ed milosti 2023!<\/p>\n\n\n\n<p><\/p>\n\n\n\n<p class=\"has-text-align-center\"><strong>\u2020 Rastislav<\/strong><\/p>\n\n\n\n<p class=\"has-text-align-center\">arcibiskup pre\u0161ovsk\u00fd<\/p>\n\n\n\n<p class=\"has-text-align-center\">metropolita \u010desk\u00fdch zem\u00ed a Slovenska<\/p>\n\n\n\n<p><\/p>\n\n\n\n<p class=\"has-text-align-center\"><strong>\u2020 Michal<\/strong><\/p>\n\n\n\n<p class=\"has-text-align-center\">arcibiskup pra\u017esk\u00fd a \u010desk\u00fdch zem\u00ed<\/p>\n\n\n\n<p><\/p>\n\n\n\n<p class=\"has-text-align-center\"><strong>\u2020 Simeon<\/strong><\/p>\n\n\n\n<p class=\"has-text-align-center\">arcibiskup olomoucko-brn\u011bnsk\u00fd<\/p>\n\n\n\n<p><\/p>\n\n\n\n<p class=\"has-text-align-center\"><strong>\u2020 Juraj<\/strong><\/p>\n\n\n\n<p class=\"has-text-align-center\">arcibiskup michalovsko-ko\u0161ick\u00fd<\/p>\n\n\n\n<p class=\"has-text-align-center\"><\/p>\n\n\n\n<p class=\"has-text-align-center\"><strong>\u2020 Izai\u00e1\u0161<\/strong><\/p>\n\n\n\n<p class=\"has-text-align-center\">biskup \u0161umpersk\u00fd<\/p>\n","protected":false},"excerpt":{"rendered":"<p>KRISTOVO NAROZEN\u00cd 2022 Duchovn\u00ed otcov\u00e9, brat\u0159i a sestry, Kristus se rod\u00ed! Dnes oslavujeme napln\u011bn\u00ed starod\u00e1vn\u00e9ho Izaj\u00e1\u0161ova proroctv\u00ed: Narod\u00ed se n\u00e1m d\u00edt\u011b, bude n\u00e1m d\u00e1n Syn,&hellip;<\/p>\n","protected":false},"author":1,"featured_media":1664,"comment_status":"closed","ping_status":"open","sticky":false,"template":"","format":"standard","meta":{"footnotes":""},"categories":[31],"tags":[68],"class_list":["post-1663","post","type-post","status-publish","format-standard","has-post-thumbnail","hentry","category-dulezite","tag-2022-12","has-post-thumbnail-archive"],"_links":{"self":[{"href":"https:\/\/www.hlas-pravoslavi.cz\/index.php\/wp-json\/wp\/v2\/posts\/1663","targetHints":{"allow":["GET"]}}],"collection":[{"href":"https:\/\/www.hlas-pravoslavi.cz\/index.php\/wp-json\/wp\/v2\/posts"}],"about":[{"href":"https:\/\/www.hlas-pravoslavi.cz\/index.php\/wp-json\/wp\/v2\/types\/post"}],"author":[{"embeddable":true,"href":"https:\/\/www.hlas-pravoslavi.cz\/index.php\/wp-json\/wp\/v2\/users\/1"}],"replies":[{"embeddable":true,"href":"https:\/\/www.hlas-pravoslavi.cz\/index.php\/wp-json\/wp\/v2\/comments?post=1663"}],"version-history":[{"count":3,"href":"https:\/\/www.hlas-pravoslavi.cz\/index.php\/wp-json\/wp\/v2\/posts\/1663\/revisions"}],"predecessor-version":[{"id":1668,"href":"https:\/\/www.hlas-pravoslavi.cz\/index.php\/wp-json\/wp\/v2\/posts\/1663\/revisions\/1668"}],"wp:featuredmedia":[{"embeddable":true,"href":"https:\/\/www.hlas-pravoslavi.cz\/index.php\/wp-json\/wp\/v2\/media\/1664"}],"wp:attachment":[{"href":"https:\/\/www.hlas-pravoslavi.cz\/index.php\/wp-json\/wp\/v2\/media?parent=1663"}],"wp:term":[{"taxonomy":"category","embeddable":true,"href":"https:\/\/www.hlas-pravoslavi.cz\/index.php\/wp-json\/wp\/v2\/categories?post=1663"},{"taxonomy":"post_tag","embeddable":true,"href":"https:\/\/www.hlas-pravoslavi.cz\/index.php\/wp-json\/wp\/v2\/tags?post=1663"}],"curies":[{"name":"wp","href":"https:\/\/api.w.org\/{rel}","templated":true}]}}