{"id":1555,"date":"2022-10-01T17:45:08","date_gmt":"2022-10-01T16:45:08","guid":{"rendered":"https:\/\/www.hlas-pravoslavi.cz\/?p=1555"},"modified":"2022-11-01T17:45:39","modified_gmt":"2022-11-01T16:45:39","slug":"z-programu-bohosluzeb-a-dalsich-aktivit-arcibiskupa-michala-v-zari-2022","status":"publish","type":"post","link":"https:\/\/www.hlas-pravoslavi.cz\/index.php\/2022\/10\/01\/z-programu-bohosluzeb-a-dalsich-aktivit-arcibiskupa-michala-v-zari-2022\/","title":{"rendered":"Z\u00a0programu bohoslu\u017eeb a dal\u0161\u00edch aktivit arcibiskupa Michala v\u00a0z\u00e1\u0159\u00ed 2022"},"content":{"rendered":"\n<p><strong>4. 9. 2022 <\/strong>Arcibiskup pra\u017esk\u00fd a \u010desk\u00fdch zem\u00ed slou\u017eil slavnostn\u00ed archijerejskou liturgii v katedr\u00e1le sv. Cyrila a Metod\u011bje v Praze 2 u p\u0159\u00edle\u017eitosti 80. v\u00fdro\u010d\u00ed mu\u010dednick\u00e9 smrti sv. biskupa Gorazda. Spolu s n\u00edm slou\u017eili metropolita poltavsk\u00fd a myrhorodsk\u00fd Filip z&nbsp;Ukrajinsk\u00e9 pravoslavn\u00e9 c\u00edrkve, arcibiskup michalovsko-ko\u0161ick\u00fd Juraj, arcibiskup berounsk\u00fd J\u00e1chym, zahrani\u010dn\u00ed kn\u011b\u017e\u00ed a po\u010detn\u00ed duchovn\u00ed pra\u017esk\u00e9 eparchie. Odpoledne se na Kobylisk\u00e9 st\u0159elnici v Praze 8 tradi\u010dn\u011b slou\u017eila panychida.<\/p>\n\n\n\n<p><strong>5. 9. 2022 <\/strong>V den svat\u00fdch novomu\u010dedn\u00edk\u016f \u010desk\u00fdch arcibiskup Michal spolu s metropolitou Filipem a arcibiskupem Jurajem vykonal slavnostn\u00ed archijerejskou liturgii v monast\u00fdrsk\u00e9m chr\u00e1mu sv. Cyrila a Metod\u011bje v Ho\u0159ovi\u010dk\u00e1ch.<\/p>\n\n\n\n<p><strong>10. 9. 2022 <\/strong>U&nbsp;p\u0159\u00edle\u017eitosti sv\u00e1tku p\u0159enesen\u00ed ostatk\u016f sv. apo\u0161tola Bartolom\u011bje arcibiskup Michal slou\u017eil sv. liturgii v&nbsp;PCO Mochov. Tamn\u00ed chr\u00e1m je toti\u017e apo\u0161tolu Bartolom\u011bjovi zasv\u011bcen.&nbsp;<\/p>\n\n\n\n<p><strong>11. 9. 2022 <\/strong>Vladyka Michal nav\u0161t\u00edvil PCO Rumburk, kde se v&nbsp;tento den slavil chr\u00e1mov\u00fd sv\u00e1tek St\u011bt\u00ed sv. Jana K\u0159titele a p\u0159ipom\u00ednalo se 1. v\u00fdro\u010d\u00ed p\u0159enesen\u00ed ostatk\u016f archimandrity Andreje Kolomack\u00e9ho.<\/p>\n\n\n\n<p><strong>12.\u201319. 9. 2022 <\/strong>Arcibiskup pra\u017esk\u00fd a \u010desk\u00fdch zem\u00ed Michal vykonal pou\u0165 na Svatou horu Athos, kde se modlil za na\u0161i c\u00edrkev, v\u0161echny duchovn\u00ed a v\u011b\u0159\u00edc\u00ed.<\/p>\n\n\n\n<p><strong>21. 9. 2022 <\/strong>V&nbsp;den sv\u00e1tku Narozen\u00ed p\u0159esvat\u00e9 Bohorodice vladyka Michal slou\u017eil sv. liturgii v&nbsp;PCO Kada\u0148, pro ni\u017e je tento sv\u00e1tek sv\u00e1tkem chr\u00e1mov\u00fdm.<\/p>\n\n\n\n<p><strong>25. 9. 2022 <\/strong>Arcibiskup Michal nav\u0161t\u00edvil m\u011bstys Chodov\u00e1 Plan\u00e1, kde vysv\u011btil nov\u00fd ikonostas a chr\u00e1m pro&nbsp;skit monast\u00fdru Prom\u011bn\u011bn\u00ed P\u00e1n\u011b nach\u00e1zej\u00edc\u00edho se v&nbsp;T\u011b\u0161ov\u011b u Chebu.<\/p>\n\n\n\n<p><strong>27. 9. 2022 <\/strong>Na sv\u00e1tek Pov\u00fd\u0161en\u00ed svat\u00e9ho K\u0159\u00ed\u017ee vladyka Michal slou\u017eil sv. liturgii v&nbsp;monast\u00fdru sv. Cyrila a Metod\u011bje v&nbsp;Ho\u0159ovi\u010dk\u00e1ch.&nbsp;<\/p>\n\n\n\n<p><strong>28. 9. 2022 <\/strong>Arcibiskup pra\u017esk\u00fd a \u010desk\u00fdch zem\u00ed Michal se v&nbsp;r\u00e1mci ekumeny z\u00fa\u010dastnil N\u00e1rodn\u00ed svatov\u00e1clavsk\u00e9 pouti ve Star\u00e9 Boleslavi. Poutn\u00ed m\u0161i svatou na Mari\u00e1nsk\u00e9m n\u00e1m\u011bst\u00ed ve Star\u00e9 Boleslavi slou\u017eil J. Em. Jan Graubner, arcibiskup pra\u017esk\u00fd a primas \u010desk\u00fd.<\/p>\n\n\n\n<p>Odpoledne t\u00e9ho\u017e dne, v p\u0159edve\u010der sv\u00e1tku sv. Ludmily, se v bazilice sv. Ji\u0159\u00ed na Pra\u017esk\u00e9m hrad\u011b konal tradi\u010dn\u00ed akathist na po\u010dest na\u0161\u00ed sv\u011btice. T\u00e9to slavnostn\u00ed bohoslu\u017eby se z\u00fa\u010dastnily des\u00edtky duchovn\u00edch pra\u017esk\u00e9 eparchie, kn\u011b\u017e\u00ed z&nbsp;Polska a Ukrajiny a velk\u00e9 mno\u017estv\u00ed v\u011b\u0159\u00edc\u00edch.<\/p>\n\n\n\n<p><strong>29. 9. 2021<\/strong>&nbsp;V&nbsp;den, kdy si na\u0161e c\u00edrkev p\u0159ipom\u00edn\u00e1 mu\u010dednickou smrt sv. Ludmily, kn\u011b\u017eny \u010desk\u00e9, arcibiskup Michal slou\u017eil slavnostn\u00ed liturgii v Tet\u00edn\u011b, v chr\u00e1mu zasv\u011bcen\u00e9m t\u00e9to sv\u011btici. Spolu s&nbsp;vladykou slou\u017eili na\u0161i duchovn\u00ed a tak\u00e9 pozvan\u00ed kn\u011b\u017e\u00ed z&nbsp;Polsk\u00e9 a Ukrajinsk\u00e9 pravoslavn\u00e9 c\u00edrkve. Na sv\u00e1tek se sjeli po\u010detn\u00ed poutn\u00edci.<\/p>\n\n\n\n<figure class=\"wp-block-gallery has-nested-images columns-default is-cropped wp-block-gallery-1 is-layout-flex wp-block-gallery-is-layout-flex\">\n<figure class=\"wp-block-image size-large\"><a href=\"https:\/\/www.hlas-pravoslavi.cz\/wp-content\/uploads\/2022\/11\/04.09.-1.jpg\" data-lbwps-width=\"3648\" data-lbwps-height=\"2432\" data-lbwps-srcsmall=\"http:\/\/www.hlas-pravoslavi.cz\/wp-content\/uploads\/2022\/11\/04.09.-1-300x200.jpg\"><img loading=\"lazy\" decoding=\"async\" width=\"1024\" height=\"683\" data-id=\"1556\" src=\"https:\/\/www.hlas-pravoslavi.cz\/wp-content\/uploads\/2022\/11\/04.09.-1-1024x683.jpg\" alt=\"\" class=\"wp-image-1556\" srcset=\"https:\/\/www.hlas-pravoslavi.cz\/wp-content\/uploads\/2022\/11\/04.09.-1-1024x683.jpg 1024w, https:\/\/www.hlas-pravoslavi.cz\/wp-content\/uploads\/2022\/11\/04.09.-1-300x200.jpg 300w, https:\/\/www.hlas-pravoslavi.cz\/wp-content\/uploads\/2022\/11\/04.09.-1-768x512.jpg 768w, https:\/\/www.hlas-pravoslavi.cz\/wp-content\/uploads\/2022\/11\/04.09.-1-1536x1024.jpg 1536w, https:\/\/www.hlas-pravoslavi.cz\/wp-content\/uploads\/2022\/11\/04.09.-1-2048x1365.jpg 2048w, https:\/\/www.hlas-pravoslavi.cz\/wp-content\/uploads\/2022\/11\/04.09.-1-1920x1280.jpg 1920w\" sizes=\"auto, (max-width: 1024px) 100vw, 1024px\" \/><\/a><figcaption>04.09.2022<\/figcaption><\/figure>\n\n\n\n<figure class=\"wp-block-image size-large\"><a href=\"https:\/\/www.hlas-pravoslavi.cz\/wp-content\/uploads\/2022\/11\/04.09.-2.jpg\" data-lbwps-width=\"3648\" data-lbwps-height=\"2432\" data-lbwps-srcsmall=\"http:\/\/www.hlas-pravoslavi.cz\/wp-content\/uploads\/2022\/11\/04.09.-2-300x200.jpg\"><img loading=\"lazy\" decoding=\"async\" width=\"1024\" height=\"683\" data-id=\"1557\" src=\"https:\/\/www.hlas-pravoslavi.cz\/wp-content\/uploads\/2022\/11\/04.09.-2-1024x683.jpg\" alt=\"\" class=\"wp-image-1557\" srcset=\"https:\/\/www.hlas-pravoslavi.cz\/wp-content\/uploads\/2022\/11\/04.09.-2-1024x683.jpg 1024w, https:\/\/www.hlas-pravoslavi.cz\/wp-content\/uploads\/2022\/11\/04.09.-2-300x200.jpg 300w, https:\/\/www.hlas-pravoslavi.cz\/wp-content\/uploads\/2022\/11\/04.09.-2-768x512.jpg 768w, https:\/\/www.hlas-pravoslavi.cz\/wp-content\/uploads\/2022\/11\/04.09.-2-1536x1024.jpg 1536w, https:\/\/www.hlas-pravoslavi.cz\/wp-content\/uploads\/2022\/11\/04.09.-2-2048x1365.jpg 2048w, https:\/\/www.hlas-pravoslavi.cz\/wp-content\/uploads\/2022\/11\/04.09.-2-1920x1280.jpg 1920w\" sizes=\"auto, (max-width: 1024px) 100vw, 1024px\" \/><\/a><figcaption>04.09.2022<\/figcaption><\/figure>\n\n\n\n<figure class=\"wp-block-image size-large\"><a href=\"https:\/\/www.hlas-pravoslavi.cz\/wp-content\/uploads\/2022\/11\/04.09.-3.jpg\" data-lbwps-width=\"3648\" data-lbwps-height=\"2432\" data-lbwps-srcsmall=\"http:\/\/www.hlas-pravoslavi.cz\/wp-content\/uploads\/2022\/11\/04.09.-3-300x200.jpg\"><img loading=\"lazy\" decoding=\"async\" width=\"1024\" height=\"683\" data-id=\"1558\" src=\"https:\/\/www.hlas-pravoslavi.cz\/wp-content\/uploads\/2022\/11\/04.09.-3-1024x683.jpg\" alt=\"\" class=\"wp-image-1558\" srcset=\"https:\/\/www.hlas-pravoslavi.cz\/wp-content\/uploads\/2022\/11\/04.09.-3-1024x683.jpg 1024w, https:\/\/www.hlas-pravoslavi.cz\/wp-content\/uploads\/2022\/11\/04.09.-3-300x200.jpg 300w, https:\/\/www.hlas-pravoslavi.cz\/wp-content\/uploads\/2022\/11\/04.09.-3-768x512.jpg 768w, https:\/\/www.hlas-pravoslavi.cz\/wp-content\/uploads\/2022\/11\/04.09.-3-1536x1024.jpg 1536w, https:\/\/www.hlas-pravoslavi.cz\/wp-content\/uploads\/2022\/11\/04.09.-3-2048x1365.jpg 2048w, https:\/\/www.hlas-pravoslavi.cz\/wp-content\/uploads\/2022\/11\/04.09.-3-1920x1280.jpg 1920w\" sizes=\"auto, (max-width: 1024px) 100vw, 1024px\" \/><\/a><figcaption>04.09.2022<\/figcaption><\/figure>\n\n\n\n<figure class=\"wp-block-image size-large\"><a href=\"https:\/\/www.hlas-pravoslavi.cz\/wp-content\/uploads\/2022\/11\/05.09-1.jpg\" data-lbwps-width=\"3648\" data-lbwps-height=\"2432\" data-lbwps-srcsmall=\"http:\/\/www.hlas-pravoslavi.cz\/wp-content\/uploads\/2022\/11\/05.09-1-300x200.jpg\"><img loading=\"lazy\" decoding=\"async\" width=\"1024\" height=\"683\" data-id=\"1559\" src=\"https:\/\/www.hlas-pravoslavi.cz\/wp-content\/uploads\/2022\/11\/05.09-1-1024x683.jpg\" alt=\"\" class=\"wp-image-1559\" srcset=\"https:\/\/www.hlas-pravoslavi.cz\/wp-content\/uploads\/2022\/11\/05.09-1-1024x683.jpg 1024w, https:\/\/www.hlas-pravoslavi.cz\/wp-content\/uploads\/2022\/11\/05.09-1-300x200.jpg 300w, https:\/\/www.hlas-pravoslavi.cz\/wp-content\/uploads\/2022\/11\/05.09-1-768x512.jpg 768w, https:\/\/www.hlas-pravoslavi.cz\/wp-content\/uploads\/2022\/11\/05.09-1-1536x1024.jpg 1536w, https:\/\/www.hlas-pravoslavi.cz\/wp-content\/uploads\/2022\/11\/05.09-1-2048x1365.jpg 2048w, https:\/\/www.hlas-pravoslavi.cz\/wp-content\/uploads\/2022\/11\/05.09-1-1920x1280.jpg 1920w\" sizes=\"auto, (max-width: 1024px) 100vw, 1024px\" \/><\/a><figcaption>05.09.2022<\/figcaption><\/figure>\n\n\n\n<figure class=\"wp-block-image size-large\"><a href=\"https:\/\/www.hlas-pravoslavi.cz\/wp-content\/uploads\/2022\/11\/05.09-2.jpg\" data-lbwps-width=\"3648\" data-lbwps-height=\"2432\" data-lbwps-srcsmall=\"http:\/\/www.hlas-pravoslavi.cz\/wp-content\/uploads\/2022\/11\/05.09-2-300x200.jpg\"><img loading=\"lazy\" decoding=\"async\" width=\"1024\" height=\"683\" data-id=\"1560\" src=\"https:\/\/www.hlas-pravoslavi.cz\/wp-content\/uploads\/2022\/11\/05.09-2-1024x683.jpg\" alt=\"\" class=\"wp-image-1560\" srcset=\"https:\/\/www.hlas-pravoslavi.cz\/wp-content\/uploads\/2022\/11\/05.09-2-1024x683.jpg 1024w, https:\/\/www.hlas-pravoslavi.cz\/wp-content\/uploads\/2022\/11\/05.09-2-300x200.jpg 300w, https:\/\/www.hlas-pravoslavi.cz\/wp-content\/uploads\/2022\/11\/05.09-2-768x512.jpg 768w, https:\/\/www.hlas-pravoslavi.cz\/wp-content\/uploads\/2022\/11\/05.09-2-1536x1024.jpg 1536w, https:\/\/www.hlas-pravoslavi.cz\/wp-content\/uploads\/2022\/11\/05.09-2-2048x1365.jpg 2048w, https:\/\/www.hlas-pravoslavi.cz\/wp-content\/uploads\/2022\/11\/05.09-2-1920x1280.jpg 1920w\" sizes=\"auto, (max-width: 1024px) 100vw, 1024px\" \/><\/a><figcaption>05.09.2022<\/figcaption><\/figure>\n\n\n\n<figure class=\"wp-block-image size-large\"><a href=\"https:\/\/www.hlas-pravoslavi.cz\/wp-content\/uploads\/2022\/11\/05.09-3.jpg\" data-lbwps-width=\"3648\" data-lbwps-height=\"2432\" data-lbwps-srcsmall=\"http:\/\/www.hlas-pravoslavi.cz\/wp-content\/uploads\/2022\/11\/05.09-3-300x200.jpg\"><img loading=\"lazy\" decoding=\"async\" width=\"1024\" height=\"683\" data-id=\"1561\" src=\"https:\/\/www.hlas-pravoslavi.cz\/wp-content\/uploads\/2022\/11\/05.09-3-1024x683.jpg\" alt=\"\" class=\"wp-image-1561\" srcset=\"https:\/\/www.hlas-pravoslavi.cz\/wp-content\/uploads\/2022\/11\/05.09-3-1024x683.jpg 1024w, https:\/\/www.hlas-pravoslavi.cz\/wp-content\/uploads\/2022\/11\/05.09-3-300x200.jpg 300w, https:\/\/www.hlas-pravoslavi.cz\/wp-content\/uploads\/2022\/11\/05.09-3-768x512.jpg 768w, https:\/\/www.hlas-pravoslavi.cz\/wp-content\/uploads\/2022\/11\/05.09-3-1536x1024.jpg 1536w, https:\/\/www.hlas-pravoslavi.cz\/wp-content\/uploads\/2022\/11\/05.09-3-2048x1365.jpg 2048w, https:\/\/www.hlas-pravoslavi.cz\/wp-content\/uploads\/2022\/11\/05.09-3-1920x1280.jpg 1920w\" sizes=\"auto, (max-width: 1024px) 100vw, 1024px\" \/><\/a><figcaption>05.09.2022<\/figcaption><\/figure>\n\n\n\n<figure class=\"wp-block-image size-large\"><a href=\"https:\/\/www.hlas-pravoslavi.cz\/wp-content\/uploads\/2022\/11\/10.09-1.jpg\" data-lbwps-width=\"3648\" data-lbwps-height=\"2432\" data-lbwps-srcsmall=\"http:\/\/www.hlas-pravoslavi.cz\/wp-content\/uploads\/2022\/11\/10.09-1-300x200.jpg\"><img loading=\"lazy\" decoding=\"async\" width=\"1024\" height=\"683\" data-id=\"1562\" src=\"https:\/\/www.hlas-pravoslavi.cz\/wp-content\/uploads\/2022\/11\/10.09-1-1024x683.jpg\" alt=\"\" class=\"wp-image-1562\" srcset=\"https:\/\/www.hlas-pravoslavi.cz\/wp-content\/uploads\/2022\/11\/10.09-1-1024x683.jpg 1024w, https:\/\/www.hlas-pravoslavi.cz\/wp-content\/uploads\/2022\/11\/10.09-1-300x200.jpg 300w, https:\/\/www.hlas-pravoslavi.cz\/wp-content\/uploads\/2022\/11\/10.09-1-768x512.jpg 768w, https:\/\/www.hlas-pravoslavi.cz\/wp-content\/uploads\/2022\/11\/10.09-1-1536x1024.jpg 1536w, https:\/\/www.hlas-pravoslavi.cz\/wp-content\/uploads\/2022\/11\/10.09-1-2048x1365.jpg 2048w, https:\/\/www.hlas-pravoslavi.cz\/wp-content\/uploads\/2022\/11\/10.09-1-1920x1280.jpg 1920w\" sizes=\"auto, (max-width: 1024px) 100vw, 1024px\" \/><\/a><figcaption>10.09.2022<\/figcaption><\/figure>\n\n\n\n<figure class=\"wp-block-image size-large\"><a href=\"https:\/\/www.hlas-pravoslavi.cz\/wp-content\/uploads\/2022\/11\/10.09-2.jpg\" data-lbwps-width=\"3648\" data-lbwps-height=\"2432\" data-lbwps-srcsmall=\"http:\/\/www.hlas-pravoslavi.cz\/wp-content\/uploads\/2022\/11\/10.09-2-300x200.jpg\"><img loading=\"lazy\" decoding=\"async\" width=\"1024\" height=\"683\" data-id=\"1563\" src=\"https:\/\/www.hlas-pravoslavi.cz\/wp-content\/uploads\/2022\/11\/10.09-2-1024x683.jpg\" alt=\"\" class=\"wp-image-1563\" srcset=\"https:\/\/www.hlas-pravoslavi.cz\/wp-content\/uploads\/2022\/11\/10.09-2-1024x683.jpg 1024w, https:\/\/www.hlas-pravoslavi.cz\/wp-content\/uploads\/2022\/11\/10.09-2-300x200.jpg 300w, https:\/\/www.hlas-pravoslavi.cz\/wp-content\/uploads\/2022\/11\/10.09-2-768x512.jpg 768w, https:\/\/www.hlas-pravoslavi.cz\/wp-content\/uploads\/2022\/11\/10.09-2-1536x1024.jpg 1536w, https:\/\/www.hlas-pravoslavi.cz\/wp-content\/uploads\/2022\/11\/10.09-2-2048x1365.jpg 2048w, https:\/\/www.hlas-pravoslavi.cz\/wp-content\/uploads\/2022\/11\/10.09-2-1920x1280.jpg 1920w\" sizes=\"auto, (max-width: 1024px) 100vw, 1024px\" \/><\/a><figcaption>10.09.2022<\/figcaption><\/figure>\n\n\n\n<figure class=\"wp-block-image size-large\"><a href=\"https:\/\/www.hlas-pravoslavi.cz\/wp-content\/uploads\/2022\/11\/11.09-1.jpg\" data-lbwps-width=\"3648\" data-lbwps-height=\"2432\" data-lbwps-srcsmall=\"http:\/\/www.hlas-pravoslavi.cz\/wp-content\/uploads\/2022\/11\/11.09-1-300x200.jpg\"><img loading=\"lazy\" decoding=\"async\" width=\"1024\" height=\"683\" data-id=\"1564\" src=\"https:\/\/www.hlas-pravoslavi.cz\/wp-content\/uploads\/2022\/11\/11.09-1-1024x683.jpg\" alt=\"\" class=\"wp-image-1564\" srcset=\"https:\/\/www.hlas-pravoslavi.cz\/wp-content\/uploads\/2022\/11\/11.09-1-1024x683.jpg 1024w, https:\/\/www.hlas-pravoslavi.cz\/wp-content\/uploads\/2022\/11\/11.09-1-300x200.jpg 300w, https:\/\/www.hlas-pravoslavi.cz\/wp-content\/uploads\/2022\/11\/11.09-1-768x512.jpg 768w, https:\/\/www.hlas-pravoslavi.cz\/wp-content\/uploads\/2022\/11\/11.09-1-1536x1024.jpg 1536w, https:\/\/www.hlas-pravoslavi.cz\/wp-content\/uploads\/2022\/11\/11.09-1-2048x1365.jpg 2048w, https:\/\/www.hlas-pravoslavi.cz\/wp-content\/uploads\/2022\/11\/11.09-1-1920x1280.jpg 1920w\" sizes=\"auto, (max-width: 1024px) 100vw, 1024px\" \/><\/a><figcaption>11.09.2022<\/figcaption><\/figure>\n\n\n\n<figure class=\"wp-block-image size-large\"><a href=\"https:\/\/www.hlas-pravoslavi.cz\/wp-content\/uploads\/2022\/11\/11.09-2.jpg\" data-lbwps-width=\"3500\" data-lbwps-height=\"2333\" data-lbwps-srcsmall=\"http:\/\/www.hlas-pravoslavi.cz\/wp-content\/uploads\/2022\/11\/11.09-2-300x200.jpg\"><img loading=\"lazy\" decoding=\"async\" width=\"1024\" height=\"683\" data-id=\"1565\" src=\"https:\/\/www.hlas-pravoslavi.cz\/wp-content\/uploads\/2022\/11\/11.09-2-1024x683.jpg\" alt=\"\" class=\"wp-image-1565\" srcset=\"https:\/\/www.hlas-pravoslavi.cz\/wp-content\/uploads\/2022\/11\/11.09-2-1024x683.jpg 1024w, https:\/\/www.hlas-pravoslavi.cz\/wp-content\/uploads\/2022\/11\/11.09-2-300x200.jpg 300w, https:\/\/www.hlas-pravoslavi.cz\/wp-content\/uploads\/2022\/11\/11.09-2-768x512.jpg 768w, https:\/\/www.hlas-pravoslavi.cz\/wp-content\/uploads\/2022\/11\/11.09-2-1536x1024.jpg 1536w, https:\/\/www.hlas-pravoslavi.cz\/wp-content\/uploads\/2022\/11\/11.09-2-2048x1365.jpg 2048w, https:\/\/www.hlas-pravoslavi.cz\/wp-content\/uploads\/2022\/11\/11.09-2-1920x1280.jpg 1920w\" sizes=\"auto, (max-width: 1024px) 100vw, 1024px\" \/><\/a><figcaption>11.09.2022<\/figcaption><\/figure>\n\n\n\n<figure class=\"wp-block-image size-large\"><a href=\"https:\/\/www.hlas-pravoslavi.cz\/wp-content\/uploads\/2022\/11\/12.-19.09.jpg\" data-lbwps-width=\"3648\" data-lbwps-height=\"2432\" data-lbwps-srcsmall=\"http:\/\/www.hlas-pravoslavi.cz\/wp-content\/uploads\/2022\/11\/12.-19.09-300x200.jpg\"><img loading=\"lazy\" decoding=\"async\" width=\"1024\" height=\"683\" data-id=\"1566\" src=\"https:\/\/www.hlas-pravoslavi.cz\/wp-content\/uploads\/2022\/11\/12.-19.09-1024x683.jpg\" alt=\"\" class=\"wp-image-1566\" srcset=\"https:\/\/www.hlas-pravoslavi.cz\/wp-content\/uploads\/2022\/11\/12.-19.09-1024x683.jpg 1024w, https:\/\/www.hlas-pravoslavi.cz\/wp-content\/uploads\/2022\/11\/12.-19.09-300x200.jpg 300w, https:\/\/www.hlas-pravoslavi.cz\/wp-content\/uploads\/2022\/11\/12.-19.09-768x512.jpg 768w, https:\/\/www.hlas-pravoslavi.cz\/wp-content\/uploads\/2022\/11\/12.-19.09-1536x1024.jpg 1536w, https:\/\/www.hlas-pravoslavi.cz\/wp-content\/uploads\/2022\/11\/12.-19.09-2048x1365.jpg 2048w, https:\/\/www.hlas-pravoslavi.cz\/wp-content\/uploads\/2022\/11\/12.-19.09-1920x1280.jpg 1920w\" sizes=\"auto, (max-width: 1024px) 100vw, 1024px\" \/><\/a><figcaption>12.-19.09.2022<\/figcaption><\/figure>\n\n\n\n<figure class=\"wp-block-image size-large\"><a href=\"https:\/\/www.hlas-pravoslavi.cz\/wp-content\/uploads\/2022\/11\/21.09-1.jpg\" data-lbwps-width=\"3648\" data-lbwps-height=\"2432\" data-lbwps-srcsmall=\"http:\/\/www.hlas-pravoslavi.cz\/wp-content\/uploads\/2022\/11\/21.09-1-300x200.jpg\"><img loading=\"lazy\" decoding=\"async\" width=\"1024\" height=\"683\" data-id=\"1567\" src=\"https:\/\/www.hlas-pravoslavi.cz\/wp-content\/uploads\/2022\/11\/21.09-1-1024x683.jpg\" alt=\"\" class=\"wp-image-1567\" srcset=\"https:\/\/www.hlas-pravoslavi.cz\/wp-content\/uploads\/2022\/11\/21.09-1-1024x683.jpg 1024w, https:\/\/www.hlas-pravoslavi.cz\/wp-content\/uploads\/2022\/11\/21.09-1-300x200.jpg 300w, https:\/\/www.hlas-pravoslavi.cz\/wp-content\/uploads\/2022\/11\/21.09-1-768x512.jpg 768w, https:\/\/www.hlas-pravoslavi.cz\/wp-content\/uploads\/2022\/11\/21.09-1-1536x1024.jpg 1536w, https:\/\/www.hlas-pravoslavi.cz\/wp-content\/uploads\/2022\/11\/21.09-1-2048x1365.jpg 2048w, https:\/\/www.hlas-pravoslavi.cz\/wp-content\/uploads\/2022\/11\/21.09-1-1920x1280.jpg 1920w\" sizes=\"auto, (max-width: 1024px) 100vw, 1024px\" \/><\/a><figcaption>21.09.2022<\/figcaption><\/figure>\n\n\n\n<figure class=\"wp-block-image size-large\"><a href=\"https:\/\/www.hlas-pravoslavi.cz\/wp-content\/uploads\/2022\/11\/21.09-2.jpg\" data-lbwps-width=\"3648\" data-lbwps-height=\"2432\" data-lbwps-srcsmall=\"http:\/\/www.hlas-pravoslavi.cz\/wp-content\/uploads\/2022\/11\/21.09-2-300x200.jpg\"><img loading=\"lazy\" decoding=\"async\" width=\"1024\" height=\"683\" data-id=\"1568\" src=\"https:\/\/www.hlas-pravoslavi.cz\/wp-content\/uploads\/2022\/11\/21.09-2-1024x683.jpg\" alt=\"\" class=\"wp-image-1568\" srcset=\"https:\/\/www.hlas-pravoslavi.cz\/wp-content\/uploads\/2022\/11\/21.09-2-1024x683.jpg 1024w, https:\/\/www.hlas-pravoslavi.cz\/wp-content\/uploads\/2022\/11\/21.09-2-300x200.jpg 300w, https:\/\/www.hlas-pravoslavi.cz\/wp-content\/uploads\/2022\/11\/21.09-2-768x512.jpg 768w, https:\/\/www.hlas-pravoslavi.cz\/wp-content\/uploads\/2022\/11\/21.09-2-1536x1024.jpg 1536w, https:\/\/www.hlas-pravoslavi.cz\/wp-content\/uploads\/2022\/11\/21.09-2-2048x1365.jpg 2048w, https:\/\/www.hlas-pravoslavi.cz\/wp-content\/uploads\/2022\/11\/21.09-2-1920x1280.jpg 1920w\" sizes=\"auto, (max-width: 1024px) 100vw, 1024px\" \/><\/a><figcaption>21.09.2022<\/figcaption><\/figure>\n\n\n\n<figure class=\"wp-block-image size-large\"><a href=\"https:\/\/www.hlas-pravoslavi.cz\/wp-content\/uploads\/2022\/11\/28.09-1.jpg\" data-lbwps-width=\"960\" data-lbwps-height=\"686\" data-lbwps-srcsmall=\"http:\/\/www.hlas-pravoslavi.cz\/wp-content\/uploads\/2022\/11\/28.09-1-300x214.jpg\"><img loading=\"lazy\" decoding=\"async\" width=\"960\" height=\"686\" data-id=\"1569\" src=\"https:\/\/www.hlas-pravoslavi.cz\/wp-content\/uploads\/2022\/11\/28.09-1.jpg\" alt=\"\" class=\"wp-image-1569\" srcset=\"https:\/\/www.hlas-pravoslavi.cz\/wp-content\/uploads\/2022\/11\/28.09-1.jpg 960w, https:\/\/www.hlas-pravoslavi.cz\/wp-content\/uploads\/2022\/11\/28.09-1-300x214.jpg 300w, https:\/\/www.hlas-pravoslavi.cz\/wp-content\/uploads\/2022\/11\/28.09-1-768x549.jpg 768w\" sizes=\"auto, (max-width: 960px) 100vw, 960px\" \/><\/a><figcaption>28.09.2022<\/figcaption><\/figure>\n\n\n\n<figure class=\"wp-block-image size-large\"><a href=\"https:\/\/www.hlas-pravoslavi.cz\/wp-content\/uploads\/2022\/11\/28.09-2.jpg\" data-lbwps-width=\"1024\" data-lbwps-height=\"683\" data-lbwps-srcsmall=\"http:\/\/www.hlas-pravoslavi.cz\/wp-content\/uploads\/2022\/11\/28.09-2-300x200.jpg\"><img loading=\"lazy\" decoding=\"async\" width=\"1024\" height=\"683\" data-id=\"1570\" src=\"https:\/\/www.hlas-pravoslavi.cz\/wp-content\/uploads\/2022\/11\/28.09-2.jpg\" alt=\"\" class=\"wp-image-1570\" srcset=\"https:\/\/www.hlas-pravoslavi.cz\/wp-content\/uploads\/2022\/11\/28.09-2.jpg 1024w, https:\/\/www.hlas-pravoslavi.cz\/wp-content\/uploads\/2022\/11\/28.09-2-300x200.jpg 300w, https:\/\/www.hlas-pravoslavi.cz\/wp-content\/uploads\/2022\/11\/28.09-2-768x512.jpg 768w\" sizes=\"auto, (max-width: 1024px) 100vw, 1024px\" \/><\/a><figcaption>28.09.2022<\/figcaption><\/figure>\n\n\n\n<figure class=\"wp-block-image size-large\"><a href=\"https:\/\/www.hlas-pravoslavi.cz\/wp-content\/uploads\/2022\/11\/28.09-3.jpg\" data-lbwps-width=\"1024\" data-lbwps-height=\"683\" data-lbwps-srcsmall=\"http:\/\/www.hlas-pravoslavi.cz\/wp-content\/uploads\/2022\/11\/28.09-3-300x200.jpg\"><img loading=\"lazy\" decoding=\"async\" width=\"1024\" height=\"683\" data-id=\"1571\" src=\"https:\/\/www.hlas-pravoslavi.cz\/wp-content\/uploads\/2022\/11\/28.09-3.jpg\" alt=\"\" class=\"wp-image-1571\" srcset=\"https:\/\/www.hlas-pravoslavi.cz\/wp-content\/uploads\/2022\/11\/28.09-3.jpg 1024w, https:\/\/www.hlas-pravoslavi.cz\/wp-content\/uploads\/2022\/11\/28.09-3-300x200.jpg 300w, https:\/\/www.hlas-pravoslavi.cz\/wp-content\/uploads\/2022\/11\/28.09-3-768x512.jpg 768w\" sizes=\"auto, (max-width: 1024px) 100vw, 1024px\" \/><\/a><figcaption>28.09.2022<\/figcaption><\/figure>\n\n\n\n<figure class=\"wp-block-image size-large\"><a href=\"https:\/\/www.hlas-pravoslavi.cz\/wp-content\/uploads\/2022\/11\/29.09-1.jpg\" data-lbwps-width=\"1600\" data-lbwps-height=\"1200\" data-lbwps-srcsmall=\"http:\/\/www.hlas-pravoslavi.cz\/wp-content\/uploads\/2022\/11\/29.09-1-300x225.jpg\"><img loading=\"lazy\" decoding=\"async\" width=\"1024\" height=\"768\" data-id=\"1572\" src=\"https:\/\/www.hlas-pravoslavi.cz\/wp-content\/uploads\/2022\/11\/29.09-1-1024x768.jpg\" alt=\"\" class=\"wp-image-1572\" srcset=\"https:\/\/www.hlas-pravoslavi.cz\/wp-content\/uploads\/2022\/11\/29.09-1-1024x768.jpg 1024w, https:\/\/www.hlas-pravoslavi.cz\/wp-content\/uploads\/2022\/11\/29.09-1-300x225.jpg 300w, https:\/\/www.hlas-pravoslavi.cz\/wp-content\/uploads\/2022\/11\/29.09-1-768x576.jpg 768w, https:\/\/www.hlas-pravoslavi.cz\/wp-content\/uploads\/2022\/11\/29.09-1-1536x1152.jpg 1536w, https:\/\/www.hlas-pravoslavi.cz\/wp-content\/uploads\/2022\/11\/29.09-1.jpg 1600w\" sizes=\"auto, (max-width: 1024px) 100vw, 1024px\" \/><\/a><figcaption>29.09.2022<\/figcaption><\/figure>\n\n\n\n<figure class=\"wp-block-image size-large\"><a href=\"https:\/\/www.hlas-pravoslavi.cz\/wp-content\/uploads\/2022\/11\/29.09-2.jpg\" data-lbwps-width=\"1600\" data-lbwps-height=\"1200\" data-lbwps-srcsmall=\"http:\/\/www.hlas-pravoslavi.cz\/wp-content\/uploads\/2022\/11\/29.09-2-300x225.jpg\"><img loading=\"lazy\" decoding=\"async\" width=\"1024\" height=\"768\" data-id=\"1573\" src=\"https:\/\/www.hlas-pravoslavi.cz\/wp-content\/uploads\/2022\/11\/29.09-2-1024x768.jpg\" alt=\"\" class=\"wp-image-1573\" srcset=\"https:\/\/www.hlas-pravoslavi.cz\/wp-content\/uploads\/2022\/11\/29.09-2-1024x768.jpg 1024w, https:\/\/www.hlas-pravoslavi.cz\/wp-content\/uploads\/2022\/11\/29.09-2-300x225.jpg 300w, https:\/\/www.hlas-pravoslavi.cz\/wp-content\/uploads\/2022\/11\/29.09-2-768x576.jpg 768w, https:\/\/www.hlas-pravoslavi.cz\/wp-content\/uploads\/2022\/11\/29.09-2-1536x1152.jpg 1536w, https:\/\/www.hlas-pravoslavi.cz\/wp-content\/uploads\/2022\/11\/29.09-2.jpg 1600w\" sizes=\"auto, (max-width: 1024px) 100vw, 1024px\" \/><\/a><figcaption>29.09.2022<\/figcaption><\/figure>\n<\/figure>\n","protected":false},"excerpt":{"rendered":"<p>4. 9. 2022 Arcibiskup pra\u017esk\u00fd a \u010desk\u00fdch zem\u00ed slou\u017eil slavnostn\u00ed archijerejskou liturgii v katedr\u00e1le sv. Cyrila a Metod\u011bje v Praze 2 u p\u0159\u00edle\u017eitosti 80. v\u00fdro\u010d\u00ed&hellip;<\/p>\n","protected":false},"author":1,"featured_media":0,"comment_status":"closed","ping_status":"open","sticky":false,"template":"","format":"standard","meta":{"footnotes":""},"categories":[36],"tags":[66],"class_list":["post-1555","post","type-post","status-publish","format-standard","hentry","category-aktivity-arcibiskupa-michala","tag-2022-10"],"_links":{"self":[{"href":"https:\/\/www.hlas-pravoslavi.cz\/index.php\/wp-json\/wp\/v2\/posts\/1555","targetHints":{"allow":["GET"]}}],"collection":[{"href":"https:\/\/www.hlas-pravoslavi.cz\/index.php\/wp-json\/wp\/v2\/posts"}],"about":[{"href":"https:\/\/www.hlas-pravoslavi.cz\/index.php\/wp-json\/wp\/v2\/types\/post"}],"author":[{"embeddable":true,"href":"https:\/\/www.hlas-pravoslavi.cz\/index.php\/wp-json\/wp\/v2\/users\/1"}],"replies":[{"embeddable":true,"href":"https:\/\/www.hlas-pravoslavi.cz\/index.php\/wp-json\/wp\/v2\/comments?post=1555"}],"version-history":[{"count":2,"href":"https:\/\/www.hlas-pravoslavi.cz\/index.php\/wp-json\/wp\/v2\/posts\/1555\/revisions"}],"predecessor-version":[{"id":1575,"href":"https:\/\/www.hlas-pravoslavi.cz\/index.php\/wp-json\/wp\/v2\/posts\/1555\/revisions\/1575"}],"wp:attachment":[{"href":"https:\/\/www.hlas-pravoslavi.cz\/index.php\/wp-json\/wp\/v2\/media?parent=1555"}],"wp:term":[{"taxonomy":"category","embeddable":true,"href":"https:\/\/www.hlas-pravoslavi.cz\/index.php\/wp-json\/wp\/v2\/categories?post=1555"},{"taxonomy":"post_tag","embeddable":true,"href":"https:\/\/www.hlas-pravoslavi.cz\/index.php\/wp-json\/wp\/v2\/tags?post=1555"}],"curies":[{"name":"wp","href":"https:\/\/api.w.org\/{rel}","templated":true}]}}