{"id":1552,"date":"2022-11-01T17:34:33","date_gmt":"2022-11-01T16:34:33","guid":{"rendered":"https:\/\/www.hlas-pravoslavi.cz\/?p=1552"},"modified":"2022-11-01T17:34:34","modified_gmt":"2022-11-01T16:34:34","slug":"pravoslavna-cirkev-ve-finsku-uznala-krest-luteranu","status":"publish","type":"post","link":"https:\/\/www.hlas-pravoslavi.cz\/index.php\/2022\/11\/01\/pravoslavna-cirkev-ve-finsku-uznala-krest-luteranu\/","title":{"rendered":"Pravoslavn\u00e1 c\u00edrkev ve Finsku uznala k\u0159est luter\u00e1n\u016f"},"content":{"rendered":"\n<p>Hlava finsk\u00e9ho arcibiskupstv\u00ed Konstantinopolsk\u00e9ho patriarch\u00e1tu Leo (Makkonen) a hlava evangelick\u00e9 luter\u00e1nsk\u00e9 c\u00edrkve Finska Tapio Luoma podepsali spole\u010dnou deklaraci o vz\u00e1jemn\u00e9m uzn\u00e1v\u00e1n\u00ed k\u0159tu.<\/p>\n\n\n\n<p>Dokument, podle kter\u00e9ho pravoslavn\u00ed uzn\u00e1vaj\u00ed k\u0159est luter\u00e1n\u016f a luter\u00e1ni uzn\u00e1vaj\u00ed k\u0159est vykonan\u00fd v&nbsp;pravoslavn\u00e9 c\u00edrkvi, byl podeps\u00e1n v luter\u00e1nsk\u00e9m kostele ve m\u011bst\u011b Turku. Dokument byl vypracov\u00e1n b\u011bhem spole\u010dn\u00fdch \u201eteologick\u00fdch dialog\u016f\u201c, kter\u00e9 se konaly 20.\u201321. z\u00e1\u0159\u00ed.<\/p>\n\n\n\n<p>V situaci, kdy se \u010dlen finsk\u00e9 pravoslavn\u00e9 c\u00edrkve rozhodl st\u00e1t se luter\u00e1nem nebo naopak, nemus\u00ed b\u00fdt znovu pok\u0159t\u011bn, p\u00ed\u0161e se v dokumentu, proto\u017ee \u201ena\u0161e c\u00edrkve vz\u00e1jemn\u011b uzn\u00e1vaj\u00ed platnost k\u0159tu\u201c.<\/p>\n\n\n\n<p>\u201eNa\u0161e c\u00edrkve maj\u00ed spole\u010dn\u00e9 ko\u0159eny v nerozd\u011blen\u00e9m k\u0159es\u0165anstv\u00ed prvn\u00edho tis\u00edcilet\u00ed. Pot\u00e9 v\u00fdvoj u\u010den\u00ed pokra\u010doval odli\u0161n\u00fdmi zp\u016fsoby, a proto m\u00e1me r\u016fzn\u00e9 p\u0159edstavy o k\u0159tu a zp\u016fsobech jeho prov\u00e1d\u011bn\u00ed. Diskutovalo se o nich b\u011bhem teologick\u00fdch dialog\u016f a byly pops\u00e1ny ve zve\u0159ejn\u011bn\u00e9m komunik\u00e9,\u201c p\u00ed\u0161e se v prohl\u00e1\u0161en\u00ed.<\/p>\n\n\n\n<p>Arcibiskup Leo p\u0159i podpisu dokumentu vyj\u00e1d\u0159il nad\u011bji, \u017ee spole\u010dn\u00e9 prohl\u00e1\u0161en\u00ed pom\u016f\u017ee c\u00edrkv\u00edm \u201esn\u00e1ze vysv\u011btlit v\u00fdznam k\u0159tu v situaci, kdy po\u010det k\u0159t\u016f d\u011bt\u00ed kles\u00e1\u201c.<\/p>\n\n\n\n<p>Je\u0161t\u011b jedn\u00edm liber\u00e1ln\u00edm krokem finsk\u00e9 pravoslavn\u00e9 c\u00edrkve se stalo rozhodnut\u00ed o vn\u00e1\u0161en\u00ed nov\u011b pok\u0159t\u011bn\u00e9ho d\u00edt\u011bte do olt\u00e1\u0159e bez ohledu na pohlav\u00ed.<\/p>\n\n\n\n<p>\u017den\u00e1m je zak\u00e1z\u00e1no vstupovat do olt\u00e1\u0159e podle 44. pravidla Laodicejsk\u00e9ho sn\u011bmu. Ve v\u0161ech m\u00edstn\u00edch pravoslavn\u00fdch c\u00edrkv\u00edch nov\u011b pok\u0159t\u011bn\u00e9 mal\u00e9 d\u00edvky kn\u011bz pokl\u00e1d\u00e1 k ikon\u00e1m Spasitele a Matky Bo\u017e\u00ed um\u00edst\u011bn\u00fdm u kr\u00e1lovsk\u00e9 br\u00e1ny. Do olt\u00e1\u0159e se vn\u00e1\u0161ej\u00ed pouze chlapci.<\/p>\n\n\n\n<p>Dal\u0161\u00ed zm\u011bnou v&nbsp;liturgick\u00e9m \u017eivot\u011b finsk\u00e9 c\u00edrkve je povolen\u00ed pou\u017e\u00edvat pro eucharistii chl\u00e9b z&nbsp;bezlepkov\u00e9 mouky.<\/p>\n\n\n\n<p><a href=\"http:\/\/www.ort.fi\">www.ort.fi<\/a><\/p>\n","protected":false},"excerpt":{"rendered":"<p>Hlava finsk\u00e9ho arcibiskupstv\u00ed Konstantinopolsk\u00e9ho patriarch\u00e1tu Leo (Makkonen) a hlava evangelick\u00e9 luter\u00e1nsk\u00e9 c\u00edrkve Finska Tapio Luoma podepsali spole\u010dnou deklaraci o vz\u00e1jemn\u00e9m uzn\u00e1v\u00e1n\u00ed k\u0159tu. Dokument, podle kter\u00e9ho&hellip;<\/p>\n","protected":false},"author":1,"featured_media":1553,"comment_status":"closed","ping_status":"open","sticky":false,"template":"","format":"standard","meta":{"footnotes":""},"categories":[10],"tags":[66],"class_list":["post-1552","post","type-post","status-publish","format-standard","has-post-thumbnail","hentry","category-zpravy-ze-sveta","tag-2022-10","has-post-thumbnail-archive"],"_links":{"self":[{"href":"https:\/\/www.hlas-pravoslavi.cz\/index.php\/wp-json\/wp\/v2\/posts\/1552","targetHints":{"allow":["GET"]}}],"collection":[{"href":"https:\/\/www.hlas-pravoslavi.cz\/index.php\/wp-json\/wp\/v2\/posts"}],"about":[{"href":"https:\/\/www.hlas-pravoslavi.cz\/index.php\/wp-json\/wp\/v2\/types\/post"}],"author":[{"embeddable":true,"href":"https:\/\/www.hlas-pravoslavi.cz\/index.php\/wp-json\/wp\/v2\/users\/1"}],"replies":[{"embeddable":true,"href":"https:\/\/www.hlas-pravoslavi.cz\/index.php\/wp-json\/wp\/v2\/comments?post=1552"}],"version-history":[{"count":1,"href":"https:\/\/www.hlas-pravoslavi.cz\/index.php\/wp-json\/wp\/v2\/posts\/1552\/revisions"}],"predecessor-version":[{"id":1554,"href":"https:\/\/www.hlas-pravoslavi.cz\/index.php\/wp-json\/wp\/v2\/posts\/1552\/revisions\/1554"}],"wp:featuredmedia":[{"embeddable":true,"href":"https:\/\/www.hlas-pravoslavi.cz\/index.php\/wp-json\/wp\/v2\/media\/1553"}],"wp:attachment":[{"href":"https:\/\/www.hlas-pravoslavi.cz\/index.php\/wp-json\/wp\/v2\/media?parent=1552"}],"wp:term":[{"taxonomy":"category","embeddable":true,"href":"https:\/\/www.hlas-pravoslavi.cz\/index.php\/wp-json\/wp\/v2\/categories?post=1552"},{"taxonomy":"post_tag","embeddable":true,"href":"https:\/\/www.hlas-pravoslavi.cz\/index.php\/wp-json\/wp\/v2\/tags?post=1552"}],"curies":[{"name":"wp","href":"https:\/\/api.w.org\/{rel}","templated":true}]}}