{"id":1549,"date":"2022-10-01T17:33:15","date_gmt":"2022-10-01T16:33:15","guid":{"rendered":"https:\/\/www.hlas-pravoslavi.cz\/?p=1549"},"modified":"2022-11-01T17:33:25","modified_gmt":"2022-11-01T16:33:25","slug":"rimskokatolicky-kardinal-se-priznal-ze-v-amazonii-zeny-prijimaji-zpovedi-a-slouzi-msi","status":"publish","type":"post","link":"https:\/\/www.hlas-pravoslavi.cz\/index.php\/2022\/10\/01\/rimskokatolicky-kardinal-se-priznal-ze-v-amazonii-zeny-prijimaji-zpovedi-a-slouzi-msi\/","title":{"rendered":"\u0158\u00edmskokatolick\u00fd kardin\u00e1l se p\u0159iznal, \u017ee v Amazonii \u017eeny p\u0159ij\u00edmaj\u00ed zpov\u011bdi a slou\u017e\u00ed m\u0161i"},"content":{"rendered":"\n<p>\u0158\u00edmskokatolick\u00fd kardin\u00e1l Pedro Barreto Jimeno, arcibiskup z Huancayo ve st\u0159edn\u00edch And\u00e1ch v Peru, \u0159ekl, \u017ee v Amazonii v\u011b\u0159\u00edc\u00ed \u017eeny slou\u017e\u00ed m\u0161e a p\u0159ij\u00edmaj\u00ed zpov\u011bdi, ale zat\u00edm ned\u00e1vaj\u00ed rozh\u0159e\u0161en\u00ed.<\/p>\n\n\n\n<p>Podle kardin\u00e1la se \u201eC\u00edrkev od sam\u00e9ho po\u010d\u00e1tku sna\u017eila v\u0161t\u00edpit evangelium v\u0161emi mo\u017en\u00fdmi zp\u016fsoby a pape\u017e Franti\u0161ek jasn\u011b potvrdil, \u017ee se to tak mus\u00ed d\u011blat.\u201c<\/p>\n\n\n\n<p>Hierarcha v\u011b\u0159\u00ed, \u017ee c\u00edrkev mus\u00ed kr\u00e1\u010det cestou inkulturace a vyu\u017e\u00edvat ve\u0161ker\u00e9 m\u00edstn\u00ed tradice a ob\u0159ady pro \u0161\u00ed\u0159en\u00ed evangelia n\u00e1rod\u016fm Amazonie.<\/p>\n\n\n\n<p>\u010clenov\u00e9 katolick\u00e9 \u201ekonference Amazonie\u201c, jej\u00ed\u017e hlavou je kardin\u00e1l Pedro Barreto Jimeno, \u201ejednaj\u00ed tak\u00e9 o slou\u017een\u00ed \u017een a o tom slou\u017een\u00ed, kter\u00e9 \u017eeny v Amazonii ji\u017e vykon\u00e1vaj\u00ed\u201c.<\/p>\n\n\n\n<p>Podle n\u011bj nejen \u201ev Amazonii, ale i mimo region v\u011b\u0159\u00edc\u00ed \u017eeny konaj\u00ed k\u0159ty, svatby, m\u0161e a n\u011bkter\u00e9 dokonce p\u0159ij\u00edmaj\u00ed zpov\u011bdi lid\u00ed, kte\u0159\u00ed jim sv\u011b\u0159uj\u00ed sv\u00e9 osobn\u00ed probl\u00e9my. Ov\u0161em zat\u00edm \u017eeny nemohou d\u00e1t rozh\u0159e\u0161en\u00ed\u201c.<\/p>\n\n\n\n<p><a href=\"http:\/\/www.americamagazine.org\">www.americamagazine.org<\/a><\/p>\n","protected":false},"excerpt":{"rendered":"<p>\u0158\u00edmskokatolick\u00fd kardin\u00e1l Pedro Barreto Jimeno, arcibiskup z Huancayo ve st\u0159edn\u00edch And\u00e1ch v Peru, \u0159ekl, \u017ee v Amazonii v\u011b\u0159\u00edc\u00ed \u017eeny slou\u017e\u00ed m\u0161e a p\u0159ij\u00edmaj\u00ed zpov\u011bdi, ale&hellip;<\/p>\n","protected":false},"author":1,"featured_media":1550,"comment_status":"closed","ping_status":"open","sticky":false,"template":"","format":"standard","meta":{"footnotes":""},"categories":[10],"tags":[66],"class_list":["post-1549","post","type-post","status-publish","format-standard","has-post-thumbnail","hentry","category-zpravy-ze-sveta","tag-2022-10","has-post-thumbnail-archive"],"_links":{"self":[{"href":"https:\/\/www.hlas-pravoslavi.cz\/index.php\/wp-json\/wp\/v2\/posts\/1549","targetHints":{"allow":["GET"]}}],"collection":[{"href":"https:\/\/www.hlas-pravoslavi.cz\/index.php\/wp-json\/wp\/v2\/posts"}],"about":[{"href":"https:\/\/www.hlas-pravoslavi.cz\/index.php\/wp-json\/wp\/v2\/types\/post"}],"author":[{"embeddable":true,"href":"https:\/\/www.hlas-pravoslavi.cz\/index.php\/wp-json\/wp\/v2\/users\/1"}],"replies":[{"embeddable":true,"href":"https:\/\/www.hlas-pravoslavi.cz\/index.php\/wp-json\/wp\/v2\/comments?post=1549"}],"version-history":[{"count":1,"href":"https:\/\/www.hlas-pravoslavi.cz\/index.php\/wp-json\/wp\/v2\/posts\/1549\/revisions"}],"predecessor-version":[{"id":1551,"href":"https:\/\/www.hlas-pravoslavi.cz\/index.php\/wp-json\/wp\/v2\/posts\/1549\/revisions\/1551"}],"wp:featuredmedia":[{"embeddable":true,"href":"https:\/\/www.hlas-pravoslavi.cz\/index.php\/wp-json\/wp\/v2\/media\/1550"}],"wp:attachment":[{"href":"https:\/\/www.hlas-pravoslavi.cz\/index.php\/wp-json\/wp\/v2\/media?parent=1549"}],"wp:term":[{"taxonomy":"category","embeddable":true,"href":"https:\/\/www.hlas-pravoslavi.cz\/index.php\/wp-json\/wp\/v2\/categories?post=1549"},{"taxonomy":"post_tag","embeddable":true,"href":"https:\/\/www.hlas-pravoslavi.cz\/index.php\/wp-json\/wp\/v2\/tags?post=1549"}],"curies":[{"name":"wp","href":"https:\/\/api.w.org\/{rel}","templated":true}]}}