{"id":1544,"date":"2022-10-01T17:30:40","date_gmt":"2022-10-01T16:30:40","guid":{"rendered":"https:\/\/www.hlas-pravoslavi.cz\/?p=1544"},"modified":"2022-11-01T17:30:50","modified_gmt":"2022-11-01T16:30:50","slug":"v-izraeli-byl-nalezen-zensky-monastyr-na-miste-predpokladaneho-hrobu-prorokyne-anny","status":"publish","type":"post","link":"https:\/\/www.hlas-pravoslavi.cz\/index.php\/2022\/10\/01\/v-izraeli-byl-nalezen-zensky-monastyr-na-miste-predpokladaneho-hrobu-prorokyne-anny\/","title":{"rendered":"V\u00a0Izraeli byl nalezen \u017eensk\u00fd monast\u00fdr na m\u00edst\u011b p\u0159edpokl\u00e1dan\u00e9ho hrobu prorokyn\u011b Anny"},"content":{"rendered":"\n<p>1500 let star\u00fd \u017eensk\u00fd monast\u00fdr z byzantsk\u00e9 doby byl n\u00e1hodn\u011b objeven ji\u017e podruh\u00e9 b\u011bhem vojensk\u00e9ho cvi\u010den\u00ed v Izraeli.<\/p>\n\n\n\n<p>Trosky monast\u00fdru se nach\u00e1z\u00ed ve st\u0159edn\u00edm Izraeli a jsou zn\u00e1m\u00e9 jako Horbat Hani nebo Buri El Hanaya. Poprv\u00e9 byly objeveny je\u0161t\u011b v roce 2002 p\u0159i stavb\u011b silnice.<\/p>\n\n\n\n<p>B\u011bhem vykop\u00e1vek byl nalezen chr\u00e1m s kr\u00e1sn\u00fdmi pestrobarevn\u00fdmi mozaikami, zasv\u011bcovac\u00ed n\u00e1pisy zmi\u0148uj\u00edc\u00ed abaty\u0161i, v\u011b\u017e, monast\u00fdrsk\u00e9 cely, kuchyn\u011b, j\u00eddelna, hotel pro poutn\u00edky, zbytky v\u00edna a olivov\u00e9ho oleje, kter\u00e9 se tady pravd\u011bpodobn\u011b vyr\u00e1b\u011bly. Byl tak\u00e9 objeven podzemn\u00ed komplex, kter\u00fd slou\u017eil k poh\u0159b\u00edv\u00e1n\u00ed \u017een a d\u011bt\u00ed.<\/p>\n\n\n\n<p>V\u011bdci se domn\u00edvaj\u00ed, \u017ee monast\u00fdr byl zasv\u011bcen svat\u00e9 Ann\u011b (+ cca 1100 p\u0159. n. l.), matce proroka Samuela. N\u011bkte\u0159\u00ed archeologov\u00e9 dokonce p\u0159edpokl\u00e1daj\u00ed, \u017ee monast\u00fdr se nach\u00e1zel na m\u00edst\u011b, kde byla svat\u00e1 Anna poh\u0159bena.<\/p>\n\n\n\n<p>V roce 2002 bylo rozhodnuto o konzervaci trosek z&nbsp;d\u016fvodu jejich z\u00e1chrany. Ale v roce 2019 v d\u016fsledku v\u00fdbuchu b\u011bhem vojensk\u00e9ho cvi\u010den\u00ed svatyn\u011b byla objevena znovu.<\/p>\n\n\n\n<p>\u201eTak vznikla iniciativa zapojit do nov\u00fdch vykop\u00e1vek arm\u00e1du, sezn\u00e1mit voj\u00e1ky s histori\u00ed a d\u011bdictv\u00edm Izraele a vytvo\u0159it cel\u00fd spole\u010densk\u00fd projekt,\u201c vysv\u011btluje \u0159editel vykop\u00e1vek Issy Kornfeld z Izraelsk\u00e9ho pam\u00e1tkov\u00e9ho \u00fa\u0159adu.<\/p>\n\n\n\n<p>Monast\u00fdr pravd\u011bpodobn\u011b z\u016fstal obydlen i po dobyt\u00ed t\u011bchto zem\u00ed muslimy, ale postupn\u011b ch\u00e1tral.<\/p>\n\n\n\n<p>\u201eMo\u017en\u00e1 se sn\u00ed\u017eila popt\u00e1vka po jejich v\u00edn\u011b a p\u0159estali je nav\u0161t\u011bvovat poutn\u00edci. Snad kv\u016fli tomu byl monast\u00fdr koncem 8. stolet\u00ed opu\u0161t\u011bn. Nicm\u00e9n\u011b obyvatel\u00e9 m\u00edstn\u00edch muslimsk\u00fdch vesnic na tomto m\u00edst\u011b nad\u00e1le poh\u0159b\u00edvali \u017eeny v souladu s prastarou posv\u00e1tnou tradic\u00ed,\u201c \u0159\u00edk\u00e1 Kornfeld.<\/p>\n\n\n\n<p>Mezit\u00edm v\u011bdci museli v\u011bt\u0161inu mozaik op\u011bt zakonzervovat, aby je zachovali pro budouc\u00ed generace.<\/p>\n\n\n\n<p>Do budoucna se po\u010d\u00edt\u00e1 se zp\u0159\u00edstupn\u011bn\u00edm trosek starobyl\u00e9ho monast\u00fdru \u0161irok\u00e9 ve\u0159ejnosti.<\/p>\n\n\n\n<p><a href=\"http:\/\/www.orthochristian.com\">www.orthochristian.com<\/a><\/p>\n\n\n\n<figure class=\"wp-block-gallery has-nested-images columns-default is-cropped wp-block-gallery-1 is-layout-flex wp-block-gallery-is-layout-flex\">\n<figure class=\"wp-block-image size-large\"><a href=\"https:\/\/www.hlas-pravoslavi.cz\/wp-content\/uploads\/2022\/11\/1500-let-stary-monastyr.jpg\" data-lbwps-width=\"1024\" data-lbwps-height=\"576\" data-lbwps-srcsmall=\"http:\/\/www.hlas-pravoslavi.cz\/wp-content\/uploads\/2022\/11\/1500-let-stary-monastyr-300x169.jpg\"><img loading=\"lazy\" decoding=\"async\" width=\"1024\" height=\"576\" data-id=\"1545\" src=\"https:\/\/www.hlas-pravoslavi.cz\/wp-content\/uploads\/2022\/11\/1500-let-stary-monastyr.jpg\" alt=\"\" class=\"wp-image-1545\" srcset=\"https:\/\/www.hlas-pravoslavi.cz\/wp-content\/uploads\/2022\/11\/1500-let-stary-monastyr.jpg 1024w, https:\/\/www.hlas-pravoslavi.cz\/wp-content\/uploads\/2022\/11\/1500-let-stary-monastyr-300x169.jpg 300w, https:\/\/www.hlas-pravoslavi.cz\/wp-content\/uploads\/2022\/11\/1500-let-stary-monastyr-768x432.jpg 768w\" sizes=\"auto, (max-width: 1024px) 100vw, 1024px\" \/><\/a><\/figure>\n\n\n\n<figure class=\"wp-block-image size-large\"><a href=\"https:\/\/www.hlas-pravoslavi.cz\/wp-content\/uploads\/2022\/11\/1500-let-stary-monastyr2.jpg\" data-lbwps-width=\"1024\" data-lbwps-height=\"576\" data-lbwps-srcsmall=\"http:\/\/www.hlas-pravoslavi.cz\/wp-content\/uploads\/2022\/11\/1500-let-stary-monastyr2-300x169.jpg\"><img loading=\"lazy\" decoding=\"async\" width=\"1024\" height=\"576\" data-id=\"1546\" src=\"https:\/\/www.hlas-pravoslavi.cz\/wp-content\/uploads\/2022\/11\/1500-let-stary-monastyr2.jpg\" alt=\"\" class=\"wp-image-1546\" srcset=\"https:\/\/www.hlas-pravoslavi.cz\/wp-content\/uploads\/2022\/11\/1500-let-stary-monastyr2.jpg 1024w, https:\/\/www.hlas-pravoslavi.cz\/wp-content\/uploads\/2022\/11\/1500-let-stary-monastyr2-300x169.jpg 300w, https:\/\/www.hlas-pravoslavi.cz\/wp-content\/uploads\/2022\/11\/1500-let-stary-monastyr2-768x432.jpg 768w\" sizes=\"auto, (max-width: 1024px) 100vw, 1024px\" \/><\/a><\/figure>\n\n\n\n<figure class=\"wp-block-image size-large\"><a href=\"https:\/\/www.hlas-pravoslavi.cz\/wp-content\/uploads\/2022\/11\/1500-let-stary-monastyr3.jpg\" data-lbwps-width=\"1024\" data-lbwps-height=\"768\" data-lbwps-srcsmall=\"http:\/\/www.hlas-pravoslavi.cz\/wp-content\/uploads\/2022\/11\/1500-let-stary-monastyr3-300x225.jpg\"><img loading=\"lazy\" decoding=\"async\" width=\"1024\" height=\"768\" data-id=\"1547\" src=\"https:\/\/www.hlas-pravoslavi.cz\/wp-content\/uploads\/2022\/11\/1500-let-stary-monastyr3.jpg\" alt=\"\" class=\"wp-image-1547\" srcset=\"https:\/\/www.hlas-pravoslavi.cz\/wp-content\/uploads\/2022\/11\/1500-let-stary-monastyr3.jpg 1024w, https:\/\/www.hlas-pravoslavi.cz\/wp-content\/uploads\/2022\/11\/1500-let-stary-monastyr3-300x225.jpg 300w, https:\/\/www.hlas-pravoslavi.cz\/wp-content\/uploads\/2022\/11\/1500-let-stary-monastyr3-768x576.jpg 768w\" sizes=\"auto, (max-width: 1024px) 100vw, 1024px\" \/><\/a><\/figure>\n<\/figure>\n","protected":false},"excerpt":{"rendered":"<p>1500 let star\u00fd \u017eensk\u00fd monast\u00fdr z byzantsk\u00e9 doby byl n\u00e1hodn\u011b objeven ji\u017e podruh\u00e9 b\u011bhem vojensk\u00e9ho cvi\u010den\u00ed v Izraeli. Trosky monast\u00fdru se nach\u00e1z\u00ed ve st\u0159edn\u00edm Izraeli&hellip;<\/p>\n","protected":false},"author":1,"featured_media":0,"comment_status":"closed","ping_status":"open","sticky":false,"template":"","format":"standard","meta":{"footnotes":""},"categories":[10],"tags":[66],"class_list":["post-1544","post","type-post","status-publish","format-standard","hentry","category-zpravy-ze-sveta","tag-2022-10"],"_links":{"self":[{"href":"https:\/\/www.hlas-pravoslavi.cz\/index.php\/wp-json\/wp\/v2\/posts\/1544","targetHints":{"allow":["GET"]}}],"collection":[{"href":"https:\/\/www.hlas-pravoslavi.cz\/index.php\/wp-json\/wp\/v2\/posts"}],"about":[{"href":"https:\/\/www.hlas-pravoslavi.cz\/index.php\/wp-json\/wp\/v2\/types\/post"}],"author":[{"embeddable":true,"href":"https:\/\/www.hlas-pravoslavi.cz\/index.php\/wp-json\/wp\/v2\/users\/1"}],"replies":[{"embeddable":true,"href":"https:\/\/www.hlas-pravoslavi.cz\/index.php\/wp-json\/wp\/v2\/comments?post=1544"}],"version-history":[{"count":1,"href":"https:\/\/www.hlas-pravoslavi.cz\/index.php\/wp-json\/wp\/v2\/posts\/1544\/revisions"}],"predecessor-version":[{"id":1548,"href":"https:\/\/www.hlas-pravoslavi.cz\/index.php\/wp-json\/wp\/v2\/posts\/1544\/revisions\/1548"}],"wp:attachment":[{"href":"https:\/\/www.hlas-pravoslavi.cz\/index.php\/wp-json\/wp\/v2\/media?parent=1544"}],"wp:term":[{"taxonomy":"category","embeddable":true,"href":"https:\/\/www.hlas-pravoslavi.cz\/index.php\/wp-json\/wp\/v2\/categories?post=1544"},{"taxonomy":"post_tag","embeddable":true,"href":"https:\/\/www.hlas-pravoslavi.cz\/index.php\/wp-json\/wp\/v2\/tags?post=1544"}],"curies":[{"name":"wp","href":"https:\/\/api.w.org\/{rel}","templated":true}]}}